{"id":484,"date":"2025-02-05T05:26:50","date_gmt":"2025-02-05T04:26:50","guid":{"rendered":"https:\/\/nelsonrazo.com\/nutricion\/?p=484"},"modified":"2025-02-05T05:26:52","modified_gmt":"2025-02-05T04:26:52","slug":"el-cancer-depende-del-metabolismo","status":"publish","type":"post","link":"https:\/\/nelsonrazo.com\/nutricion\/2025\/02\/05\/el-cancer-depende-del-metabolismo\/","title":{"rendered":"El c\u00e1ncer depende del metabolismo"},"content":{"rendered":"\n<p>Imag\u00ednate que nuestros cuerpos funcionen perfectamente, como una m\u00e1quina muy bien afinada. El c\u00e1ncer, una de las enfermedades m\u00e1s mortales, parece ser un mal funcionamiento inherente de esta maquinaria, que puede o no manifestarse. Y, desde el punto de vista de la biolog\u00eda evolutiva, la raz\u00f3n detr\u00e1s de esta temida enfermedad no es tan inesperada como a veces podemos imaginar.<\/p>\n\n\n\n<p>Y es que, como lo revela el profesor Thomas Seyfried, autor de <em>\u00abC\u00e1ncer as a Metabolic Disease\u00bb<\/em>, el c\u00e1ncer no es solo una enfermedad gen\u00e9tica, sino m\u00e1s bien <a href=\"https:\/\/cuidatehoy.com\/cancer-genetico-o-metabolico\/\">un trastorno metab\u00f3lico<\/a> que ha evolucionado con el tiempo como respuesta a las presiones ambientales. Esta perspectiva cambia fundamentalmente nuestra comprensi\u00f3n del c\u00e1ncer y el entendimiento de por qu\u00e9 se est\u00e1 volviendo cada vez m\u00e1s frecuente en todo el mundo.<\/p>\n\n\n\n<h3 class=\"wp-block-heading\">Los or\u00edgenes metab\u00f3licos del c\u00e1ncer<\/h3>\n\n\n\n<p>Las c\u00e9lulas cancerosas explotan las v\u00edas metab\u00f3licas del cuerpo para la producci\u00f3n de energ\u00eda espec\u00edficamente a trav\u00e9s de la gluc\u00f3lisis. Sin entrar en detalles t\u00e9cnicos, este proceso no es exclusivo de las c\u00e9lulas cancerosas; las c\u00e9lulas normales tambi\u00e9n utilizan la gluc\u00f3lisis, pero a una tasa mucho menor. Sin embargo, en las c\u00e9lulas cancer\u00edgenas, la gluc\u00f3lisis (<a href=\"https:\/\/cuidatehoy.com\/el-cancer-y-el-azucar\/\">la fermentaci\u00f3n de glucosa<\/a>) se convierte en la fuente principal de energ\u00eda, inclusive sin necesidad de ox\u00edgeno.<\/p>\n\n\n\n<p>Pero, \u00bfpor qu\u00e9 ser\u00eda esto beneficioso para el c\u00e1ncer? Resulta que una ventaja evolutiva de las c\u00e9lulas reside en la explotaci\u00f3n de los recursos metab\u00f3licos del cuerpo. Durante \u00e9pocas de hambruna o estr\u00e9s, las c\u00e9lulas que pueden sobrevivir con fuentes de energ\u00eda de baja calidad, como <a href=\"https:\/\/nelsonrazo.com\/nutricion\/2024\/02\/03\/mas-que-glucosa-y-colesterol-en-tus-analisis-de-sangre\/\">la glucosa<\/a>, tienen una ventaja selectiva sobre las que requieren un metabolismo m\u00e1s eficiente basado en el ox\u00edgeno.<\/p>\n\n\n\n<p>Y esto es precisamente lo que hacen las c\u00e9lulas cancer\u00edgenas: aprovechar una ventaja evolutiva del pasado de los seres vivos en la Tierra, generar energ\u00eda sin necesidad de ox\u00edgeno para reproducirse m\u00e1s r\u00e1pido.<\/p>\n\n\n\n<h3 class=\"wp-block-heading\">El auge moderno del c\u00e1ncer<\/h3>\n\n\n\n<p>Si nos adelantamos hasta hoy, vemos un mundo en el que las presiones ambientales son muy diferentes a las de nuestros antepasados. Estamos constantemente expuestos a toxinas, contaminantes y una dieta alta en calor\u00edas que alimenta el crecimiento de las c\u00e9lulas cancerosas, aportando menos nutrici\u00f3n de calidad. La compensaci\u00f3n evolutiva se hace evidente: en un mundo con abundante comida pero escasos recursos valiosos (como vitaminas y minerales), las c\u00e9lulas cancer\u00edgenas pueden prosperar m\u00e1s f\u00e1cilmente.<\/p>\n\n\n\n<p>En este sentido, el profesor Seyfried se\u00f1ala que este cambio metab\u00f3lico hacia la gluc\u00f3lisis no es exclusivo de los humanos. Muchos organismos han desarrollado estrategias similares para optimizar la producci\u00f3n de energ\u00eda en condiciones de estr\u00e9s. Sin embargo, nuestro estilo de vida moderno, caracterizado por una alta ingesta de az\u00facares y la exposici\u00f3n a toxinas y alimentos pro-inflamatorios, ha creado un entorno en el que las c\u00e9lulas cancer\u00edgenas pueden desarrollarse y proliferar sin control.<\/p>\n\n\n\n<h3 class=\"wp-block-heading\">Implicaciones para el tratamiento del c\u00e1ncer<\/h3>\n\n\n\n<p>\u00bfPor qu\u00e9 todo lo anterior es tan importante? Porque entender el c\u00e1ncer como una enfermedad metab\u00f3lica tiene profundas implicaciones para el tratamiento. En lugar de centrarnos \u00fanicamente en matar las c\u00e9lulas cancerosas, ser\u00eda mucho m\u00e1s efectivo intentar alterar sus v\u00edas metab\u00f3licas. Este enfoque podr\u00eda implicar reducir la ingesta del combustible de las c\u00e9lulas cancer\u00edgenas (glucosa), atacar las enzimas implicadas en la gluc\u00f3lisis o inhibir la capacidad de la c\u00e9lula para reciclar la glucosa.<\/p>\n\n\n\n<p>Y como lo sostiene el profesor Seyfried, este cambio de enfoque se debi\u00f3 haber producido hace mucho tiempo. \u00abEl tratamiento del c\u00e1ncer ha quedado estancado en el pasado durante d\u00e9cadas, y es hora de repensar nuestro enfoque bas\u00e1ndonos en la ciencia moderna\u00bb, asegura el docente e investigador del Boston College.<\/p>\n\n\n\n<p>Al adoptar la biolog\u00eda evolutiva del c\u00e1ncer, podemos descubrir <a href=\"https:\/\/nelsonrazo.com\/nutricion\/2024\/12\/19\/mitos-sobre-dieta-keto-terapia-nutricional\/\">nuevas estrategia<\/a>s para prevenir y tratar esta lamentablemente cada vez m\u00e1s com\u00fan enfermedad.<\/p>\n\n\n\n<h3 class=\"wp-block-heading\">Conclusi\u00f3n<\/h3>\n\n\n\n<p>El aumento del c\u00e1ncer en todo el mundo puede atribuirse a nuestro contexto evolutivo \u00fanico moderno. Como humanos, nos hemos adaptado a una dieta rica en glucosa y <a href=\"https:\/\/nelsonrazo.com\/nutricion\/2024\/08\/17\/los-peligros-ocultos-de-los-alimentos-ultraprocesados\/\">alimentos inflamatorios<\/a>, creando un entorno en el que las c\u00e9lulas cancerosas pueden prosperar. Sin embargo, al reconocer los or\u00edgenes metab\u00f3licos del c\u00e1ncer, podemos abrir nuevas v\u00edas para la prevenci\u00f3n y el tratamiento.<\/p>\n\n\n\n<p>Como dice tan elocuentemente el Dr. Seyfried, \u00abLa clave para tratar el c\u00e1ncer de manera eficaz es comprender su biolog\u00eda subyacente, que es fundamentalmente diferente de nuestra comprensi\u00f3n actual de esta enfermedad\u00bb.<\/p>\n\n\n\n<p>Al adoptar la perspectiva evolutiva sobre el c\u00e1ncer, damos un paso importante hacia una lucha m\u00e1s eficaz contra esta enfermedad en muchos casos mortal. Recuerda que<a href=\"https:\/\/nelsonrazo.com\/nutricion\/agenda-tu-consulta\/\"> la prevenci\u00f3n<\/a> es mucho m\u00e1s efectiva y barata que el tratamiento de cualquier enfermedad. Incluyendo el c\u00e1ncer.<\/p>\n\n\n\n<p>Si deseas saber m\u00e1s, aqu\u00ed un video de Cu\u00eddate Hoy en el cual explico m\u00e1s a fondo el nuevo paradigma del tratamiento del c\u00e1ncer:<\/p>\n\n\n\n<figure class=\"wp-block-embed is-type-video is-provider-youtube wp-block-embed-youtube wp-embed-aspect-16-9 wp-has-aspect-ratio\"><div class=\"wp-block-embed__wrapper\">\n<iframe loading=\"lazy\" title=\"C\u00e1ncer: \u00bfgen\u00e9tico o metab\u00f3lico?\" width=\"500\" height=\"281\" src=\"https:\/\/www.youtube.com\/embed\/NF8tIMzPZy0?feature=oembed\" frameborder=\"0\" allow=\"accelerometer; autoplay; clipboard-write; encrypted-media; gyroscope; picture-in-picture; web-share\" referrerpolicy=\"strict-origin-when-cross-origin\" allowfullscreen><\/iframe>\n<\/div><\/figure>\n\n\n\n<details class=\"wp-block-details is-layout-flow wp-block-details-is-layout-flow\"><summary>Referencias<\/summary>\n<p class=\"has-small-font-size\">Duraj, T., et al. (2024). Clinical research framework proposal for ketogenic metabolic therapy in glioblastoma. <em>BMC medicine<\/em>, <em>22<\/em>(1), 1-49. <a href=\"https:\/\/doi.org\/10.1186\/s12916-024-03775-4\">https:\/\/doi.org\/10.1186\/s12916-024-03775-4<\/a><\/p>\n\n\n\n<p class=\"has-small-font-size\">Fung, J. (2018). <em>The cancer code: A revolutionary new understanding of cancer<\/em>. HarperCollins.<\/p>\n\n\n\n<p class=\"has-small-font-size\">Gyamfi, J., et al. (2022). Cancer as a metabolic disorder. <em>International journal of molecular sciences<\/em>, <em>23<\/em>(3), 1155. <a href=\"https:\/\/doi.org\/10.3390\/ijms23031155\">https:\/\/doi.org\/10.3390\/ijms23031155<\/a><\/p>\n\n\n\n<p class=\"has-small-font-size\">Lam, T. K., et al. (2024). Metabolic Dysregulation and Cancer Risk Program (MeDOC): a transdisciplinary approach to obesity-associated cancers. <em>JNCI: Journal of the National Cancer Institute<\/em>, <em>116<\/em>(10), 1555-1561. <a href=\"https:\/\/doi.org\/10.1093\/jnci\/djae134\">https:\/\/doi.org\/10.1093\/jnci\/djae134<\/a><\/p>\n\n\n\n<p class=\"has-small-font-size\">Ozsvari, B., &amp; Jacobo-Herrera, N. (2024). Reviews in cancer metabolism: 2023. <em>Frontiers in Oncology<\/em>, <em>14<\/em>, 1478011. <a href=\"https:\/\/doi.org\/10.3389\/fonc.2024.1478011\">https:\/\/doi.org\/10.3389\/fonc.2024.1478011<\/a><\/p>\n\n\n\n<p class=\"has-small-font-size\">Seyfried, T. N. (2012). Cancer as a metabolic disease: On the origin, management, and prevention of cancer. John Wiley &amp; Sons.<\/p>\n\n\n\n<p class=\"has-small-font-size\">Seyfried, T. N., et al. (2014). Cancer as a metabolic disease: implications for novel therapeutics. <em>Carcinogenesis<\/em>, <em>35<\/em>(3), 515-527. <a href=\"https:\/\/doi.org\/10.1093\/carcin\/bgt480\">https:\/\/doi.org\/10.1093\/carcin\/bgt480<\/a><\/p>\n\n\n\n<p class=\"has-small-font-size\">Tufail, M., et al. (2024). Altered metabolism in cancer: Insights into energy pathways and therapeutic targets. <em>Molecular Cancer<\/em>, <em>23<\/em>(1), 203. <a href=\"https:\/\/doi.org\/10.1186\/s12943-024-02119-3\">https:\/\/doi.org\/10.1186\/s12943-024-02119-3<\/a><\/p>\n<\/details>\n\n\n\n<p class=\"has-small-font-size\"><strong>Descargo de responsabilidad:\u00a0<\/strong>esta publicaci\u00f3n tiene fines informativos \u00fanicamente y no debe interpretarse como consejo m\u00e9dico o nutricional personalizado. Consulta siempre a un profesional de la salud antes de realizar cualquier cambio en tu r\u00e9gimen de medicaci\u00f3n o alimentaci\u00f3n.<\/p>\n\n\n\n<p><\/p>\n","protected":false},"excerpt":{"rendered":"<p>La biolog\u00eda evolutiva revela que el c\u00e1ncer es una enfermedad metab\u00f3lica, la raz\u00f3n del aumento en su incidencia en todo el mundo y c\u00f3mo esta nueva perspectiva puede conducir a tratamientos m\u00e1s efectivos. <\/p>\n","protected":false},"author":1,"featured_media":486,"comment_status":"open","ping_status":"open","sticky":false,"template":"","format":"standard","meta":{"_themeisle_gutenberg_block_has_review":false,"_jetpack_memberships_contains_paid_content":false,"footnotes":""},"categories":[7,6],"tags":[93,35,14,11,10],"class_list":["post-484","post","type-post","status-publish","format-standard","has-post-thumbnail","hentry","category-enfermedades-cronicas","category-salud-metabolica","tag-cancer","tag-dieta","tag-enfermedades-cronicas","tag-metabolismo","tag-salud-metabolica"],"yoast_head":"<!-- This site is optimized with the Yoast SEO plugin v27.5 - https:\/\/yoast.com\/product\/yoast-seo-wordpress\/ -->\n<title>El c\u00e1ncer depende del metabolismo - Nelson Razo | Nutri\u00f3logo<\/title>\n<meta name=\"description\" content=\"El c\u00e1ncer es una enfermedad metab\u00f3lica m\u00e1s que gen\u00e9tica, y esta nueva perspectiva est\u00e1 conduciendo a tratamientos m\u00e1s efectivos.\" \/>\n<meta name=\"robots\" content=\"index, follow, max-snippet:-1, max-image-preview:large, max-video-preview:-1\" \/>\n<link rel=\"canonical\" href=\"https:\/\/nelsonrazo.com\/nutricion\/2025\/02\/05\/el-cancer-depende-del-metabolismo\/\" \/>\n<meta property=\"og:locale\" content=\"es_ES\" \/>\n<meta property=\"og:type\" content=\"article\" \/>\n<meta property=\"og:title\" content=\"El c\u00e1ncer depende del metabolismo - Nelson Razo | Nutri\u00f3logo\" \/>\n<meta property=\"og:description\" content=\"El c\u00e1ncer es una enfermedad metab\u00f3lica m\u00e1s que gen\u00e9tica, y esta nueva perspectiva est\u00e1 conduciendo a tratamientos m\u00e1s efectivos.\" \/>\n<meta property=\"og:url\" content=\"https:\/\/nelsonrazo.com\/nutricion\/2025\/02\/05\/el-cancer-depende-del-metabolismo\/\" \/>\n<meta property=\"og:site_name\" content=\"Nelson Razo | Nutri\u00f3logo\" \/>\n<meta property=\"article:publisher\" content=\"https:\/\/www.facebook.com\/nelson.razo\" \/>\n<meta property=\"article:published_time\" content=\"2025-02-05T04:26:50+00:00\" \/>\n<meta property=\"article:modified_time\" content=\"2025-02-05T04:26:52+00:00\" \/>\n<meta property=\"og:image\" content=\"https:\/\/nelsonrazo.com\/nutricion\/wp-content\/uploads\/sites\/2\/2025\/02\/cancer_metabolico.jpg\" \/>\n\t<meta property=\"og:image:width\" content=\"920\" \/>\n\t<meta property=\"og:image:height\" content=\"500\" \/>\n\t<meta property=\"og:image:type\" content=\"image\/jpeg\" \/>\n<meta name=\"author\" content=\"Nelson Razo\" \/>\n<meta name=\"twitter:card\" content=\"summary_large_image\" \/>\n<meta name=\"twitter:site\" content=\"@nelsonrazoa\" \/>\n<meta name=\"twitter:label1\" content=\"Escrito por\" \/>\n\t<meta name=\"twitter:data1\" content=\"Nelson Razo\" \/>\n\t<meta name=\"twitter:label2\" content=\"Tiempo de lectura\" \/>\n\t<meta name=\"twitter:data2\" content=\"5 minutos\" \/>\n<script type=\"application\/ld+json\" class=\"yoast-schema-graph\">{\"@context\":\"https:\\\/\\\/schema.org\",\"@graph\":[{\"@type\":\"Article\",\"@id\":\"https:\\\/\\\/nelsonrazo.com\\\/nutricion\\\/2025\\\/02\\\/05\\\/el-cancer-depende-del-metabolismo\\\/#article\",\"isPartOf\":{\"@id\":\"https:\\\/\\\/nelsonrazo.com\\\/nutricion\\\/2025\\\/02\\\/05\\\/el-cancer-depende-del-metabolismo\\\/\"},\"author\":{\"name\":\"Nelson Razo\",\"@id\":\"https:\\\/\\\/nelsonrazo.com\\\/nutricion\\\/#\\\/schema\\\/person\\\/b16573f361a138262629c000e04c2d96\"},\"headline\":\"El c\u00e1ncer depende del metabolismo\",\"datePublished\":\"2025-02-05T04:26:50+00:00\",\"dateModified\":\"2025-02-05T04:26:52+00:00\",\"mainEntityOfPage\":{\"@id\":\"https:\\\/\\\/nelsonrazo.com\\\/nutricion\\\/2025\\\/02\\\/05\\\/el-cancer-depende-del-metabolismo\\\/\"},\"wordCount\":1103,\"commentCount\":0,\"publisher\":{\"@id\":\"https:\\\/\\\/nelsonrazo.com\\\/nutricion\\\/#\\\/schema\\\/person\\\/f2a003e98f8f79c1dbbf148cc5f9aede\"},\"image\":{\"@id\":\"https:\\\/\\\/nelsonrazo.com\\\/nutricion\\\/2025\\\/02\\\/05\\\/el-cancer-depende-del-metabolismo\\\/#primaryimage\"},\"thumbnailUrl\":\"https:\\\/\\\/nelsonrazo.com\\\/nutricion\\\/wp-content\\\/uploads\\\/sites\\\/2\\\/2025\\\/02\\\/cancer_metabolico.jpg\",\"keywords\":[\"cancer\",\"dieta\",\"enfermedades cronicas\",\"metabolismo\",\"salud metabolica\"],\"articleSection\":[\"Enfermedades Cr\u00f3nicas\",\"Salud Metab\u00f3lica\"],\"inLanguage\":\"es\",\"potentialAction\":[{\"@type\":\"CommentAction\",\"name\":\"Comment\",\"target\":[\"https:\\\/\\\/nelsonrazo.com\\\/nutricion\\\/2025\\\/02\\\/05\\\/el-cancer-depende-del-metabolismo\\\/#respond\"]}]},{\"@type\":\"WebPage\",\"@id\":\"https:\\\/\\\/nelsonrazo.com\\\/nutricion\\\/2025\\\/02\\\/05\\\/el-cancer-depende-del-metabolismo\\\/\",\"url\":\"https:\\\/\\\/nelsonrazo.com\\\/nutricion\\\/2025\\\/02\\\/05\\\/el-cancer-depende-del-metabolismo\\\/\",\"name\":\"El c\u00e1ncer depende del metabolismo - Nelson Razo | Nutri\u00f3logo\",\"isPartOf\":{\"@id\":\"https:\\\/\\\/nelsonrazo.com\\\/nutricion\\\/#website\"},\"primaryImageOfPage\":{\"@id\":\"https:\\\/\\\/nelsonrazo.com\\\/nutricion\\\/2025\\\/02\\\/05\\\/el-cancer-depende-del-metabolismo\\\/#primaryimage\"},\"image\":{\"@id\":\"https:\\\/\\\/nelsonrazo.com\\\/nutricion\\\/2025\\\/02\\\/05\\\/el-cancer-depende-del-metabolismo\\\/#primaryimage\"},\"thumbnailUrl\":\"https:\\\/\\\/nelsonrazo.com\\\/nutricion\\\/wp-content\\\/uploads\\\/sites\\\/2\\\/2025\\\/02\\\/cancer_metabolico.jpg\",\"datePublished\":\"2025-02-05T04:26:50+00:00\",\"dateModified\":\"2025-02-05T04:26:52+00:00\",\"description\":\"El c\u00e1ncer es una enfermedad metab\u00f3lica m\u00e1s que gen\u00e9tica, y esta nueva perspectiva est\u00e1 conduciendo a tratamientos m\u00e1s efectivos.\",\"breadcrumb\":{\"@id\":\"https:\\\/\\\/nelsonrazo.com\\\/nutricion\\\/2025\\\/02\\\/05\\\/el-cancer-depende-del-metabolismo\\\/#breadcrumb\"},\"inLanguage\":\"es\",\"potentialAction\":[{\"@type\":\"ReadAction\",\"target\":[\"https:\\\/\\\/nelsonrazo.com\\\/nutricion\\\/2025\\\/02\\\/05\\\/el-cancer-depende-del-metabolismo\\\/\"]}]},{\"@type\":\"ImageObject\",\"inLanguage\":\"es\",\"@id\":\"https:\\\/\\\/nelsonrazo.com\\\/nutricion\\\/2025\\\/02\\\/05\\\/el-cancer-depende-del-metabolismo\\\/#primaryimage\",\"url\":\"https:\\\/\\\/nelsonrazo.com\\\/nutricion\\\/wp-content\\\/uploads\\\/sites\\\/2\\\/2025\\\/02\\\/cancer_metabolico.jpg\",\"contentUrl\":\"https:\\\/\\\/nelsonrazo.com\\\/nutricion\\\/wp-content\\\/uploads\\\/sites\\\/2\\\/2025\\\/02\\\/cancer_metabolico.jpg\",\"width\":920,\"height\":500,\"caption\":\"C\u00e1ncer, enfermedad metab\u00f3lica\"},{\"@type\":\"BreadcrumbList\",\"@id\":\"https:\\\/\\\/nelsonrazo.com\\\/nutricion\\\/2025\\\/02\\\/05\\\/el-cancer-depende-del-metabolismo\\\/#breadcrumb\",\"itemListElement\":[{\"@type\":\"ListItem\",\"position\":1,\"name\":\"Portada\",\"item\":\"https:\\\/\\\/nelsonrazo.com\\\/nutricion\\\/\"},{\"@type\":\"ListItem\",\"position\":2,\"name\":\"El c\u00e1ncer depende del metabolismo\"}]},{\"@type\":\"WebSite\",\"@id\":\"https:\\\/\\\/nelsonrazo.com\\\/nutricion\\\/#website\",\"url\":\"https:\\\/\\\/nelsonrazo.com\\\/nutricion\\\/\",\"name\":\"Nelson Razo | Nutrici\u00f3n\",\"description\":\"Nutri\u00f3logo experto en Salud Metab\u00f3lica en Tecate\",\"publisher\":{\"@id\":\"https:\\\/\\\/nelsonrazo.com\\\/nutricion\\\/#\\\/schema\\\/person\\\/f2a003e98f8f79c1dbbf148cc5f9aede\"},\"alternateName\":\"Nutri\u00f3logo Nelson Razo\",\"potentialAction\":[{\"@type\":\"SearchAction\",\"target\":{\"@type\":\"EntryPoint\",\"urlTemplate\":\"https:\\\/\\\/nelsonrazo.com\\\/nutricion\\\/?s={search_term_string}\"},\"query-input\":{\"@type\":\"PropertyValueSpecification\",\"valueRequired\":true,\"valueName\":\"search_term_string\"}}],\"inLanguage\":\"es\"},{\"@type\":[\"Person\",\"Organization\"],\"@id\":\"https:\\\/\\\/nelsonrazo.com\\\/nutricion\\\/#\\\/schema\\\/person\\\/f2a003e98f8f79c1dbbf148cc5f9aede\",\"name\":\"Nelson Razo\",\"image\":{\"@type\":\"ImageObject\",\"inLanguage\":\"es\",\"@id\":\"https:\\\/\\\/nelsonrazo.com\\\/nutricion\\\/wp-content\\\/uploads\\\/sites\\\/2\\\/2024\\\/01\\\/brn_favicon_logo.png\",\"url\":\"https:\\\/\\\/nelsonrazo.com\\\/nutricion\\\/wp-content\\\/uploads\\\/sites\\\/2\\\/2024\\\/01\\\/brn_favicon_logo.png\",\"contentUrl\":\"https:\\\/\\\/nelsonrazo.com\\\/nutricion\\\/wp-content\\\/uploads\\\/sites\\\/2\\\/2024\\\/01\\\/brn_favicon_logo.png\",\"width\":902,\"height\":901,\"caption\":\"Nelson Razo\"},\"logo\":{\"@id\":\"https:\\\/\\\/nelsonrazo.com\\\/nutricion\\\/wp-content\\\/uploads\\\/sites\\\/2\\\/2024\\\/01\\\/brn_favicon_logo.png\"},\"description\":\"Nutri\u00f3logo enfocado en Salud Metab\u00f3lica y Nutrici\u00f3n Cl\u00ednica. Divulgador de la evidencia en salud y nutrici\u00f3n para la promoci\u00f3n de la salud p\u00fablica. Experto en branding y marketing digital que disfruta del running, la lectura y la investigaci\u00f3n.\",\"sameAs\":[\"https:\\\/\\\/nelsonrazo.com\",\"https:\\\/\\\/www.facebook.com\\\/nelson.razo\",\"https:\\\/\\\/www.instagram.com\\\/nelsonrazo\\\/\",\"https:\\\/\\\/mx.linkedin.com\\\/in\\\/nelsonrazo\",\"https:\\\/\\\/x.com\\\/nelsonrazoa\"]},{\"@type\":\"Person\",\"@id\":\"https:\\\/\\\/nelsonrazo.com\\\/nutricion\\\/#\\\/schema\\\/person\\\/b16573f361a138262629c000e04c2d96\",\"name\":\"Nelson Razo\",\"image\":{\"@type\":\"ImageObject\",\"inLanguage\":\"es\",\"@id\":\"https:\\\/\\\/secure.gravatar.com\\\/avatar\\\/4b378214665597a637026edd710c2e4d92f84fdd2aa6e3a49bd352bc167d6675?s=96&d=mm&r=g\",\"url\":\"https:\\\/\\\/secure.gravatar.com\\\/avatar\\\/4b378214665597a637026edd710c2e4d92f84fdd2aa6e3a49bd352bc167d6675?s=96&d=mm&r=g\",\"contentUrl\":\"https:\\\/\\\/secure.gravatar.com\\\/avatar\\\/4b378214665597a637026edd710c2e4d92f84fdd2aa6e3a49bd352bc167d6675?s=96&d=mm&r=g\",\"caption\":\"Nelson Razo\"},\"sameAs\":[\"https:\\\/\\\/nelsonrazo.com\"],\"url\":\"https:\\\/\\\/nelsonrazo.com\\\/nutricion\\\/author\\\/nelradmin\\\/\"}]}<\/script>\n<!-- \/ Yoast SEO plugin. -->","yoast_head_json":{"title":"El c\u00e1ncer depende del metabolismo - Nelson Razo | Nutri\u00f3logo","description":"El c\u00e1ncer es una enfermedad metab\u00f3lica m\u00e1s que gen\u00e9tica, y esta nueva perspectiva est\u00e1 conduciendo a tratamientos m\u00e1s efectivos.","robots":{"index":"index","follow":"follow","max-snippet":"max-snippet:-1","max-image-preview":"max-image-preview:large","max-video-preview":"max-video-preview:-1"},"canonical":"https:\/\/nelsonrazo.com\/nutricion\/2025\/02\/05\/el-cancer-depende-del-metabolismo\/","og_locale":"es_ES","og_type":"article","og_title":"El c\u00e1ncer depende del metabolismo - Nelson Razo | Nutri\u00f3logo","og_description":"El c\u00e1ncer es una enfermedad metab\u00f3lica m\u00e1s que gen\u00e9tica, y esta nueva perspectiva est\u00e1 conduciendo a tratamientos m\u00e1s efectivos.","og_url":"https:\/\/nelsonrazo.com\/nutricion\/2025\/02\/05\/el-cancer-depende-del-metabolismo\/","og_site_name":"Nelson Razo | Nutri\u00f3logo","article_publisher":"https:\/\/www.facebook.com\/nelson.razo","article_published_time":"2025-02-05T04:26:50+00:00","article_modified_time":"2025-02-05T04:26:52+00:00","og_image":[{"width":920,"height":500,"url":"https:\/\/nelsonrazo.com\/nutricion\/wp-content\/uploads\/sites\/2\/2025\/02\/cancer_metabolico.jpg","type":"image\/jpeg"}],"author":"Nelson Razo","twitter_card":"summary_large_image","twitter_site":"@nelsonrazoa","twitter_misc":{"Escrito por":"Nelson Razo","Tiempo de lectura":"5 minutos"},"schema":{"@context":"https:\/\/schema.org","@graph":[{"@type":"Article","@id":"https:\/\/nelsonrazo.com\/nutricion\/2025\/02\/05\/el-cancer-depende-del-metabolismo\/#article","isPartOf":{"@id":"https:\/\/nelsonrazo.com\/nutricion\/2025\/02\/05\/el-cancer-depende-del-metabolismo\/"},"author":{"name":"Nelson Razo","@id":"https:\/\/nelsonrazo.com\/nutricion\/#\/schema\/person\/b16573f361a138262629c000e04c2d96"},"headline":"El c\u00e1ncer depende del metabolismo","datePublished":"2025-02-05T04:26:50+00:00","dateModified":"2025-02-05T04:26:52+00:00","mainEntityOfPage":{"@id":"https:\/\/nelsonrazo.com\/nutricion\/2025\/02\/05\/el-cancer-depende-del-metabolismo\/"},"wordCount":1103,"commentCount":0,"publisher":{"@id":"https:\/\/nelsonrazo.com\/nutricion\/#\/schema\/person\/f2a003e98f8f79c1dbbf148cc5f9aede"},"image":{"@id":"https:\/\/nelsonrazo.com\/nutricion\/2025\/02\/05\/el-cancer-depende-del-metabolismo\/#primaryimage"},"thumbnailUrl":"https:\/\/nelsonrazo.com\/nutricion\/wp-content\/uploads\/sites\/2\/2025\/02\/cancer_metabolico.jpg","keywords":["cancer","dieta","enfermedades cronicas","metabolismo","salud metabolica"],"articleSection":["Enfermedades Cr\u00f3nicas","Salud Metab\u00f3lica"],"inLanguage":"es","potentialAction":[{"@type":"CommentAction","name":"Comment","target":["https:\/\/nelsonrazo.com\/nutricion\/2025\/02\/05\/el-cancer-depende-del-metabolismo\/#respond"]}]},{"@type":"WebPage","@id":"https:\/\/nelsonrazo.com\/nutricion\/2025\/02\/05\/el-cancer-depende-del-metabolismo\/","url":"https:\/\/nelsonrazo.com\/nutricion\/2025\/02\/05\/el-cancer-depende-del-metabolismo\/","name":"El c\u00e1ncer depende del metabolismo - Nelson Razo | Nutri\u00f3logo","isPartOf":{"@id":"https:\/\/nelsonrazo.com\/nutricion\/#website"},"primaryImageOfPage":{"@id":"https:\/\/nelsonrazo.com\/nutricion\/2025\/02\/05\/el-cancer-depende-del-metabolismo\/#primaryimage"},"image":{"@id":"https:\/\/nelsonrazo.com\/nutricion\/2025\/02\/05\/el-cancer-depende-del-metabolismo\/#primaryimage"},"thumbnailUrl":"https:\/\/nelsonrazo.com\/nutricion\/wp-content\/uploads\/sites\/2\/2025\/02\/cancer_metabolico.jpg","datePublished":"2025-02-05T04:26:50+00:00","dateModified":"2025-02-05T04:26:52+00:00","description":"El c\u00e1ncer es una enfermedad metab\u00f3lica m\u00e1s que gen\u00e9tica, y esta nueva perspectiva est\u00e1 conduciendo a tratamientos m\u00e1s efectivos.","breadcrumb":{"@id":"https:\/\/nelsonrazo.com\/nutricion\/2025\/02\/05\/el-cancer-depende-del-metabolismo\/#breadcrumb"},"inLanguage":"es","potentialAction":[{"@type":"ReadAction","target":["https:\/\/nelsonrazo.com\/nutricion\/2025\/02\/05\/el-cancer-depende-del-metabolismo\/"]}]},{"@type":"ImageObject","inLanguage":"es","@id":"https:\/\/nelsonrazo.com\/nutricion\/2025\/02\/05\/el-cancer-depende-del-metabolismo\/#primaryimage","url":"https:\/\/nelsonrazo.com\/nutricion\/wp-content\/uploads\/sites\/2\/2025\/02\/cancer_metabolico.jpg","contentUrl":"https:\/\/nelsonrazo.com\/nutricion\/wp-content\/uploads\/sites\/2\/2025\/02\/cancer_metabolico.jpg","width":920,"height":500,"caption":"C\u00e1ncer, enfermedad metab\u00f3lica"},{"@type":"BreadcrumbList","@id":"https:\/\/nelsonrazo.com\/nutricion\/2025\/02\/05\/el-cancer-depende-del-metabolismo\/#breadcrumb","itemListElement":[{"@type":"ListItem","position":1,"name":"Portada","item":"https:\/\/nelsonrazo.com\/nutricion\/"},{"@type":"ListItem","position":2,"name":"El c\u00e1ncer depende del metabolismo"}]},{"@type":"WebSite","@id":"https:\/\/nelsonrazo.com\/nutricion\/#website","url":"https:\/\/nelsonrazo.com\/nutricion\/","name":"Nelson Razo | Nutrici\u00f3n","description":"Nutri\u00f3logo experto en Salud Metab\u00f3lica en Tecate","publisher":{"@id":"https:\/\/nelsonrazo.com\/nutricion\/#\/schema\/person\/f2a003e98f8f79c1dbbf148cc5f9aede"},"alternateName":"Nutri\u00f3logo Nelson Razo","potentialAction":[{"@type":"SearchAction","target":{"@type":"EntryPoint","urlTemplate":"https:\/\/nelsonrazo.com\/nutricion\/?s={search_term_string}"},"query-input":{"@type":"PropertyValueSpecification","valueRequired":true,"valueName":"search_term_string"}}],"inLanguage":"es"},{"@type":["Person","Organization"],"@id":"https:\/\/nelsonrazo.com\/nutricion\/#\/schema\/person\/f2a003e98f8f79c1dbbf148cc5f9aede","name":"Nelson Razo","image":{"@type":"ImageObject","inLanguage":"es","@id":"https:\/\/nelsonrazo.com\/nutricion\/wp-content\/uploads\/sites\/2\/2024\/01\/brn_favicon_logo.png","url":"https:\/\/nelsonrazo.com\/nutricion\/wp-content\/uploads\/sites\/2\/2024\/01\/brn_favicon_logo.png","contentUrl":"https:\/\/nelsonrazo.com\/nutricion\/wp-content\/uploads\/sites\/2\/2024\/01\/brn_favicon_logo.png","width":902,"height":901,"caption":"Nelson Razo"},"logo":{"@id":"https:\/\/nelsonrazo.com\/nutricion\/wp-content\/uploads\/sites\/2\/2024\/01\/brn_favicon_logo.png"},"description":"Nutri\u00f3logo enfocado en Salud Metab\u00f3lica y Nutrici\u00f3n Cl\u00ednica. Divulgador de la evidencia en salud y nutrici\u00f3n para la promoci\u00f3n de la salud p\u00fablica. Experto en branding y marketing digital que disfruta del running, la lectura y la investigaci\u00f3n.","sameAs":["https:\/\/nelsonrazo.com","https:\/\/www.facebook.com\/nelson.razo","https:\/\/www.instagram.com\/nelsonrazo\/","https:\/\/mx.linkedin.com\/in\/nelsonrazo","https:\/\/x.com\/nelsonrazoa"]},{"@type":"Person","@id":"https:\/\/nelsonrazo.com\/nutricion\/#\/schema\/person\/b16573f361a138262629c000e04c2d96","name":"Nelson Razo","image":{"@type":"ImageObject","inLanguage":"es","@id":"https:\/\/secure.gravatar.com\/avatar\/4b378214665597a637026edd710c2e4d92f84fdd2aa6e3a49bd352bc167d6675?s=96&d=mm&r=g","url":"https:\/\/secure.gravatar.com\/avatar\/4b378214665597a637026edd710c2e4d92f84fdd2aa6e3a49bd352bc167d6675?s=96&d=mm&r=g","contentUrl":"https:\/\/secure.gravatar.com\/avatar\/4b378214665597a637026edd710c2e4d92f84fdd2aa6e3a49bd352bc167d6675?s=96&d=mm&r=g","caption":"Nelson Razo"},"sameAs":["https:\/\/nelsonrazo.com"],"url":"https:\/\/nelsonrazo.com\/nutricion\/author\/nelradmin\/"}]}},"jetpack_featured_media_url":"https:\/\/nelsonrazo.com\/nutricion\/wp-content\/uploads\/sites\/2\/2025\/02\/cancer_metabolico.jpg","jetpack_shortlink":"https:\/\/wp.me\/pfrB9s-7O","jetpack_sharing_enabled":true,"_links":{"self":[{"href":"https:\/\/nelsonrazo.com\/nutricion\/wp-json\/wp\/v2\/posts\/484","targetHints":{"allow":["GET"]}}],"collection":[{"href":"https:\/\/nelsonrazo.com\/nutricion\/wp-json\/wp\/v2\/posts"}],"about":[{"href":"https:\/\/nelsonrazo.com\/nutricion\/wp-json\/wp\/v2\/types\/post"}],"author":[{"embeddable":true,"href":"https:\/\/nelsonrazo.com\/nutricion\/wp-json\/wp\/v2\/users\/1"}],"replies":[{"embeddable":true,"href":"https:\/\/nelsonrazo.com\/nutricion\/wp-json\/wp\/v2\/comments?post=484"}],"version-history":[{"count":1,"href":"https:\/\/nelsonrazo.com\/nutricion\/wp-json\/wp\/v2\/posts\/484\/revisions"}],"predecessor-version":[{"id":487,"href":"https:\/\/nelsonrazo.com\/nutricion\/wp-json\/wp\/v2\/posts\/484\/revisions\/487"}],"wp:featuredmedia":[{"embeddable":true,"href":"https:\/\/nelsonrazo.com\/nutricion\/wp-json\/wp\/v2\/media\/486"}],"wp:attachment":[{"href":"https:\/\/nelsonrazo.com\/nutricion\/wp-json\/wp\/v2\/media?parent=484"}],"wp:term":[{"taxonomy":"category","embeddable":true,"href":"https:\/\/nelsonrazo.com\/nutricion\/wp-json\/wp\/v2\/categories?post=484"},{"taxonomy":"post_tag","embeddable":true,"href":"https:\/\/nelsonrazo.com\/nutricion\/wp-json\/wp\/v2\/tags?post=484"}],"curies":[{"name":"wp","href":"https:\/\/api.w.org\/{rel}","templated":true}]}}