{"id":454,"date":"2024-12-09T03:57:15","date_gmt":"2024-12-09T02:57:15","guid":{"rendered":"https:\/\/nelsonrazo.com\/nutricion\/?p=454"},"modified":"2024-12-09T03:57:17","modified_gmt":"2024-12-09T02:57:17","slug":"5-alimentos-para-la-salud-del-cerebro","status":"publish","type":"post","link":"https:\/\/nelsonrazo.com\/nutricion\/2024\/12\/09\/5-alimentos-para-la-salud-del-cerebro\/","title":{"rendered":"5 alimentos para la funci\u00f3n y la salud de tu cerebro"},"content":{"rendered":"\n<p>\u00bfEst\u00e1 buscando formas de potenciar la capacidad de tu cerebro o reducir el riesgo de demencia en la tercera edad? Con una poblaci\u00f3n que envejece y una conciencia cada vez mayor de la importancia de la salud cerebral, es m\u00e1s importante que nunca priorizar la nutrici\u00f3n. Porque, aunque algunos parece que no lo toman en cuenta, el cerebro tambi\u00e9n es parte del cuerpo.<\/p>\n\n\n\n<p>Por esto, en este post, profundizaremos en la ciencia detr\u00e1s de 5 alimentos que han demostrado mejorar la salud cerebral y proporcionar una base s\u00f3lida para una funci\u00f3n cognitiva optima.<\/p>\n\n\n\n<h3 class=\"wp-block-heading\">El huevo<\/h3>\n\n\n\n<p>Durante demasiado tiempo, el <a href=\"https:\/\/nelsonrazo.com\/nutricion\/2024\/07\/22\/no-se-trata-solo-del-colesterol-alto\/\">colesterol<\/a> ha sido considerado un contribuyente importante, (e inclusive el principal villano) de las enfermedades card\u00edacas. Sin embargo, estudios recientes y no tan recientes sugieren que puede que no sea tan enemigo despu\u00e9s de todo. De hecho, algunas investigaciones indican que el suficiente colesterol en la dieta puede realmente favorecer la salud cerebral cuando se consumen como parte de un estilo de vida saludable. As\u00ed que, adelante, disfruta de esos huevos estrellados o revueltos. Y no son solo para el desayuno.<\/p>\n\n\n\n<h3 class=\"wp-block-heading\">Pescados grasos para un cerebro sano<\/h3>\n\n\n\n<p>Un alimento que lamentablemente no es tan consumido y que promueve la salud cerebral es el pescado graso, como el salm\u00f3n y la sardina. Estos alimentos ricos en <a href=\"https:\/\/cuidatehoy.com\/omega-3-contra-la-depresion\/\">omega-3<\/a> son cruciales para la funci\u00f3n cognitiva, y es f\u00e1cil ver por qu\u00e9. Se ha demostrado que los omega-3 reducen la inflamaci\u00f3n, favorecen el crecimiento neuronal e incluso promueven la formaci\u00f3n de la memoria. \u00a1As\u00ed que, a\u00f1ade por ejemplo salm\u00f3n a la parrilla a tu men\u00fa semanal y observa c\u00f3mo mejora tu capacidad cerebral!<\/p>\n\n\n\n<h3 class=\"wp-block-heading\">Verduras de hoja verde<\/h3>\n\n\n\n<p>Las verduras de hoja verde, como la espinaca, est\u00e1n repletas de compuestos que pueden mejorar la funci\u00f3n cognitiva y reducir el riesgo de demencia. La pregunta aqu\u00ed es: \u00bffrescas o cocinadas? Aunque la cocci\u00f3n puede degradar algunas vitaminas esenciales, tambi\u00e9n elimina o reduce varios de los antinutrientes presentes naturalmente en los vegetales, aparte de reducir la reacciones gastrointestinales adversas. As\u00ed que disfruta de, por ejemplo, las espinacas crudas o salteadas para aprovechar sus beneficios para el cerebro.<\/p>\n\n\n\n<h3 class=\"wp-block-heading\">El camote<\/h3>\n\n\n\n<p>El camote es otro tipo de alimento que merece atenci\u00f3n en lo que respecta a la salud cerebral. Estos tub\u00e9rculos ricos en fitonutrientes contienen antocianinas, que han demostrado mejorar la memoria y la <a href=\"https:\/\/cuidatehoy.com\/psiquiatria-nutricional-los-alimentos-influyen-en-la-mente\/\">funci\u00f3n cognitiva<\/a>. Adem\u00e1s, son ricas en fibra, vitaminas y minerales, lo que las convierte en una fuente de nutrici\u00f3n importante en general.<\/p>\n\n\n\n<h3 class=\"wp-block-heading\">La cafe\u00edna y el cerebro<\/h3>\n\n\n\n<p>La cafe\u00edna suele promocionarse como un potenciador cognitivo, pero sus beneficios van mucho m\u00e1s all\u00e1 del rendimiento mental. Las investigaciones sugieren que el consumo moderado de <a href=\"https:\/\/nelsonrazo.com\/nutricion\/2024\/10\/01\/razon-deberias-tomar-cafe\/\">caf\u00e9<\/a> puede incluso reducir el riesgo de inflamaci\u00f3n cerebral relacionada con la edad, un importante contribuyente a la demencia y otras enfermedades neurodegenerativas. As\u00ed que, \u00a1toma tu taza de caf\u00e9 de la ma\u00f1ana y disfruta de todos sus beneficios!<\/p>\n\n\n\n<h3 class=\"wp-block-heading\">El poder de los alimentos naturales para el cerebro<\/h3>\n\n\n\n<p>Como podemos ver por esta corta lista de 5 alimentos, al priorizar los alimentos naturales, en lugar de los suplementos o los alimentos ultra procesados, le estar\u00e1s dando a tu cerebro los nutrientes para una mejor funci\u00f3n.<\/p>\n\n\n\n<p>A medida que comiences a integrar estos alimentos a tu dieta, recuerda que la salud cerebral es solo un aspecto del bienestar general. Consulta con un profesional de la salud que entienda de nutrici\u00f3n, para determinar el mejor curso de acci\u00f3n para tus necesidades individuales.<\/p>\n\n\n\n<h3 class=\"wp-block-heading\">Prep\u00e1rate para liberar el potencial de tu cerebro<\/h3>\n\n\n\n<p>Si te interesa dar el primer paso para nutrirte mejor, como nutri\u00f3logo enfocado en salud metab\u00f3lica, me encantar\u00eda trabajar contigo para desarrollar un plan personalizado que aborde tus necesidades y objetivos \u00fanicos. Ya sea que est\u00e9s buscando aumentar tu capacidad cerebral o simplemente mejorar la salud general, <a href=\"https:\/\/nelsonrazo.com\/nutricion\/contacto\/\">comun\u00edcate hoy<\/a> para <a href=\"https:\/\/nelsonrazo.com\/nutricion\/agenda-tu-consulta\/\">programar una consulta<\/a> y comenzar a liberar todo el potencial de tu cerebro.<\/p>\n\n\n\n<details class=\"wp-block-details is-layout-flow wp-block-details-is-layout-flow\"><summary>Referencias<\/summary>\n<p class=\"has-small-font-size\">Cappelletti, S., Daria, P., Sani, G., &amp; Aromatario, M. (2015). Caffeine: cognitive and physical performance enhancer or psychoactive drug?. <em>Current neuropharmacology<\/em>, <em>13<\/em>(1), 71-88. <a href=\"https:\/\/doi.org\/10.2174\/1570159X13666141210215655\">https:\/\/doi.org\/10.2174\/1570159X13666141210215655<\/a><\/p>\n\n\n\n<p class=\"has-small-font-size\">Ellis, L. R., Boesch, C., &amp; Dye, L. (2024). Effects of anthocyanins on cognition and vascular function: a systematic review. <em>Molecular Nutrition &amp; Food Research<\/em>, <em>68<\/em>(13), 2300502. <a href=\"https:\/\/doi.org\/10.1002\/mnfr.202300502\">https:\/\/doi.org\/10.1002\/mnfr.202300502<\/a><\/p>\n\n\n\n<p class=\"has-small-font-size\">Kritz-Silverstein, D., &amp; Bettencourt, R. (2024). Egg Consumption and 4-Year Change in Cognitive Function in Older Men and Women: The Rancho Bernardo Study. <em>Nutrients<\/em>, <em>16<\/em>(16), 2765. <a href=\"https:\/\/doi.org\/10.3390\/nu16162765\">https:\/\/doi.org\/10.3390\/nu16162765<\/a><\/p>\n\n\n\n<p class=\"has-small-font-size\">Li, J., Shi, Z., &amp; Mi, Y. (2018). Purple sweet potato color attenuates high fat-induced neuroinflammation in mouse brain by inhibiting MAPK and NF-\u03baB activation. <em>Molecular medicine reports<\/em>, <em>17<\/em>(3), 4823-4831.<\/p>\n\n\n\n<p class=\"has-small-font-size\">Morris, M. C., Wang, Y., Barnes, L. L., Bennett, D. A., Dawson-Hughes, B., &amp; Booth, S. L. (2018). Nutrients and bioactives in green leafy vegetables and cognitive decline: Prospective study. <em>Neurology<\/em>, <em>90<\/em>(3), e214-e222. <a href=\"https:\/\/doi.org\/10.1212\/wnl.0000000000004815\">https:\/\/doi.org\/10.1212\/wnl.0000000000004815<\/a><\/p>\n\n\n\n<p class=\"has-small-font-size\">Satizabal, C. L., et al. (2022). Association of red blood cell omega-3 fatty acids with MRI markers and cognitive function in midlife: the Framingham heart study. <em>Neurology<\/em>, <em>99<\/em>(23), e2572-e2582. <a href=\"https:\/\/doi.org\/10.1212\/WNL.0000000000201296\">https:\/\/doi.org\/10.1212\/WNL.0000000000201296<\/a><\/p>\n<\/details>\n\n\n\n<p class=\"has-small-font-size\"><strong>Descargo de responsabilidad:\u00a0<\/strong>esta publicaci\u00f3n tiene fines informativos \u00fanicamente y no debe interpretarse como consejo m\u00e9dico o nutricional personalizado. Consulta siempre a un profesional de la salud antes de realizar cualquier cambio en tu r\u00e9gimen de medicaci\u00f3n o alimentaci\u00f3n.<\/p>\n","protected":false},"excerpt":{"rendered":"<p>Fomenta la salud de tu cerebro con estos 5 alimentos que mejoran la funci\u00f3n cognitiva y reducir el riesgo de demencia. Descubre c\u00f3mo la alimentaci\u00f3n correcta puede favorecer el rendimiento mental y el bienestar general.<\/p>\n","protected":false},"author":1,"featured_media":456,"comment_status":"open","ping_status":"open","sticky":false,"template":"","format":"standard","meta":{"_themeisle_gutenberg_block_has_review":false,"_jetpack_memberships_contains_paid_content":false,"footnotes":""},"categories":[5,62],"tags":[],"class_list":["post-454","post","type-post","status-publish","format-standard","has-post-thumbnail","hentry","category-alimentacion","category-salud-mental"],"yoast_head":"<!-- This site is optimized with the Yoast SEO plugin v27.4 - https:\/\/yoast.com\/product\/yoast-seo-wordpress\/ -->\n<title>5 alimentos para la funci\u00f3n y la salud de tu cerebro - Nelson Razo | Nutri\u00f3logo<\/title>\n<meta name=\"description\" content=\"Fomenta la salud de tu cerebro con estos 5 alimentos que mejoran la funci\u00f3n cognitiva y reducir el riesgo de demencia.\" \/>\n<meta name=\"robots\" content=\"index, follow, max-snippet:-1, max-image-preview:large, max-video-preview:-1\" \/>\n<link rel=\"canonical\" href=\"https:\/\/nelsonrazo.com\/nutricion\/2024\/12\/09\/5-alimentos-para-la-salud-del-cerebro\/\" \/>\n<meta property=\"og:locale\" content=\"es_ES\" \/>\n<meta property=\"og:type\" content=\"article\" \/>\n<meta property=\"og:title\" content=\"5 alimentos para la funci\u00f3n y la salud de tu cerebro - Nelson Razo | Nutri\u00f3logo\" \/>\n<meta property=\"og:description\" content=\"Fomenta la salud de tu cerebro con estos 5 alimentos que mejoran la funci\u00f3n cognitiva y reducir el riesgo de demencia.\" \/>\n<meta property=\"og:url\" content=\"https:\/\/nelsonrazo.com\/nutricion\/2024\/12\/09\/5-alimentos-para-la-salud-del-cerebro\/\" \/>\n<meta property=\"og:site_name\" content=\"Nelson Razo | Nutri\u00f3logo\" \/>\n<meta property=\"article:publisher\" content=\"https:\/\/www.facebook.com\/nelson.razo\" \/>\n<meta property=\"article:published_time\" content=\"2024-12-09T02:57:15+00:00\" \/>\n<meta property=\"article:modified_time\" content=\"2024-12-09T02:57:17+00:00\" \/>\n<meta property=\"og:image\" content=\"https:\/\/nelsonrazo.com\/nutricion\/wp-content\/uploads\/sites\/2\/2024\/12\/5alim_cerebro.jpg\" \/>\n\t<meta property=\"og:image:width\" content=\"920\" \/>\n\t<meta property=\"og:image:height\" content=\"500\" \/>\n\t<meta property=\"og:image:type\" content=\"image\/jpeg\" \/>\n<meta name=\"author\" content=\"Nelson Razo\" \/>\n<meta name=\"twitter:card\" content=\"summary_large_image\" \/>\n<meta name=\"twitter:site\" content=\"@nelsonrazoa\" \/>\n<meta name=\"twitter:label1\" content=\"Escrito por\" \/>\n\t<meta name=\"twitter:data1\" content=\"Nelson Razo\" \/>\n\t<meta name=\"twitter:label2\" content=\"Tiempo de lectura\" \/>\n\t<meta name=\"twitter:data2\" content=\"5 minutos\" \/>\n<script type=\"application\/ld+json\" class=\"yoast-schema-graph\">{\"@context\":\"https:\\\/\\\/schema.org\",\"@graph\":[{\"@type\":\"Article\",\"@id\":\"https:\\\/\\\/nelsonrazo.com\\\/nutricion\\\/2024\\\/12\\\/09\\\/5-alimentos-para-la-salud-del-cerebro\\\/#article\",\"isPartOf\":{\"@id\":\"https:\\\/\\\/nelsonrazo.com\\\/nutricion\\\/2024\\\/12\\\/09\\\/5-alimentos-para-la-salud-del-cerebro\\\/\"},\"author\":{\"name\":\"Nelson Razo\",\"@id\":\"https:\\\/\\\/nelsonrazo.com\\\/nutricion\\\/#\\\/schema\\\/person\\\/b16573f361a138262629c000e04c2d96\"},\"headline\":\"5 alimentos para la funci\u00f3n y la salud de tu cerebro\",\"datePublished\":\"2024-12-09T02:57:15+00:00\",\"dateModified\":\"2024-12-09T02:57:17+00:00\",\"mainEntityOfPage\":{\"@id\":\"https:\\\/\\\/nelsonrazo.com\\\/nutricion\\\/2024\\\/12\\\/09\\\/5-alimentos-para-la-salud-del-cerebro\\\/\"},\"wordCount\":910,\"commentCount\":0,\"publisher\":{\"@id\":\"https:\\\/\\\/nelsonrazo.com\\\/nutricion\\\/#\\\/schema\\\/person\\\/f2a003e98f8f79c1dbbf148cc5f9aede\"},\"image\":{\"@id\":\"https:\\\/\\\/nelsonrazo.com\\\/nutricion\\\/2024\\\/12\\\/09\\\/5-alimentos-para-la-salud-del-cerebro\\\/#primaryimage\"},\"thumbnailUrl\":\"https:\\\/\\\/nelsonrazo.com\\\/nutricion\\\/wp-content\\\/uploads\\\/sites\\\/2\\\/2024\\\/12\\\/5alim_cerebro.jpg\",\"articleSection\":[\"Alimentaci\u00f3n\",\"Salud Mental\"],\"inLanguage\":\"es\",\"potentialAction\":[{\"@type\":\"CommentAction\",\"name\":\"Comment\",\"target\":[\"https:\\\/\\\/nelsonrazo.com\\\/nutricion\\\/2024\\\/12\\\/09\\\/5-alimentos-para-la-salud-del-cerebro\\\/#respond\"]}]},{\"@type\":\"WebPage\",\"@id\":\"https:\\\/\\\/nelsonrazo.com\\\/nutricion\\\/2024\\\/12\\\/09\\\/5-alimentos-para-la-salud-del-cerebro\\\/\",\"url\":\"https:\\\/\\\/nelsonrazo.com\\\/nutricion\\\/2024\\\/12\\\/09\\\/5-alimentos-para-la-salud-del-cerebro\\\/\",\"name\":\"5 alimentos para la funci\u00f3n y la salud de tu cerebro - Nelson Razo | Nutri\u00f3logo\",\"isPartOf\":{\"@id\":\"https:\\\/\\\/nelsonrazo.com\\\/nutricion\\\/#website\"},\"primaryImageOfPage\":{\"@id\":\"https:\\\/\\\/nelsonrazo.com\\\/nutricion\\\/2024\\\/12\\\/09\\\/5-alimentos-para-la-salud-del-cerebro\\\/#primaryimage\"},\"image\":{\"@id\":\"https:\\\/\\\/nelsonrazo.com\\\/nutricion\\\/2024\\\/12\\\/09\\\/5-alimentos-para-la-salud-del-cerebro\\\/#primaryimage\"},\"thumbnailUrl\":\"https:\\\/\\\/nelsonrazo.com\\\/nutricion\\\/wp-content\\\/uploads\\\/sites\\\/2\\\/2024\\\/12\\\/5alim_cerebro.jpg\",\"datePublished\":\"2024-12-09T02:57:15+00:00\",\"dateModified\":\"2024-12-09T02:57:17+00:00\",\"description\":\"Fomenta la salud de tu cerebro con estos 5 alimentos que mejoran la funci\u00f3n cognitiva y reducir el riesgo de demencia.\",\"breadcrumb\":{\"@id\":\"https:\\\/\\\/nelsonrazo.com\\\/nutricion\\\/2024\\\/12\\\/09\\\/5-alimentos-para-la-salud-del-cerebro\\\/#breadcrumb\"},\"inLanguage\":\"es\",\"potentialAction\":[{\"@type\":\"ReadAction\",\"target\":[\"https:\\\/\\\/nelsonrazo.com\\\/nutricion\\\/2024\\\/12\\\/09\\\/5-alimentos-para-la-salud-del-cerebro\\\/\"]}]},{\"@type\":\"ImageObject\",\"inLanguage\":\"es\",\"@id\":\"https:\\\/\\\/nelsonrazo.com\\\/nutricion\\\/2024\\\/12\\\/09\\\/5-alimentos-para-la-salud-del-cerebro\\\/#primaryimage\",\"url\":\"https:\\\/\\\/nelsonrazo.com\\\/nutricion\\\/wp-content\\\/uploads\\\/sites\\\/2\\\/2024\\\/12\\\/5alim_cerebro.jpg\",\"contentUrl\":\"https:\\\/\\\/nelsonrazo.com\\\/nutricion\\\/wp-content\\\/uploads\\\/sites\\\/2\\\/2024\\\/12\\\/5alim_cerebro.jpg\",\"width\":920,\"height\":500,\"caption\":\"5 alimentos para el cerebro\"},{\"@type\":\"BreadcrumbList\",\"@id\":\"https:\\\/\\\/nelsonrazo.com\\\/nutricion\\\/2024\\\/12\\\/09\\\/5-alimentos-para-la-salud-del-cerebro\\\/#breadcrumb\",\"itemListElement\":[{\"@type\":\"ListItem\",\"position\":1,\"name\":\"Portada\",\"item\":\"https:\\\/\\\/nelsonrazo.com\\\/nutricion\\\/\"},{\"@type\":\"ListItem\",\"position\":2,\"name\":\"5 alimentos para la funci\u00f3n y la salud de tu cerebro\"}]},{\"@type\":\"WebSite\",\"@id\":\"https:\\\/\\\/nelsonrazo.com\\\/nutricion\\\/#website\",\"url\":\"https:\\\/\\\/nelsonrazo.com\\\/nutricion\\\/\",\"name\":\"Nelson Razo | Nutrici\u00f3n\",\"description\":\"Nutri\u00f3logo experto en Salud Metab\u00f3lica en Tecate\",\"publisher\":{\"@id\":\"https:\\\/\\\/nelsonrazo.com\\\/nutricion\\\/#\\\/schema\\\/person\\\/f2a003e98f8f79c1dbbf148cc5f9aede\"},\"alternateName\":\"Nutri\u00f3logo Nelson Razo\",\"potentialAction\":[{\"@type\":\"SearchAction\",\"target\":{\"@type\":\"EntryPoint\",\"urlTemplate\":\"https:\\\/\\\/nelsonrazo.com\\\/nutricion\\\/?s={search_term_string}\"},\"query-input\":{\"@type\":\"PropertyValueSpecification\",\"valueRequired\":true,\"valueName\":\"search_term_string\"}}],\"inLanguage\":\"es\"},{\"@type\":[\"Person\",\"Organization\"],\"@id\":\"https:\\\/\\\/nelsonrazo.com\\\/nutricion\\\/#\\\/schema\\\/person\\\/f2a003e98f8f79c1dbbf148cc5f9aede\",\"name\":\"Nelson Razo\",\"image\":{\"@type\":\"ImageObject\",\"inLanguage\":\"es\",\"@id\":\"https:\\\/\\\/nelsonrazo.com\\\/nutricion\\\/wp-content\\\/uploads\\\/sites\\\/2\\\/2024\\\/01\\\/brn_favicon_logo.png\",\"url\":\"https:\\\/\\\/nelsonrazo.com\\\/nutricion\\\/wp-content\\\/uploads\\\/sites\\\/2\\\/2024\\\/01\\\/brn_favicon_logo.png\",\"contentUrl\":\"https:\\\/\\\/nelsonrazo.com\\\/nutricion\\\/wp-content\\\/uploads\\\/sites\\\/2\\\/2024\\\/01\\\/brn_favicon_logo.png\",\"width\":902,\"height\":901,\"caption\":\"Nelson Razo\"},\"logo\":{\"@id\":\"https:\\\/\\\/nelsonrazo.com\\\/nutricion\\\/wp-content\\\/uploads\\\/sites\\\/2\\\/2024\\\/01\\\/brn_favicon_logo.png\"},\"description\":\"Nutri\u00f3logo enfocado en Salud Metab\u00f3lica y Nutrici\u00f3n Cl\u00ednica. Divulgador de la evidencia en salud y nutrici\u00f3n para la promoci\u00f3n de la salud p\u00fablica. Experto en branding y marketing digital que disfruta del running, la lectura y la investigaci\u00f3n.\",\"sameAs\":[\"https:\\\/\\\/nelsonrazo.com\",\"https:\\\/\\\/www.facebook.com\\\/nelson.razo\",\"https:\\\/\\\/www.instagram.com\\\/nelsonrazo\\\/\",\"https:\\\/\\\/mx.linkedin.com\\\/in\\\/nelsonrazo\",\"https:\\\/\\\/x.com\\\/nelsonrazoa\"]},{\"@type\":\"Person\",\"@id\":\"https:\\\/\\\/nelsonrazo.com\\\/nutricion\\\/#\\\/schema\\\/person\\\/b16573f361a138262629c000e04c2d96\",\"name\":\"Nelson Razo\",\"image\":{\"@type\":\"ImageObject\",\"inLanguage\":\"es\",\"@id\":\"https:\\\/\\\/secure.gravatar.com\\\/avatar\\\/4b378214665597a637026edd710c2e4d92f84fdd2aa6e3a49bd352bc167d6675?s=96&d=mm&r=g\",\"url\":\"https:\\\/\\\/secure.gravatar.com\\\/avatar\\\/4b378214665597a637026edd710c2e4d92f84fdd2aa6e3a49bd352bc167d6675?s=96&d=mm&r=g\",\"contentUrl\":\"https:\\\/\\\/secure.gravatar.com\\\/avatar\\\/4b378214665597a637026edd710c2e4d92f84fdd2aa6e3a49bd352bc167d6675?s=96&d=mm&r=g\",\"caption\":\"Nelson Razo\"},\"sameAs\":[\"https:\\\/\\\/nelsonrazo.com\"],\"url\":\"https:\\\/\\\/nelsonrazo.com\\\/nutricion\\\/author\\\/nelradmin\\\/\"}]}<\/script>\n<!-- \/ Yoast SEO plugin. -->","yoast_head_json":{"title":"5 alimentos para la funci\u00f3n y la salud de tu cerebro - Nelson Razo | Nutri\u00f3logo","description":"Fomenta la salud de tu cerebro con estos 5 alimentos que mejoran la funci\u00f3n cognitiva y reducir el riesgo de demencia.","robots":{"index":"index","follow":"follow","max-snippet":"max-snippet:-1","max-image-preview":"max-image-preview:large","max-video-preview":"max-video-preview:-1"},"canonical":"https:\/\/nelsonrazo.com\/nutricion\/2024\/12\/09\/5-alimentos-para-la-salud-del-cerebro\/","og_locale":"es_ES","og_type":"article","og_title":"5 alimentos para la funci\u00f3n y la salud de tu cerebro - Nelson Razo | Nutri\u00f3logo","og_description":"Fomenta la salud de tu cerebro con estos 5 alimentos que mejoran la funci\u00f3n cognitiva y reducir el riesgo de demencia.","og_url":"https:\/\/nelsonrazo.com\/nutricion\/2024\/12\/09\/5-alimentos-para-la-salud-del-cerebro\/","og_site_name":"Nelson Razo | Nutri\u00f3logo","article_publisher":"https:\/\/www.facebook.com\/nelson.razo","article_published_time":"2024-12-09T02:57:15+00:00","article_modified_time":"2024-12-09T02:57:17+00:00","og_image":[{"width":920,"height":500,"url":"https:\/\/nelsonrazo.com\/nutricion\/wp-content\/uploads\/sites\/2\/2024\/12\/5alim_cerebro.jpg","type":"image\/jpeg"}],"author":"Nelson Razo","twitter_card":"summary_large_image","twitter_site":"@nelsonrazoa","twitter_misc":{"Escrito por":"Nelson Razo","Tiempo de lectura":"5 minutos"},"schema":{"@context":"https:\/\/schema.org","@graph":[{"@type":"Article","@id":"https:\/\/nelsonrazo.com\/nutricion\/2024\/12\/09\/5-alimentos-para-la-salud-del-cerebro\/#article","isPartOf":{"@id":"https:\/\/nelsonrazo.com\/nutricion\/2024\/12\/09\/5-alimentos-para-la-salud-del-cerebro\/"},"author":{"name":"Nelson Razo","@id":"https:\/\/nelsonrazo.com\/nutricion\/#\/schema\/person\/b16573f361a138262629c000e04c2d96"},"headline":"5 alimentos para la funci\u00f3n y la salud de tu cerebro","datePublished":"2024-12-09T02:57:15+00:00","dateModified":"2024-12-09T02:57:17+00:00","mainEntityOfPage":{"@id":"https:\/\/nelsonrazo.com\/nutricion\/2024\/12\/09\/5-alimentos-para-la-salud-del-cerebro\/"},"wordCount":910,"commentCount":0,"publisher":{"@id":"https:\/\/nelsonrazo.com\/nutricion\/#\/schema\/person\/f2a003e98f8f79c1dbbf148cc5f9aede"},"image":{"@id":"https:\/\/nelsonrazo.com\/nutricion\/2024\/12\/09\/5-alimentos-para-la-salud-del-cerebro\/#primaryimage"},"thumbnailUrl":"https:\/\/nelsonrazo.com\/nutricion\/wp-content\/uploads\/sites\/2\/2024\/12\/5alim_cerebro.jpg","articleSection":["Alimentaci\u00f3n","Salud Mental"],"inLanguage":"es","potentialAction":[{"@type":"CommentAction","name":"Comment","target":["https:\/\/nelsonrazo.com\/nutricion\/2024\/12\/09\/5-alimentos-para-la-salud-del-cerebro\/#respond"]}]},{"@type":"WebPage","@id":"https:\/\/nelsonrazo.com\/nutricion\/2024\/12\/09\/5-alimentos-para-la-salud-del-cerebro\/","url":"https:\/\/nelsonrazo.com\/nutricion\/2024\/12\/09\/5-alimentos-para-la-salud-del-cerebro\/","name":"5 alimentos para la funci\u00f3n y la salud de tu cerebro - Nelson Razo | Nutri\u00f3logo","isPartOf":{"@id":"https:\/\/nelsonrazo.com\/nutricion\/#website"},"primaryImageOfPage":{"@id":"https:\/\/nelsonrazo.com\/nutricion\/2024\/12\/09\/5-alimentos-para-la-salud-del-cerebro\/#primaryimage"},"image":{"@id":"https:\/\/nelsonrazo.com\/nutricion\/2024\/12\/09\/5-alimentos-para-la-salud-del-cerebro\/#primaryimage"},"thumbnailUrl":"https:\/\/nelsonrazo.com\/nutricion\/wp-content\/uploads\/sites\/2\/2024\/12\/5alim_cerebro.jpg","datePublished":"2024-12-09T02:57:15+00:00","dateModified":"2024-12-09T02:57:17+00:00","description":"Fomenta la salud de tu cerebro con estos 5 alimentos que mejoran la funci\u00f3n cognitiva y reducir el riesgo de demencia.","breadcrumb":{"@id":"https:\/\/nelsonrazo.com\/nutricion\/2024\/12\/09\/5-alimentos-para-la-salud-del-cerebro\/#breadcrumb"},"inLanguage":"es","potentialAction":[{"@type":"ReadAction","target":["https:\/\/nelsonrazo.com\/nutricion\/2024\/12\/09\/5-alimentos-para-la-salud-del-cerebro\/"]}]},{"@type":"ImageObject","inLanguage":"es","@id":"https:\/\/nelsonrazo.com\/nutricion\/2024\/12\/09\/5-alimentos-para-la-salud-del-cerebro\/#primaryimage","url":"https:\/\/nelsonrazo.com\/nutricion\/wp-content\/uploads\/sites\/2\/2024\/12\/5alim_cerebro.jpg","contentUrl":"https:\/\/nelsonrazo.com\/nutricion\/wp-content\/uploads\/sites\/2\/2024\/12\/5alim_cerebro.jpg","width":920,"height":500,"caption":"5 alimentos para el cerebro"},{"@type":"BreadcrumbList","@id":"https:\/\/nelsonrazo.com\/nutricion\/2024\/12\/09\/5-alimentos-para-la-salud-del-cerebro\/#breadcrumb","itemListElement":[{"@type":"ListItem","position":1,"name":"Portada","item":"https:\/\/nelsonrazo.com\/nutricion\/"},{"@type":"ListItem","position":2,"name":"5 alimentos para la funci\u00f3n y la salud de tu cerebro"}]},{"@type":"WebSite","@id":"https:\/\/nelsonrazo.com\/nutricion\/#website","url":"https:\/\/nelsonrazo.com\/nutricion\/","name":"Nelson Razo | Nutrici\u00f3n","description":"Nutri\u00f3logo experto en Salud Metab\u00f3lica en Tecate","publisher":{"@id":"https:\/\/nelsonrazo.com\/nutricion\/#\/schema\/person\/f2a003e98f8f79c1dbbf148cc5f9aede"},"alternateName":"Nutri\u00f3logo Nelson Razo","potentialAction":[{"@type":"SearchAction","target":{"@type":"EntryPoint","urlTemplate":"https:\/\/nelsonrazo.com\/nutricion\/?s={search_term_string}"},"query-input":{"@type":"PropertyValueSpecification","valueRequired":true,"valueName":"search_term_string"}}],"inLanguage":"es"},{"@type":["Person","Organization"],"@id":"https:\/\/nelsonrazo.com\/nutricion\/#\/schema\/person\/f2a003e98f8f79c1dbbf148cc5f9aede","name":"Nelson Razo","image":{"@type":"ImageObject","inLanguage":"es","@id":"https:\/\/nelsonrazo.com\/nutricion\/wp-content\/uploads\/sites\/2\/2024\/01\/brn_favicon_logo.png","url":"https:\/\/nelsonrazo.com\/nutricion\/wp-content\/uploads\/sites\/2\/2024\/01\/brn_favicon_logo.png","contentUrl":"https:\/\/nelsonrazo.com\/nutricion\/wp-content\/uploads\/sites\/2\/2024\/01\/brn_favicon_logo.png","width":902,"height":901,"caption":"Nelson Razo"},"logo":{"@id":"https:\/\/nelsonrazo.com\/nutricion\/wp-content\/uploads\/sites\/2\/2024\/01\/brn_favicon_logo.png"},"description":"Nutri\u00f3logo enfocado en Salud Metab\u00f3lica y Nutrici\u00f3n Cl\u00ednica. Divulgador de la evidencia en salud y nutrici\u00f3n para la promoci\u00f3n de la salud p\u00fablica. Experto en branding y marketing digital que disfruta del running, la lectura y la investigaci\u00f3n.","sameAs":["https:\/\/nelsonrazo.com","https:\/\/www.facebook.com\/nelson.razo","https:\/\/www.instagram.com\/nelsonrazo\/","https:\/\/mx.linkedin.com\/in\/nelsonrazo","https:\/\/x.com\/nelsonrazoa"]},{"@type":"Person","@id":"https:\/\/nelsonrazo.com\/nutricion\/#\/schema\/person\/b16573f361a138262629c000e04c2d96","name":"Nelson Razo","image":{"@type":"ImageObject","inLanguage":"es","@id":"https:\/\/secure.gravatar.com\/avatar\/4b378214665597a637026edd710c2e4d92f84fdd2aa6e3a49bd352bc167d6675?s=96&d=mm&r=g","url":"https:\/\/secure.gravatar.com\/avatar\/4b378214665597a637026edd710c2e4d92f84fdd2aa6e3a49bd352bc167d6675?s=96&d=mm&r=g","contentUrl":"https:\/\/secure.gravatar.com\/avatar\/4b378214665597a637026edd710c2e4d92f84fdd2aa6e3a49bd352bc167d6675?s=96&d=mm&r=g","caption":"Nelson Razo"},"sameAs":["https:\/\/nelsonrazo.com"],"url":"https:\/\/nelsonrazo.com\/nutricion\/author\/nelradmin\/"}]}},"jetpack_featured_media_url":"https:\/\/nelsonrazo.com\/nutricion\/wp-content\/uploads\/sites\/2\/2024\/12\/5alim_cerebro.jpg","jetpack_shortlink":"https:\/\/wp.me\/pfrB9s-7k","jetpack_sharing_enabled":true,"_links":{"self":[{"href":"https:\/\/nelsonrazo.com\/nutricion\/wp-json\/wp\/v2\/posts\/454","targetHints":{"allow":["GET"]}}],"collection":[{"href":"https:\/\/nelsonrazo.com\/nutricion\/wp-json\/wp\/v2\/posts"}],"about":[{"href":"https:\/\/nelsonrazo.com\/nutricion\/wp-json\/wp\/v2\/types\/post"}],"author":[{"embeddable":true,"href":"https:\/\/nelsonrazo.com\/nutricion\/wp-json\/wp\/v2\/users\/1"}],"replies":[{"embeddable":true,"href":"https:\/\/nelsonrazo.com\/nutricion\/wp-json\/wp\/v2\/comments?post=454"}],"version-history":[{"count":1,"href":"https:\/\/nelsonrazo.com\/nutricion\/wp-json\/wp\/v2\/posts\/454\/revisions"}],"predecessor-version":[{"id":457,"href":"https:\/\/nelsonrazo.com\/nutricion\/wp-json\/wp\/v2\/posts\/454\/revisions\/457"}],"wp:featuredmedia":[{"embeddable":true,"href":"https:\/\/nelsonrazo.com\/nutricion\/wp-json\/wp\/v2\/media\/456"}],"wp:attachment":[{"href":"https:\/\/nelsonrazo.com\/nutricion\/wp-json\/wp\/v2\/media?parent=454"}],"wp:term":[{"taxonomy":"category","embeddable":true,"href":"https:\/\/nelsonrazo.com\/nutricion\/wp-json\/wp\/v2\/categories?post=454"},{"taxonomy":"post_tag","embeddable":true,"href":"https:\/\/nelsonrazo.com\/nutricion\/wp-json\/wp\/v2\/tags?post=454"}],"curies":[{"name":"wp","href":"https:\/\/api.w.org\/{rel}","templated":true}]}}