{"id":417,"date":"2024-10-07T07:24:03","date_gmt":"2024-10-07T05:24:03","guid":{"rendered":"https:\/\/nelsonrazo.com\/nutricion\/?p=417"},"modified":"2024-10-07T07:24:04","modified_gmt":"2024-10-07T05:24:04","slug":"la-inflamacion-una-espada-de-doble-filo","status":"publish","type":"post","link":"https:\/\/nelsonrazo.com\/nutricion\/2024\/10\/07\/la-inflamacion-una-espada-de-doble-filo\/","title":{"rendered":"La inflamaci\u00f3n: una espada de doble filo"},"content":{"rendered":"\n<p>La inflamaci\u00f3n es un proceso natural que nos ayuda a curarnos de lesiones e infecciones. \u00bfPero sab\u00edas que existen dos tipos de inflamaci\u00f3n, cada una con sus propias consecuencias? Exploremos un poco sobre las diferencias entre la inflamaci\u00f3n aguda y la cr\u00f3nica para comprender c\u00f3mo afectan nuestra salud, qu\u00e9 hemos estado haciendo mal al respecto, y c\u00f3mo mejorar la funci\u00f3n inflamatoria para nuestro beneficio.<\/p>\n\n\n\n<h3 class=\"wp-block-heading\">Inflamaci\u00f3n aguda: el h\u00e9roe<\/h3>\n\n\n\n<p>La inflamaci\u00f3n aguda es una respuesta localizada y temporal a una lesi\u00f3n o infecci\u00f3n. No es m\u00e1s que nuestro sistema inmunitario haciendo uno de sus trabajos para reparar da\u00f1o y combatir a los agentes infecciosos como virus y bacterias. Es como un r\u00e1pido equipo de rescate que llega corriendo al lugar, repara los tejidos da\u00f1ados y elimina a los invasores extra\u00f1os.<\/p>\n\n\n\n<p>Este tipo de inflamaci\u00f3n es esencial para la curaci\u00f3n y suele ir acompa\u00f1ada de dolor, hinchaz\u00f3n y enrojecimiento. Com\u00fanmente, esta respuesta inflamatoria dura de unas horas a unos d\u00edas, y es una respuesta normal y funcional del organismo.<\/p>\n\n\n\n<h3 class=\"wp-block-heading\">Inflamaci\u00f3n cr\u00f3nica: el saboteador<\/h3>\n\n\n\n<p>Por otro lado, la inflamaci\u00f3n cr\u00f3nica es una respuesta prolongada y generalizada del sistema inmunitario que puede provocar da\u00f1os y enfermedades de largo plazo.<\/p>\n\n\n\n<p>A diferencia de la inflamaci\u00f3n aguda, que es autolimitada, la inflamaci\u00f3n cr\u00f3nica persiste incluso cuando no hay un desencadenante aparente. Es como tener una batalla continua dentro del cuerpo, por la cual las c\u00e9lulas est\u00e1n constantemente bajo ataque, pero no existe raz\u00f3n real para que esa batalla se lleve a cabo. Es decir que el sistema inmunitario ataca al propio organismo como si fuera el enemigo.<\/p>\n\n\n\n<p>Y en las \u00faltimas d\u00e9cadas, este es el tipo de inflamaci\u00f3n m\u00e1s com\u00fan.<\/p>\n\n\n\n<h3 class=\"wp-block-heading\">Los culpables de la respuesta inflamatoria cr\u00f3nica<\/h3>\n\n\n\n<p>Pero \u00bfqu\u00e9 causa este caos de inflamaci\u00f3n cr\u00f3nica? La contaminaci\u00f3n del aire puede provocar inflamaci\u00f3n cr\u00f3nica. Distintas toxinas en el ambiente pueden promover la sobremedida respuesta del sistema inmunitario, aumentando el riesgo de enfermedades cr\u00f3nicas como asma e inclusive c\u00e1ncer.<\/p>\n\n\n\n<p>Pero el mayor contribuyente de inflamaci\u00f3n cr\u00f3nica moderno es la propia alimentaci\u00f3n. Por ejemplo, <a href=\"https:\/\/youtu.be\/8p5nmjQF_xI?si=CaYNXC2CYXw_mtM3\">el az\u00facar<\/a> en muchos alimentos (el exceso de glucosa) puede alterar el <a href=\"https:\/\/youtu.be\/dFKLyoIAYKk?si=zLv4XgIbVhImFclr\">microbioma intestinal<\/a> y el desarrollo de <a href=\"https:\/\/nelsonrazo.com\/nutricion\/2024\/07\/29\/la-diabetes-tipo-2-no-es-lo-que-crees\/\">hiperinsulinemia<\/a>, y as\u00ed fomentar la inflamaci\u00f3n sist\u00e9mica.<\/p>\n\n\n\n<p>Y no nos olvidemos de los aceites de semillas y el exceso de <a href=\"https:\/\/nelsonrazo.com\/nutricion\/2024\/04\/24\/menos-carbohidratos-en-el-desayuno-mejor-salud-metabolica\/\">carbohidratos refinados<\/a> en alimentos ultraprocesados: todos son proinflamatorios, lo que dificulta la recuperaci\u00f3n del cuerpo.<\/p>\n\n\n\n<h3 class=\"wp-block-heading\">La clave para controlar la inflamaci\u00f3n cr\u00f3nica<\/h3>\n\n\n\n<p>Pero hay esperanza, ya que la microbiota intestinal juega un papel crucial en la inflamaci\u00f3n cr\u00f3nica. Y la alimentaci\u00f3n es un factor importante a la hora de moldear la salud intestinal, por lo que al modificarla, puedes empezar a domesticar a la bestia de el estado inflamatorio cr\u00f3nico en todo el organismo.<\/p>\n\n\n\n<p><a href=\"https:\/\/youtu.be\/jcRgfBXj3q0?si=RMEHcjslB36kueLt\">Algunos alimentos<\/a> son m\u00e1s potentes que otros a la hora de combatir la inflamaci\u00f3n cr\u00f3nica. Por ejemplo, los alimentos ricos en fibra apoyan el microbioma intestinal, mientras que los \u00e1cidos grasos omega-3 tienen propiedades antiinflamatorias que adem\u00e1s benefician la salud del cerebro.<\/p>\n\n\n\n<p>Por otro lado, la vitamina D regula la inflamaci\u00f3n, por lo que es una poderosa herramienta en la lucha contra la respuesta inflamatoria cr\u00f3nica. Lo que hace importante consumir pescados grasos y champi\u00f1ones, as\u00ed como exponernos lo suficiente al sol y, en muchos casos recurrir a la suplementaci\u00f3n.<\/p>\n\n\n\n<h3 class=\"wp-block-heading\">El sucio secreto de la industria alimentaria<\/h3>\n\n\n\n<p>Desafortunadamente, la <a href=\"https:\/\/nelsonrazo.com\/nutricion\/2024\/08\/17\/los-peligros-ocultos-de-los-alimentos-ultraprocesados\/\">industria alimentaria<\/a> a menudo prioriza la vida \u00fatil y el costo sobre el valor nutricional de los alimentos que se venden en el supermercado, lo que lleva a sobredisponibilidad de alimentos proinflamatorios que pueden exacerbar la inflamaci\u00f3n cr\u00f3nica. As\u00ed que debemos tomar control real de nuestra dieta y tomar decisiones conscientes sobre lo que introducimos en nuestro cuerpo.<\/p>\n\n\n\n<p>La respuesta inflamatoria cr\u00f3nica que no se aborda puede promover el envejecimiento acelerado, niveles altos de cortisol, el desarrollo de enfermedades cr\u00f3nicas e incluso muerte prematura. En otras palabras, es una preocupaci\u00f3n grave que requiere atenci\u00f3n inmediata.<\/p>\n\n\n\n<p>La clave para detener la inflamaci\u00f3n cr\u00f3nica es eliminar la exposici\u00f3n o modificar la dieta; no es tan dif\u00edcil de entender, pero requiere algo de esfuerzo para ponerse en pr\u00e1ctica.<\/p>\n\n\n\n<h3 class=\"wp-block-heading\">Reduce tu inflamaci\u00f3n con tus h\u00e1bitos<\/h3>\n\n\n\n<p>En conclusi\u00f3n, <a href=\"https:\/\/youtu.be\/1JtTRClVe0I?si=HKFxsIM82Ahvknn1\">la inflamaci\u00f3n<\/a> no siempre es el enemigo: es simplemente una respuesta natural que requiere equilibrio. Al comprender la diferencia entre inflamaci\u00f3n aguda y cr\u00f3nica, podemos tomar medidas para prevenir o revertir la inflamaci\u00f3n cr\u00f3nica.<\/p>\n\n\n\n<p>El primer paso hacia una vida m\u00e1s saludable es reconocer la importancia de los cambios en la dieta y el estilo de vida. Si te decides a hacerlo, puedes <a href=\"https:\/\/nelsonrazo.com\/nutricion\/agenda-tu-consulta\/\">agendar una consulta<\/a> y comenzar a realizar los cambios adecuados para tu cuerpo.<\/p>\n\n\n\n<p>Recuerda que peque\u00f1os pasos pueden conducir a cambios significativos; as\u00ed que hay que comenzar dando el primer paso. Si te interesa conocer mas sobre la respuesta inflamatoria, te dejo un video sobre el tema de <a href=\"https:\/\/www.youtube.com\/@cuidate_hoy\">Cuidate Hoy<\/a>.<\/p>\n\n\n\n<figure class=\"wp-block-embed is-type-video is-provider-youtube wp-block-embed-youtube wp-embed-aspect-16-9 wp-has-aspect-ratio\"><div class=\"wp-block-embed__wrapper\">\n<iframe loading=\"lazy\" title=\"La inflamaci\u00f3n explicada\" width=\"500\" height=\"281\" src=\"https:\/\/www.youtube.com\/embed\/1JtTRClVe0I?feature=oembed\" frameborder=\"0\" allow=\"accelerometer; autoplay; clipboard-write; encrypted-media; gyroscope; picture-in-picture; web-share\" referrerpolicy=\"strict-origin-when-cross-origin\" allowfullscreen><\/iframe>\n<\/div><\/figure>\n\n\n\n<details class=\"wp-block-details is-layout-flow wp-block-details-is-layout-flow\"><summary>Referencias<\/summary>\n<p class=\"has-small-font-size\">Bosma-den Boer, M., et al. (2012). Chronic inflammatory diseases are stimulated by current lifestyle: how diet, stress levels and medication prevent our body from recovering. <em>Nutrition &amp; metabolism<\/em>, <em>9<\/em>, 1-14. <a href=\"https:\/\/doi.org\/10.1186\/1743-7075-9-32\">https:\/\/doi.org\/10.1186\/1743-7075-9-32<\/a><\/p>\n\n\n\n<p class=\"has-small-font-size\">Burini, R., et al. (2020). Inflammation, physical activity, and chronic disease: an evolutionary perspective. <em>Sports Medicine and Health Science<\/em>, <em>2<\/em>(1), 1-6. <a href=\"https:\/\/doi.org\/10.1016\/j.smhs.2020.03.004\">https:\/\/doi.org\/10.1016\/j.smhs.2020.03.004<\/a><\/p>\n\n\n\n<p class=\"has-small-font-size\">Furman, D., et al. (2019). Chronic inflammation in the etiology of disease across the life span. <em>Nature medicine<\/em>, <em>25<\/em>(12), 1822-1832. <a href=\"https:\/\/doi.org\/10.1038\/s41591-019-0675-0\">https:\/\/doi.org\/10.1038\/s41591-019-0675-0<\/a><\/p>\n\n\n\n<p class=\"has-small-font-size\">Pahwa, R., Goyal, A., &amp; Jialal, I. (2018). Chronic inflammation. <a href=\"https:\/\/www.ncbi.nlm.nih.gov\/books\/NBK493173\/\">https:\/\/www.ncbi.nlm.nih.gov\/books\/NBK493173\/<\/a><\/p>\n\n\n\n<p class=\"has-small-font-size\">Orlando, F., &amp; Mainous III, A. (2024). Inflammation and chronic disease. <em>Frontiers in Medicine<\/em>, <em>11<\/em>, 1434533. <a href=\"https:\/\/doi.org\/10.3389\/fmed.2024.1434533\">https:\/\/doi.org\/10.3389\/fmed.2024.1434533<\/a><\/p>\n<\/details>\n\n\n\n<p class=\"has-small-font-size\"><strong>Descargo de responsabilidad:&nbsp;<\/strong>esta publicaci\u00f3n tiene fines informativos \u00fanicamente y no debe interpretarse como consejo m\u00e9dico o nutricional personalizado. Consulta siempre a un profesional de la salud antes de realizar cualquier cambio en tu r\u00e9gimen de medicaci\u00f3n o alimentaci\u00f3n.<\/p>\n\n\n\n<p><\/p>\n","protected":false},"excerpt":{"rendered":"<p>La inflamaci\u00f3n cr\u00f3nica afecta nuestra salud m\u00e1s de lo que muchos imaginan, y se encuentra detr\u00e1s de la epidemia de enfermedades modernas.<\/p>\n","protected":false},"author":1,"featured_media":423,"comment_status":"open","ping_status":"open","sticky":false,"template":"","format":"standard","meta":{"_themeisle_gutenberg_block_has_review":false,"_jetpack_memberships_contains_paid_content":false,"footnotes":""},"categories":[77],"tags":[91,90,92,14,70,89,88],"class_list":["post-417","post","type-post","status-publish","format-standard","has-post-thumbnail","hentry","category-salud","tag-alimentos-antiinflamatorios","tag-alimentos-inflamatorios","tag-dieta-antiinflamatoria","tag-enfermedades-cronicas","tag-inflamacion","tag-inflamacion-cronica","tag-inflamacion-sistemica"],"yoast_head":"<!-- This site is optimized with the Yoast SEO plugin v27.5 - https:\/\/yoast.com\/product\/yoast-seo-wordpress\/ -->\n<title>La inflamaci\u00f3n: una espada de doble filo - Nelson Razo | Nutri\u00f3logo<\/title>\n<meta name=\"description\" content=\"La inflamaci\u00f3n cr\u00f3nica afecta nuestra salud m\u00e1s de lo que muchos imaginan, y se encuentra detr\u00e1s de la epidemia de enfermedades modernas.\" \/>\n<meta name=\"robots\" content=\"index, follow, max-snippet:-1, max-image-preview:large, max-video-preview:-1\" \/>\n<link rel=\"canonical\" href=\"https:\/\/nelsonrazo.com\/nutricion\/2024\/10\/07\/la-inflamacion-una-espada-de-doble-filo\/\" \/>\n<meta property=\"og:locale\" content=\"es_ES\" \/>\n<meta property=\"og:type\" content=\"article\" \/>\n<meta property=\"og:title\" content=\"La inflamaci\u00f3n: una espada de doble filo - Nelson Razo | Nutri\u00f3logo\" \/>\n<meta property=\"og:description\" content=\"La inflamaci\u00f3n cr\u00f3nica afecta nuestra salud m\u00e1s de lo que muchos imaginan, y se encuentra detr\u00e1s de la epidemia de enfermedades modernas.\" \/>\n<meta property=\"og:url\" content=\"https:\/\/nelsonrazo.com\/nutricion\/2024\/10\/07\/la-inflamacion-una-espada-de-doble-filo\/\" \/>\n<meta property=\"og:site_name\" content=\"Nelson Razo | Nutri\u00f3logo\" \/>\n<meta property=\"article:publisher\" content=\"https:\/\/www.facebook.com\/nelson.razo\" \/>\n<meta property=\"article:published_time\" content=\"2024-10-07T05:24:03+00:00\" \/>\n<meta property=\"article:modified_time\" content=\"2024-10-07T05:24:04+00:00\" \/>\n<meta property=\"og:image\" content=\"https:\/\/nelsonrazo.com\/nutricion\/wp-content\/uploads\/sites\/2\/2024\/10\/inflamacion_sis.jpg\" \/>\n\t<meta property=\"og:image:width\" content=\"920\" \/>\n\t<meta property=\"og:image:height\" content=\"500\" \/>\n\t<meta property=\"og:image:type\" content=\"image\/jpeg\" \/>\n<meta name=\"author\" content=\"Nelson Razo\" \/>\n<meta name=\"twitter:card\" content=\"summary_large_image\" \/>\n<meta name=\"twitter:site\" content=\"@nelsonrazoa\" \/>\n<meta name=\"twitter:label1\" content=\"Escrito por\" \/>\n\t<meta name=\"twitter:data1\" content=\"Nelson Razo\" \/>\n\t<meta name=\"twitter:label2\" content=\"Tiempo de lectura\" \/>\n\t<meta name=\"twitter:data2\" content=\"5 minutos\" \/>\n<script type=\"application\/ld+json\" class=\"yoast-schema-graph\">{\"@context\":\"https:\\\/\\\/schema.org\",\"@graph\":[{\"@type\":\"Article\",\"@id\":\"https:\\\/\\\/nelsonrazo.com\\\/nutricion\\\/2024\\\/10\\\/07\\\/la-inflamacion-una-espada-de-doble-filo\\\/#article\",\"isPartOf\":{\"@id\":\"https:\\\/\\\/nelsonrazo.com\\\/nutricion\\\/2024\\\/10\\\/07\\\/la-inflamacion-una-espada-de-doble-filo\\\/\"},\"author\":{\"name\":\"Nelson Razo\",\"@id\":\"https:\\\/\\\/nelsonrazo.com\\\/nutricion\\\/#\\\/schema\\\/person\\\/b16573f361a138262629c000e04c2d96\"},\"headline\":\"La inflamaci\u00f3n: una espada de doble filo\",\"datePublished\":\"2024-10-07T05:24:03+00:00\",\"dateModified\":\"2024-10-07T05:24:04+00:00\",\"mainEntityOfPage\":{\"@id\":\"https:\\\/\\\/nelsonrazo.com\\\/nutricion\\\/2024\\\/10\\\/07\\\/la-inflamacion-una-espada-de-doble-filo\\\/\"},\"wordCount\":1060,\"commentCount\":0,\"publisher\":{\"@id\":\"https:\\\/\\\/nelsonrazo.com\\\/nutricion\\\/#\\\/schema\\\/person\\\/f2a003e98f8f79c1dbbf148cc5f9aede\"},\"image\":{\"@id\":\"https:\\\/\\\/nelsonrazo.com\\\/nutricion\\\/2024\\\/10\\\/07\\\/la-inflamacion-una-espada-de-doble-filo\\\/#primaryimage\"},\"thumbnailUrl\":\"https:\\\/\\\/nelsonrazo.com\\\/nutricion\\\/wp-content\\\/uploads\\\/sites\\\/2\\\/2024\\\/10\\\/inflamacion_sis.jpg\",\"keywords\":[\"alimentos antiinflamatorios\",\"alimentos inflamatorios\",\"dieta antiinflamatoria\",\"enfermedades cronicas\",\"inflamacion\",\"inflamacion cronica\",\"inflamacion sistemica\"],\"articleSection\":[\"Salud\"],\"inLanguage\":\"es\",\"potentialAction\":[{\"@type\":\"CommentAction\",\"name\":\"Comment\",\"target\":[\"https:\\\/\\\/nelsonrazo.com\\\/nutricion\\\/2024\\\/10\\\/07\\\/la-inflamacion-una-espada-de-doble-filo\\\/#respond\"]}]},{\"@type\":\"WebPage\",\"@id\":\"https:\\\/\\\/nelsonrazo.com\\\/nutricion\\\/2024\\\/10\\\/07\\\/la-inflamacion-una-espada-de-doble-filo\\\/\",\"url\":\"https:\\\/\\\/nelsonrazo.com\\\/nutricion\\\/2024\\\/10\\\/07\\\/la-inflamacion-una-espada-de-doble-filo\\\/\",\"name\":\"La inflamaci\u00f3n: una espada de doble filo - Nelson Razo | Nutri\u00f3logo\",\"isPartOf\":{\"@id\":\"https:\\\/\\\/nelsonrazo.com\\\/nutricion\\\/#website\"},\"primaryImageOfPage\":{\"@id\":\"https:\\\/\\\/nelsonrazo.com\\\/nutricion\\\/2024\\\/10\\\/07\\\/la-inflamacion-una-espada-de-doble-filo\\\/#primaryimage\"},\"image\":{\"@id\":\"https:\\\/\\\/nelsonrazo.com\\\/nutricion\\\/2024\\\/10\\\/07\\\/la-inflamacion-una-espada-de-doble-filo\\\/#primaryimage\"},\"thumbnailUrl\":\"https:\\\/\\\/nelsonrazo.com\\\/nutricion\\\/wp-content\\\/uploads\\\/sites\\\/2\\\/2024\\\/10\\\/inflamacion_sis.jpg\",\"datePublished\":\"2024-10-07T05:24:03+00:00\",\"dateModified\":\"2024-10-07T05:24:04+00:00\",\"description\":\"La inflamaci\u00f3n cr\u00f3nica afecta nuestra salud m\u00e1s de lo que muchos imaginan, y se encuentra detr\u00e1s de la epidemia de enfermedades modernas.\",\"breadcrumb\":{\"@id\":\"https:\\\/\\\/nelsonrazo.com\\\/nutricion\\\/2024\\\/10\\\/07\\\/la-inflamacion-una-espada-de-doble-filo\\\/#breadcrumb\"},\"inLanguage\":\"es\",\"potentialAction\":[{\"@type\":\"ReadAction\",\"target\":[\"https:\\\/\\\/nelsonrazo.com\\\/nutricion\\\/2024\\\/10\\\/07\\\/la-inflamacion-una-espada-de-doble-filo\\\/\"]}]},{\"@type\":\"ImageObject\",\"inLanguage\":\"es\",\"@id\":\"https:\\\/\\\/nelsonrazo.com\\\/nutricion\\\/2024\\\/10\\\/07\\\/la-inflamacion-una-espada-de-doble-filo\\\/#primaryimage\",\"url\":\"https:\\\/\\\/nelsonrazo.com\\\/nutricion\\\/wp-content\\\/uploads\\\/sites\\\/2\\\/2024\\\/10\\\/inflamacion_sis.jpg\",\"contentUrl\":\"https:\\\/\\\/nelsonrazo.com\\\/nutricion\\\/wp-content\\\/uploads\\\/sites\\\/2\\\/2024\\\/10\\\/inflamacion_sis.jpg\",\"width\":920,\"height\":500,\"caption\":\"El doble filo de la inflamaci\u00f3n\"},{\"@type\":\"BreadcrumbList\",\"@id\":\"https:\\\/\\\/nelsonrazo.com\\\/nutricion\\\/2024\\\/10\\\/07\\\/la-inflamacion-una-espada-de-doble-filo\\\/#breadcrumb\",\"itemListElement\":[{\"@type\":\"ListItem\",\"position\":1,\"name\":\"Portada\",\"item\":\"https:\\\/\\\/nelsonrazo.com\\\/nutricion\\\/\"},{\"@type\":\"ListItem\",\"position\":2,\"name\":\"La inflamaci\u00f3n: una espada de doble filo\"}]},{\"@type\":\"WebSite\",\"@id\":\"https:\\\/\\\/nelsonrazo.com\\\/nutricion\\\/#website\",\"url\":\"https:\\\/\\\/nelsonrazo.com\\\/nutricion\\\/\",\"name\":\"Nelson Razo | Nutrici\u00f3n\",\"description\":\"Nutri\u00f3logo experto en Salud Metab\u00f3lica en Tecate\",\"publisher\":{\"@id\":\"https:\\\/\\\/nelsonrazo.com\\\/nutricion\\\/#\\\/schema\\\/person\\\/f2a003e98f8f79c1dbbf148cc5f9aede\"},\"alternateName\":\"Nutri\u00f3logo Nelson Razo\",\"potentialAction\":[{\"@type\":\"SearchAction\",\"target\":{\"@type\":\"EntryPoint\",\"urlTemplate\":\"https:\\\/\\\/nelsonrazo.com\\\/nutricion\\\/?s={search_term_string}\"},\"query-input\":{\"@type\":\"PropertyValueSpecification\",\"valueRequired\":true,\"valueName\":\"search_term_string\"}}],\"inLanguage\":\"es\"},{\"@type\":[\"Person\",\"Organization\"],\"@id\":\"https:\\\/\\\/nelsonrazo.com\\\/nutricion\\\/#\\\/schema\\\/person\\\/f2a003e98f8f79c1dbbf148cc5f9aede\",\"name\":\"Nelson Razo\",\"image\":{\"@type\":\"ImageObject\",\"inLanguage\":\"es\",\"@id\":\"https:\\\/\\\/nelsonrazo.com\\\/nutricion\\\/wp-content\\\/uploads\\\/sites\\\/2\\\/2024\\\/01\\\/brn_favicon_logo.png\",\"url\":\"https:\\\/\\\/nelsonrazo.com\\\/nutricion\\\/wp-content\\\/uploads\\\/sites\\\/2\\\/2024\\\/01\\\/brn_favicon_logo.png\",\"contentUrl\":\"https:\\\/\\\/nelsonrazo.com\\\/nutricion\\\/wp-content\\\/uploads\\\/sites\\\/2\\\/2024\\\/01\\\/brn_favicon_logo.png\",\"width\":902,\"height\":901,\"caption\":\"Nelson Razo\"},\"logo\":{\"@id\":\"https:\\\/\\\/nelsonrazo.com\\\/nutricion\\\/wp-content\\\/uploads\\\/sites\\\/2\\\/2024\\\/01\\\/brn_favicon_logo.png\"},\"description\":\"Nutri\u00f3logo enfocado en Salud Metab\u00f3lica y Nutrici\u00f3n Cl\u00ednica. Divulgador de la evidencia en salud y nutrici\u00f3n para la promoci\u00f3n de la salud p\u00fablica. Experto en branding y marketing digital que disfruta del running, la lectura y la investigaci\u00f3n.\",\"sameAs\":[\"https:\\\/\\\/nelsonrazo.com\",\"https:\\\/\\\/www.facebook.com\\\/nelson.razo\",\"https:\\\/\\\/www.instagram.com\\\/nelsonrazo\\\/\",\"https:\\\/\\\/mx.linkedin.com\\\/in\\\/nelsonrazo\",\"https:\\\/\\\/x.com\\\/nelsonrazoa\"]},{\"@type\":\"Person\",\"@id\":\"https:\\\/\\\/nelsonrazo.com\\\/nutricion\\\/#\\\/schema\\\/person\\\/b16573f361a138262629c000e04c2d96\",\"name\":\"Nelson Razo\",\"image\":{\"@type\":\"ImageObject\",\"inLanguage\":\"es\",\"@id\":\"https:\\\/\\\/secure.gravatar.com\\\/avatar\\\/4b378214665597a637026edd710c2e4d92f84fdd2aa6e3a49bd352bc167d6675?s=96&d=mm&r=g\",\"url\":\"https:\\\/\\\/secure.gravatar.com\\\/avatar\\\/4b378214665597a637026edd710c2e4d92f84fdd2aa6e3a49bd352bc167d6675?s=96&d=mm&r=g\",\"contentUrl\":\"https:\\\/\\\/secure.gravatar.com\\\/avatar\\\/4b378214665597a637026edd710c2e4d92f84fdd2aa6e3a49bd352bc167d6675?s=96&d=mm&r=g\",\"caption\":\"Nelson Razo\"},\"sameAs\":[\"https:\\\/\\\/nelsonrazo.com\"],\"url\":\"https:\\\/\\\/nelsonrazo.com\\\/nutricion\\\/author\\\/nelradmin\\\/\"}]}<\/script>\n<!-- \/ Yoast SEO plugin. -->","yoast_head_json":{"title":"La inflamaci\u00f3n: una espada de doble filo - Nelson Razo | Nutri\u00f3logo","description":"La inflamaci\u00f3n cr\u00f3nica afecta nuestra salud m\u00e1s de lo que muchos imaginan, y se encuentra detr\u00e1s de la epidemia de enfermedades modernas.","robots":{"index":"index","follow":"follow","max-snippet":"max-snippet:-1","max-image-preview":"max-image-preview:large","max-video-preview":"max-video-preview:-1"},"canonical":"https:\/\/nelsonrazo.com\/nutricion\/2024\/10\/07\/la-inflamacion-una-espada-de-doble-filo\/","og_locale":"es_ES","og_type":"article","og_title":"La inflamaci\u00f3n: una espada de doble filo - Nelson Razo | Nutri\u00f3logo","og_description":"La inflamaci\u00f3n cr\u00f3nica afecta nuestra salud m\u00e1s de lo que muchos imaginan, y se encuentra detr\u00e1s de la epidemia de enfermedades modernas.","og_url":"https:\/\/nelsonrazo.com\/nutricion\/2024\/10\/07\/la-inflamacion-una-espada-de-doble-filo\/","og_site_name":"Nelson Razo | Nutri\u00f3logo","article_publisher":"https:\/\/www.facebook.com\/nelson.razo","article_published_time":"2024-10-07T05:24:03+00:00","article_modified_time":"2024-10-07T05:24:04+00:00","og_image":[{"width":920,"height":500,"url":"https:\/\/nelsonrazo.com\/nutricion\/wp-content\/uploads\/sites\/2\/2024\/10\/inflamacion_sis.jpg","type":"image\/jpeg"}],"author":"Nelson Razo","twitter_card":"summary_large_image","twitter_site":"@nelsonrazoa","twitter_misc":{"Escrito por":"Nelson Razo","Tiempo de lectura":"5 minutos"},"schema":{"@context":"https:\/\/schema.org","@graph":[{"@type":"Article","@id":"https:\/\/nelsonrazo.com\/nutricion\/2024\/10\/07\/la-inflamacion-una-espada-de-doble-filo\/#article","isPartOf":{"@id":"https:\/\/nelsonrazo.com\/nutricion\/2024\/10\/07\/la-inflamacion-una-espada-de-doble-filo\/"},"author":{"name":"Nelson Razo","@id":"https:\/\/nelsonrazo.com\/nutricion\/#\/schema\/person\/b16573f361a138262629c000e04c2d96"},"headline":"La inflamaci\u00f3n: una espada de doble filo","datePublished":"2024-10-07T05:24:03+00:00","dateModified":"2024-10-07T05:24:04+00:00","mainEntityOfPage":{"@id":"https:\/\/nelsonrazo.com\/nutricion\/2024\/10\/07\/la-inflamacion-una-espada-de-doble-filo\/"},"wordCount":1060,"commentCount":0,"publisher":{"@id":"https:\/\/nelsonrazo.com\/nutricion\/#\/schema\/person\/f2a003e98f8f79c1dbbf148cc5f9aede"},"image":{"@id":"https:\/\/nelsonrazo.com\/nutricion\/2024\/10\/07\/la-inflamacion-una-espada-de-doble-filo\/#primaryimage"},"thumbnailUrl":"https:\/\/nelsonrazo.com\/nutricion\/wp-content\/uploads\/sites\/2\/2024\/10\/inflamacion_sis.jpg","keywords":["alimentos antiinflamatorios","alimentos inflamatorios","dieta antiinflamatoria","enfermedades cronicas","inflamacion","inflamacion cronica","inflamacion sistemica"],"articleSection":["Salud"],"inLanguage":"es","potentialAction":[{"@type":"CommentAction","name":"Comment","target":["https:\/\/nelsonrazo.com\/nutricion\/2024\/10\/07\/la-inflamacion-una-espada-de-doble-filo\/#respond"]}]},{"@type":"WebPage","@id":"https:\/\/nelsonrazo.com\/nutricion\/2024\/10\/07\/la-inflamacion-una-espada-de-doble-filo\/","url":"https:\/\/nelsonrazo.com\/nutricion\/2024\/10\/07\/la-inflamacion-una-espada-de-doble-filo\/","name":"La inflamaci\u00f3n: una espada de doble filo - Nelson Razo | Nutri\u00f3logo","isPartOf":{"@id":"https:\/\/nelsonrazo.com\/nutricion\/#website"},"primaryImageOfPage":{"@id":"https:\/\/nelsonrazo.com\/nutricion\/2024\/10\/07\/la-inflamacion-una-espada-de-doble-filo\/#primaryimage"},"image":{"@id":"https:\/\/nelsonrazo.com\/nutricion\/2024\/10\/07\/la-inflamacion-una-espada-de-doble-filo\/#primaryimage"},"thumbnailUrl":"https:\/\/nelsonrazo.com\/nutricion\/wp-content\/uploads\/sites\/2\/2024\/10\/inflamacion_sis.jpg","datePublished":"2024-10-07T05:24:03+00:00","dateModified":"2024-10-07T05:24:04+00:00","description":"La inflamaci\u00f3n cr\u00f3nica afecta nuestra salud m\u00e1s de lo que muchos imaginan, y se encuentra detr\u00e1s de la epidemia de enfermedades modernas.","breadcrumb":{"@id":"https:\/\/nelsonrazo.com\/nutricion\/2024\/10\/07\/la-inflamacion-una-espada-de-doble-filo\/#breadcrumb"},"inLanguage":"es","potentialAction":[{"@type":"ReadAction","target":["https:\/\/nelsonrazo.com\/nutricion\/2024\/10\/07\/la-inflamacion-una-espada-de-doble-filo\/"]}]},{"@type":"ImageObject","inLanguage":"es","@id":"https:\/\/nelsonrazo.com\/nutricion\/2024\/10\/07\/la-inflamacion-una-espada-de-doble-filo\/#primaryimage","url":"https:\/\/nelsonrazo.com\/nutricion\/wp-content\/uploads\/sites\/2\/2024\/10\/inflamacion_sis.jpg","contentUrl":"https:\/\/nelsonrazo.com\/nutricion\/wp-content\/uploads\/sites\/2\/2024\/10\/inflamacion_sis.jpg","width":920,"height":500,"caption":"El doble filo de la inflamaci\u00f3n"},{"@type":"BreadcrumbList","@id":"https:\/\/nelsonrazo.com\/nutricion\/2024\/10\/07\/la-inflamacion-una-espada-de-doble-filo\/#breadcrumb","itemListElement":[{"@type":"ListItem","position":1,"name":"Portada","item":"https:\/\/nelsonrazo.com\/nutricion\/"},{"@type":"ListItem","position":2,"name":"La inflamaci\u00f3n: una espada de doble filo"}]},{"@type":"WebSite","@id":"https:\/\/nelsonrazo.com\/nutricion\/#website","url":"https:\/\/nelsonrazo.com\/nutricion\/","name":"Nelson Razo | Nutrici\u00f3n","description":"Nutri\u00f3logo experto en Salud Metab\u00f3lica en Tecate","publisher":{"@id":"https:\/\/nelsonrazo.com\/nutricion\/#\/schema\/person\/f2a003e98f8f79c1dbbf148cc5f9aede"},"alternateName":"Nutri\u00f3logo Nelson Razo","potentialAction":[{"@type":"SearchAction","target":{"@type":"EntryPoint","urlTemplate":"https:\/\/nelsonrazo.com\/nutricion\/?s={search_term_string}"},"query-input":{"@type":"PropertyValueSpecification","valueRequired":true,"valueName":"search_term_string"}}],"inLanguage":"es"},{"@type":["Person","Organization"],"@id":"https:\/\/nelsonrazo.com\/nutricion\/#\/schema\/person\/f2a003e98f8f79c1dbbf148cc5f9aede","name":"Nelson Razo","image":{"@type":"ImageObject","inLanguage":"es","@id":"https:\/\/nelsonrazo.com\/nutricion\/wp-content\/uploads\/sites\/2\/2024\/01\/brn_favicon_logo.png","url":"https:\/\/nelsonrazo.com\/nutricion\/wp-content\/uploads\/sites\/2\/2024\/01\/brn_favicon_logo.png","contentUrl":"https:\/\/nelsonrazo.com\/nutricion\/wp-content\/uploads\/sites\/2\/2024\/01\/brn_favicon_logo.png","width":902,"height":901,"caption":"Nelson Razo"},"logo":{"@id":"https:\/\/nelsonrazo.com\/nutricion\/wp-content\/uploads\/sites\/2\/2024\/01\/brn_favicon_logo.png"},"description":"Nutri\u00f3logo enfocado en Salud Metab\u00f3lica y Nutrici\u00f3n Cl\u00ednica. Divulgador de la evidencia en salud y nutrici\u00f3n para la promoci\u00f3n de la salud p\u00fablica. Experto en branding y marketing digital que disfruta del running, la lectura y la investigaci\u00f3n.","sameAs":["https:\/\/nelsonrazo.com","https:\/\/www.facebook.com\/nelson.razo","https:\/\/www.instagram.com\/nelsonrazo\/","https:\/\/mx.linkedin.com\/in\/nelsonrazo","https:\/\/x.com\/nelsonrazoa"]},{"@type":"Person","@id":"https:\/\/nelsonrazo.com\/nutricion\/#\/schema\/person\/b16573f361a138262629c000e04c2d96","name":"Nelson Razo","image":{"@type":"ImageObject","inLanguage":"es","@id":"https:\/\/secure.gravatar.com\/avatar\/4b378214665597a637026edd710c2e4d92f84fdd2aa6e3a49bd352bc167d6675?s=96&d=mm&r=g","url":"https:\/\/secure.gravatar.com\/avatar\/4b378214665597a637026edd710c2e4d92f84fdd2aa6e3a49bd352bc167d6675?s=96&d=mm&r=g","contentUrl":"https:\/\/secure.gravatar.com\/avatar\/4b378214665597a637026edd710c2e4d92f84fdd2aa6e3a49bd352bc167d6675?s=96&d=mm&r=g","caption":"Nelson Razo"},"sameAs":["https:\/\/nelsonrazo.com"],"url":"https:\/\/nelsonrazo.com\/nutricion\/author\/nelradmin\/"}]}},"jetpack_featured_media_url":"https:\/\/nelsonrazo.com\/nutricion\/wp-content\/uploads\/sites\/2\/2024\/10\/inflamacion_sis.jpg","jetpack_shortlink":"https:\/\/wp.me\/pfrB9s-6J","jetpack_sharing_enabled":true,"_links":{"self":[{"href":"https:\/\/nelsonrazo.com\/nutricion\/wp-json\/wp\/v2\/posts\/417","targetHints":{"allow":["GET"]}}],"collection":[{"href":"https:\/\/nelsonrazo.com\/nutricion\/wp-json\/wp\/v2\/posts"}],"about":[{"href":"https:\/\/nelsonrazo.com\/nutricion\/wp-json\/wp\/v2\/types\/post"}],"author":[{"embeddable":true,"href":"https:\/\/nelsonrazo.com\/nutricion\/wp-json\/wp\/v2\/users\/1"}],"replies":[{"embeddable":true,"href":"https:\/\/nelsonrazo.com\/nutricion\/wp-json\/wp\/v2\/comments?post=417"}],"version-history":[{"count":3,"href":"https:\/\/nelsonrazo.com\/nutricion\/wp-json\/wp\/v2\/posts\/417\/revisions"}],"predecessor-version":[{"id":424,"href":"https:\/\/nelsonrazo.com\/nutricion\/wp-json\/wp\/v2\/posts\/417\/revisions\/424"}],"wp:featuredmedia":[{"embeddable":true,"href":"https:\/\/nelsonrazo.com\/nutricion\/wp-json\/wp\/v2\/media\/423"}],"wp:attachment":[{"href":"https:\/\/nelsonrazo.com\/nutricion\/wp-json\/wp\/v2\/media?parent=417"}],"wp:term":[{"taxonomy":"category","embeddable":true,"href":"https:\/\/nelsonrazo.com\/nutricion\/wp-json\/wp\/v2\/categories?post=417"},{"taxonomy":"post_tag","embeddable":true,"href":"https:\/\/nelsonrazo.com\/nutricion\/wp-json\/wp\/v2\/tags?post=417"}],"curies":[{"name":"wp","href":"https:\/\/api.w.org\/{rel}","templated":true}]}}