{"id":382,"date":"2024-10-01T20:44:51","date_gmt":"2024-10-01T18:44:51","guid":{"rendered":"https:\/\/nelsonrazo.com\/nutricion\/?p=382"},"modified":"2024-10-01T20:44:52","modified_gmt":"2024-10-01T18:44:52","slug":"razon-deberias-tomar-cafe","status":"publish","type":"post","link":"https:\/\/nelsonrazo.com\/nutricion\/2024\/10\/01\/razon-deberias-tomar-cafe\/","title":{"rendered":"La raz\u00f3n por la que deber\u00edas tomar caf\u00e9"},"content":{"rendered":"\n<p>El caf\u00e9 es la bebida favorita de muchos, especialmente para despertar por la ma\u00f1ana y para mantenernos despiertos y activos durante el d\u00eda. Pero, \u00bfsab\u00edas que esta bebida popular tiene mucho m\u00e1s que ofrecer que simplemente una ayuda con tus niveles de energ\u00eda? De hecho, el consumo moderado de caf\u00e9 se ha relacionado con varios beneficios impresionantes para la salud que pueden mejorar tu bienestar general.<\/p>\n\n\n\n<h3 class=\"wp-block-heading\">Los beneficios m\u00faltiples del caf\u00e9<\/h3>\n\n\n\n<p>Empecemos por lo b\u00e1sico. La cafe\u00edna, el ingrediente activo principal del caf\u00e9, act\u00faa inhibiendo la adenosina, una sustancia qu\u00edmica que ayuda a regular los patrones de sue\u00f1o. Esto conduce a un mayor estado de alerta y vigilia, lo que facilita afrontar el d\u00eda. Pero eso no es todo: la cafe\u00edna tambi\u00e9n tiene beneficios cognitivos, es decir del funcionamiento del cerebro, como mejorar la agudeza mental y la concentraci\u00f3n.<\/p>\n\n\n\n<p>Pero, \u00bfqu\u00e9 pasa con la parte f\u00edsica? \u00bfSab\u00edas que el consumo de caf\u00e9 puede aumentar el metabolismo, lo que podr\u00eda ayudarte a <a href=\"https:\/\/nelsonrazo.com\/nutricion\/2024\/01\/10\/la-obesidad-como-una-enfermedad-mas-alla-del-exceso-de-peso\/\">perder peso<\/a>? Adem\u00e1s, agregar aceite MCT o mantequilla a tu bebida cafe\u00ednica puede mejorar estos beneficios al proporcionar una fuente de energ\u00eda sostenida. A esto se le conoce como Caf\u00e9 Bulletproof y est\u00e1 muy de moda de un tiempo a la fecha entre las personas que llevan una <a href=\"https:\/\/youtu.be\/f7pbcc8Fans?si=n_fdCDZ1yoHK9t_3\">dieta baja en carbohidratos<\/a> o <a href=\"https:\/\/cuidatehoy.com\/la-dieta-cetogenica-mitos-y-realidades\/\">cetog\u00e9nica<\/a>.<\/p>\n\n\n\n<p>Y si eres un entusiasta del fitness, te alegrar\u00e1 saber que el caf\u00e9 tambi\u00e9n puede retrasar el dolor muscular despu\u00e9s de la actividad f\u00edsica, gracias a sus efectos vasodilatadores.<\/p>\n\n\n\n<h3 class=\"wp-block-heading\">El poder del caf\u00e9 contra enfermedades cr\u00f3nicas<\/h3>\n\n\n\n<p>Ahora, analicemos los beneficios para la salud del consumo de caf\u00e9. Se ha descubierto que los bebedores moderados reducen el riesgo de desarrollar <a href=\"https:\/\/nelsonrazo.com\/nutricion\/2024\/08\/27\/el-poder-del-ayuno-para-un-cerebro-sano\/\">demencia<\/a> y ciertas formas de enfermedad de Parkinson. Incluso se ha encontrado que el caf\u00e9 reduce el riesgo de c\u00e1lculos biliares al aumentar la producci\u00f3n y el flujo de bilis. Y si te preocupa la salud intestinal, los polifenoles del caf\u00e9 pueden ayudar a mantener un microbioma (los microorganismos que viven en tu intestino) saludable. Ah, y tambi\u00e9n puede ayudar contra la <a href=\"https:\/\/nelsonrazo.com\/nutricion\/2024\/07\/29\/la-diabetes-tipo-2-no-es-lo-que-crees\/\">diabetes tipo 2<\/a>.<\/p>\n\n\n\n<p>Pero eso no es todo: el consumo de caf\u00e9 tambi\u00e9n se ha relacionado con un mejor rendimiento deportivo, un mayor suministro de ox\u00edgeno a los m\u00fasculos e incluso un rendimiento adaptado a grandes altitudes. Y no olvidemos las posibles propiedades antiinflamatorias de ciertos compuestos del caf\u00e9, que podr\u00edan beneficiar la salud en general.<\/p>\n\n\n\n<p>As\u00ed que, sabiendo lo anterior, la raz\u00f3n por la que deber\u00edas tomar caf\u00e9 es que en realidad son varias las razones.<\/p>\n\n\n\n<h3 class=\"wp-block-heading\">\u00bfCu\u00e1nta cafe\u00edna es saludable?<\/h3>\n\n\n\n<p>Por supuesto, es esencial recordar que la tolerancia individual a esta bebida var\u00eda mucho. El consumo excesivo puede provocar nerviosismo, ansiedad y otros efectos adversos. Entonces, \u00bfqu\u00e9 constituye exactamente el consumo moderado? Lo que se sugiere es de 300 a 400 mg de cafe\u00edna por d\u00eda, equivalente a aproximadamente de 3 a 4 tazas de caf\u00e9 preparado.<\/p>\n\n\n\n<p>Como con todo, la moderaci\u00f3n es clave. Y si te preocupa tu h\u00e1bito de tomar caf\u00e9 o deseas recibir asesoramiento personalizado sobre c\u00f3mo mejorar tu salud en general en relaci\u00f3n con tus h\u00e1bitos alimenticios, puedes <a href=\"https:\/\/nelsonrazo.com\/nutricion\/agenda-tu-consulta\/\">agendar una consulta<\/a> nutricional. <\/p>\n\n\n\n<p>Como nutri\u00f3logo enfocado en recuperaci\u00f3n de la salud metab\u00f3lica de mis pacientes, puedo ofrecerle orientaci\u00f3n personalizada sobre c\u00f3mo incorporar el caf\u00e9 (u otros alimentos y bebidas) a una dieta saludable.<\/p>\n\n\n\n<details class=\"wp-block-details is-layout-flow wp-block-details-is-layout-flow\"><summary>Referencias<\/summary>\n<p class=\"has-small-font-size\">Barrea, L., et al. (2023). Coffee consumption, health benefits and side effects: a narrative review and update for dietitians and nutritionists. Critical reviews in food science and nutrition, 63(9), 1238-1261. <a href=\"https:\/\/doi.org\/10.1080\/10408398.2021.1963207\">https:\/\/doi.org\/10.1080\/10408398.2021.1963207<\/a><\/p>\n\n\n\n<p class=\"has-small-font-size\">Hong, C., et al. (2020). The effect of caffeine on the risk and progression of Parkinson\u2019s disease: A meta-analysis. Nutrients, 12(6), 1860. <a href=\"https:\/\/doi.org\/10.3390%2Fnu12061860\">https:\/\/doi.org\/10.3390%2Fnu12061860<\/a><\/p>\n\n\n\n<p class=\"has-small-font-size\">Poole, R., et al. (2017). Coffee consumption and health: umbrella review of meta-analyses of multiple health outcomes. bmj, 359. <a href=\"https:\/\/doi.org\/10.1136%2Fbmj.j5024\">https:\/\/doi.org\/10.1136%2Fbmj.j5024<\/a><\/p>\n\n\n\n<p class=\"has-small-font-size\">Sirotkin, A. &amp; Kolesarova, A. (2021). The anti-obesity and health-promoting effects of tea and coffee. Physiological research, 70(2), 161. <a href=\"https:\/\/doi.org\/10.33549\/physiolres.934674\">https:\/\/doi.org\/10.33549\/physiolres.934674<\/a><\/p>\n\n\n\n<p class=\"has-small-font-size\">Wadhawan, M. &amp; Anand, A. (2016). Coffee and liver disease. Journal of clinical and experimental hepatology, 6(1), 40-46. <a href=\"https:\/\/doi.org\/10.1016\/j.jceh.2016.02.003\">https:\/\/doi.org\/10.1016\/j.jceh.2016.02.003<\/a><\/p>\n<\/details>\n\n\n\n<p class=\"has-small-font-size\"><strong>Descargo de responsabilidad:\u00a0<\/strong>esta publicaci\u00f3n tiene fines informativos \u00fanicamente y no debe interpretarse como consejo m\u00e9dico o nutricional personalizado. Consulta siempre a un profesional de la salud antes de realizar cualquier cambio en tu r\u00e9gimen de medicaci\u00f3n o alimentaci\u00f3n.<\/p>\n\n\n\n<p><\/p>\n","protected":false},"excerpt":{"rendered":"<p>No se trata solo de despertar. Conoce c\u00f3mo aprovechar el poder del caf\u00e9 para mejorar tu bienestar y tomar el control de tu salud.<\/p>\n","protected":false},"author":1,"featured_media":383,"comment_status":"open","ping_status":"open","sticky":false,"template":"","format":"standard","meta":{"_themeisle_gutenberg_block_has_review":false,"_jetpack_memberships_contains_paid_content":false,"footnotes":""},"categories":[77],"tags":[74,86,83,84,26,87,59,21,10,85],"class_list":["post-382","post","type-post","status-publish","format-standard","has-post-thumbnail","hentry","category-salud","tag-beneficios","tag-beneficios-del-cafe","tag-cafe","tag-cafeina","tag-diabetes","tag-funcion-cognitiva","tag-perder-peso","tag-perdida-de-peso","tag-salud-metabolica","tag-tomar-cafe"],"yoast_head":"<!-- This site is optimized with the Yoast SEO plugin v27.5 - https:\/\/yoast.com\/product\/yoast-seo-wordpress\/ -->\n<title>La raz\u00f3n por la que deber\u00edas tomar caf\u00e9 - Nelson Razo | Nutri\u00f3logo<\/title>\n<meta name=\"description\" content=\"No se trata solo de despertar. Conoce c\u00f3mo aprovechar el poder del caf\u00e9 para mejorar tu bienestar y tomar el control de tu salud.\" \/>\n<meta name=\"robots\" content=\"index, follow, max-snippet:-1, max-image-preview:large, max-video-preview:-1\" \/>\n<link rel=\"canonical\" href=\"https:\/\/nelsonrazo.com\/nutricion\/2024\/10\/01\/razon-deberias-tomar-cafe\/\" \/>\n<meta property=\"og:locale\" content=\"es_ES\" \/>\n<meta property=\"og:type\" content=\"article\" \/>\n<meta property=\"og:title\" content=\"La raz\u00f3n por la que deber\u00edas tomar caf\u00e9 - Nelson Razo | Nutri\u00f3logo\" \/>\n<meta property=\"og:description\" content=\"No se trata solo de despertar. Conoce c\u00f3mo aprovechar el poder del caf\u00e9 para mejorar tu bienestar y tomar el control de tu salud.\" \/>\n<meta property=\"og:url\" content=\"https:\/\/nelsonrazo.com\/nutricion\/2024\/10\/01\/razon-deberias-tomar-cafe\/\" \/>\n<meta property=\"og:site_name\" content=\"Nelson Razo | Nutri\u00f3logo\" \/>\n<meta property=\"article:publisher\" content=\"https:\/\/www.facebook.com\/nelson.razo\" \/>\n<meta property=\"article:published_time\" content=\"2024-10-01T18:44:51+00:00\" \/>\n<meta property=\"article:modified_time\" content=\"2024-10-01T18:44:52+00:00\" \/>\n<meta property=\"og:image\" content=\"https:\/\/nelsonrazo.com\/nutricion\/wp-content\/uploads\/sites\/2\/2024\/10\/beneficios_cafe.jpg\" \/>\n\t<meta property=\"og:image:width\" content=\"920\" \/>\n\t<meta property=\"og:image:height\" content=\"500\" \/>\n\t<meta property=\"og:image:type\" content=\"image\/jpeg\" \/>\n<meta name=\"author\" content=\"Nelson Razo\" \/>\n<meta name=\"twitter:card\" content=\"summary_large_image\" \/>\n<meta name=\"twitter:site\" content=\"@nelsonrazoa\" \/>\n<meta name=\"twitter:label1\" content=\"Escrito por\" \/>\n\t<meta name=\"twitter:data1\" content=\"Nelson Razo\" \/>\n\t<meta name=\"twitter:label2\" content=\"Tiempo de lectura\" \/>\n\t<meta name=\"twitter:data2\" content=\"4 minutos\" \/>\n<script type=\"application\/ld+json\" class=\"yoast-schema-graph\">{\"@context\":\"https:\\\/\\\/schema.org\",\"@graph\":[{\"@type\":\"Article\",\"@id\":\"https:\\\/\\\/nelsonrazo.com\\\/nutricion\\\/2024\\\/10\\\/01\\\/razon-deberias-tomar-cafe\\\/#article\",\"isPartOf\":{\"@id\":\"https:\\\/\\\/nelsonrazo.com\\\/nutricion\\\/2024\\\/10\\\/01\\\/razon-deberias-tomar-cafe\\\/\"},\"author\":{\"name\":\"Nelson Razo\",\"@id\":\"https:\\\/\\\/nelsonrazo.com\\\/nutricion\\\/#\\\/schema\\\/person\\\/b16573f361a138262629c000e04c2d96\"},\"headline\":\"La raz\u00f3n por la que deber\u00edas tomar caf\u00e9\",\"datePublished\":\"2024-10-01T18:44:51+00:00\",\"dateModified\":\"2024-10-01T18:44:52+00:00\",\"mainEntityOfPage\":{\"@id\":\"https:\\\/\\\/nelsonrazo.com\\\/nutricion\\\/2024\\\/10\\\/01\\\/razon-deberias-tomar-cafe\\\/\"},\"wordCount\":761,\"commentCount\":0,\"publisher\":{\"@id\":\"https:\\\/\\\/nelsonrazo.com\\\/nutricion\\\/#\\\/schema\\\/person\\\/f2a003e98f8f79c1dbbf148cc5f9aede\"},\"image\":{\"@id\":\"https:\\\/\\\/nelsonrazo.com\\\/nutricion\\\/2024\\\/10\\\/01\\\/razon-deberias-tomar-cafe\\\/#primaryimage\"},\"thumbnailUrl\":\"https:\\\/\\\/nelsonrazo.com\\\/nutricion\\\/wp-content\\\/uploads\\\/sites\\\/2\\\/2024\\\/10\\\/beneficios_cafe.jpg\",\"keywords\":[\"beneficios\",\"beneficios del cafe\",\"cafe\",\"cafeina\",\"diabetes\",\"funcion cognitiva\",\"perder peso\",\"perdida de peso\",\"salud metabolica\",\"tomar cafe\"],\"articleSection\":[\"Salud\"],\"inLanguage\":\"es\",\"potentialAction\":[{\"@type\":\"CommentAction\",\"name\":\"Comment\",\"target\":[\"https:\\\/\\\/nelsonrazo.com\\\/nutricion\\\/2024\\\/10\\\/01\\\/razon-deberias-tomar-cafe\\\/#respond\"]}]},{\"@type\":\"WebPage\",\"@id\":\"https:\\\/\\\/nelsonrazo.com\\\/nutricion\\\/2024\\\/10\\\/01\\\/razon-deberias-tomar-cafe\\\/\",\"url\":\"https:\\\/\\\/nelsonrazo.com\\\/nutricion\\\/2024\\\/10\\\/01\\\/razon-deberias-tomar-cafe\\\/\",\"name\":\"La raz\u00f3n por la que deber\u00edas tomar caf\u00e9 - Nelson Razo | Nutri\u00f3logo\",\"isPartOf\":{\"@id\":\"https:\\\/\\\/nelsonrazo.com\\\/nutricion\\\/#website\"},\"primaryImageOfPage\":{\"@id\":\"https:\\\/\\\/nelsonrazo.com\\\/nutricion\\\/2024\\\/10\\\/01\\\/razon-deberias-tomar-cafe\\\/#primaryimage\"},\"image\":{\"@id\":\"https:\\\/\\\/nelsonrazo.com\\\/nutricion\\\/2024\\\/10\\\/01\\\/razon-deberias-tomar-cafe\\\/#primaryimage\"},\"thumbnailUrl\":\"https:\\\/\\\/nelsonrazo.com\\\/nutricion\\\/wp-content\\\/uploads\\\/sites\\\/2\\\/2024\\\/10\\\/beneficios_cafe.jpg\",\"datePublished\":\"2024-10-01T18:44:51+00:00\",\"dateModified\":\"2024-10-01T18:44:52+00:00\",\"description\":\"No se trata solo de despertar. Conoce c\u00f3mo aprovechar el poder del caf\u00e9 para mejorar tu bienestar y tomar el control de tu salud.\",\"breadcrumb\":{\"@id\":\"https:\\\/\\\/nelsonrazo.com\\\/nutricion\\\/2024\\\/10\\\/01\\\/razon-deberias-tomar-cafe\\\/#breadcrumb\"},\"inLanguage\":\"es\",\"potentialAction\":[{\"@type\":\"ReadAction\",\"target\":[\"https:\\\/\\\/nelsonrazo.com\\\/nutricion\\\/2024\\\/10\\\/01\\\/razon-deberias-tomar-cafe\\\/\"]}]},{\"@type\":\"ImageObject\",\"inLanguage\":\"es\",\"@id\":\"https:\\\/\\\/nelsonrazo.com\\\/nutricion\\\/2024\\\/10\\\/01\\\/razon-deberias-tomar-cafe\\\/#primaryimage\",\"url\":\"https:\\\/\\\/nelsonrazo.com\\\/nutricion\\\/wp-content\\\/uploads\\\/sites\\\/2\\\/2024\\\/10\\\/beneficios_cafe.jpg\",\"contentUrl\":\"https:\\\/\\\/nelsonrazo.com\\\/nutricion\\\/wp-content\\\/uploads\\\/sites\\\/2\\\/2024\\\/10\\\/beneficios_cafe.jpg\",\"width\":920,\"height\":500,\"caption\":\"La raz\u00f3n por la que deber\u00edas tomar caf\u00e9\"},{\"@type\":\"BreadcrumbList\",\"@id\":\"https:\\\/\\\/nelsonrazo.com\\\/nutricion\\\/2024\\\/10\\\/01\\\/razon-deberias-tomar-cafe\\\/#breadcrumb\",\"itemListElement\":[{\"@type\":\"ListItem\",\"position\":1,\"name\":\"Portada\",\"item\":\"https:\\\/\\\/nelsonrazo.com\\\/nutricion\\\/\"},{\"@type\":\"ListItem\",\"position\":2,\"name\":\"La raz\u00f3n por la que deber\u00edas tomar caf\u00e9\"}]},{\"@type\":\"WebSite\",\"@id\":\"https:\\\/\\\/nelsonrazo.com\\\/nutricion\\\/#website\",\"url\":\"https:\\\/\\\/nelsonrazo.com\\\/nutricion\\\/\",\"name\":\"Nelson Razo | Nutrici\u00f3n\",\"description\":\"Nutri\u00f3logo experto en Salud Metab\u00f3lica en Tecate\",\"publisher\":{\"@id\":\"https:\\\/\\\/nelsonrazo.com\\\/nutricion\\\/#\\\/schema\\\/person\\\/f2a003e98f8f79c1dbbf148cc5f9aede\"},\"alternateName\":\"Nutri\u00f3logo Nelson Razo\",\"potentialAction\":[{\"@type\":\"SearchAction\",\"target\":{\"@type\":\"EntryPoint\",\"urlTemplate\":\"https:\\\/\\\/nelsonrazo.com\\\/nutricion\\\/?s={search_term_string}\"},\"query-input\":{\"@type\":\"PropertyValueSpecification\",\"valueRequired\":true,\"valueName\":\"search_term_string\"}}],\"inLanguage\":\"es\"},{\"@type\":[\"Person\",\"Organization\"],\"@id\":\"https:\\\/\\\/nelsonrazo.com\\\/nutricion\\\/#\\\/schema\\\/person\\\/f2a003e98f8f79c1dbbf148cc5f9aede\",\"name\":\"Nelson Razo\",\"image\":{\"@type\":\"ImageObject\",\"inLanguage\":\"es\",\"@id\":\"https:\\\/\\\/nelsonrazo.com\\\/nutricion\\\/wp-content\\\/uploads\\\/sites\\\/2\\\/2024\\\/01\\\/brn_favicon_logo.png\",\"url\":\"https:\\\/\\\/nelsonrazo.com\\\/nutricion\\\/wp-content\\\/uploads\\\/sites\\\/2\\\/2024\\\/01\\\/brn_favicon_logo.png\",\"contentUrl\":\"https:\\\/\\\/nelsonrazo.com\\\/nutricion\\\/wp-content\\\/uploads\\\/sites\\\/2\\\/2024\\\/01\\\/brn_favicon_logo.png\",\"width\":902,\"height\":901,\"caption\":\"Nelson Razo\"},\"logo\":{\"@id\":\"https:\\\/\\\/nelsonrazo.com\\\/nutricion\\\/wp-content\\\/uploads\\\/sites\\\/2\\\/2024\\\/01\\\/brn_favicon_logo.png\"},\"description\":\"Nutri\u00f3logo enfocado en Salud Metab\u00f3lica y Nutrici\u00f3n Cl\u00ednica. Divulgador de la evidencia en salud y nutrici\u00f3n para la promoci\u00f3n de la salud p\u00fablica. Experto en branding y marketing digital que disfruta del running, la lectura y la investigaci\u00f3n.\",\"sameAs\":[\"https:\\\/\\\/nelsonrazo.com\",\"https:\\\/\\\/www.facebook.com\\\/nelson.razo\",\"https:\\\/\\\/www.instagram.com\\\/nelsonrazo\\\/\",\"https:\\\/\\\/mx.linkedin.com\\\/in\\\/nelsonrazo\",\"https:\\\/\\\/x.com\\\/nelsonrazoa\"]},{\"@type\":\"Person\",\"@id\":\"https:\\\/\\\/nelsonrazo.com\\\/nutricion\\\/#\\\/schema\\\/person\\\/b16573f361a138262629c000e04c2d96\",\"name\":\"Nelson Razo\",\"image\":{\"@type\":\"ImageObject\",\"inLanguage\":\"es\",\"@id\":\"https:\\\/\\\/secure.gravatar.com\\\/avatar\\\/4b378214665597a637026edd710c2e4d92f84fdd2aa6e3a49bd352bc167d6675?s=96&d=mm&r=g\",\"url\":\"https:\\\/\\\/secure.gravatar.com\\\/avatar\\\/4b378214665597a637026edd710c2e4d92f84fdd2aa6e3a49bd352bc167d6675?s=96&d=mm&r=g\",\"contentUrl\":\"https:\\\/\\\/secure.gravatar.com\\\/avatar\\\/4b378214665597a637026edd710c2e4d92f84fdd2aa6e3a49bd352bc167d6675?s=96&d=mm&r=g\",\"caption\":\"Nelson Razo\"},\"sameAs\":[\"https:\\\/\\\/nelsonrazo.com\"],\"url\":\"https:\\\/\\\/nelsonrazo.com\\\/nutricion\\\/author\\\/nelradmin\\\/\"}]}<\/script>\n<!-- \/ Yoast SEO plugin. -->","yoast_head_json":{"title":"La raz\u00f3n por la que deber\u00edas tomar caf\u00e9 - Nelson Razo | Nutri\u00f3logo","description":"No se trata solo de despertar. Conoce c\u00f3mo aprovechar el poder del caf\u00e9 para mejorar tu bienestar y tomar el control de tu salud.","robots":{"index":"index","follow":"follow","max-snippet":"max-snippet:-1","max-image-preview":"max-image-preview:large","max-video-preview":"max-video-preview:-1"},"canonical":"https:\/\/nelsonrazo.com\/nutricion\/2024\/10\/01\/razon-deberias-tomar-cafe\/","og_locale":"es_ES","og_type":"article","og_title":"La raz\u00f3n por la que deber\u00edas tomar caf\u00e9 - Nelson Razo | Nutri\u00f3logo","og_description":"No se trata solo de despertar. Conoce c\u00f3mo aprovechar el poder del caf\u00e9 para mejorar tu bienestar y tomar el control de tu salud.","og_url":"https:\/\/nelsonrazo.com\/nutricion\/2024\/10\/01\/razon-deberias-tomar-cafe\/","og_site_name":"Nelson Razo | Nutri\u00f3logo","article_publisher":"https:\/\/www.facebook.com\/nelson.razo","article_published_time":"2024-10-01T18:44:51+00:00","article_modified_time":"2024-10-01T18:44:52+00:00","og_image":[{"width":920,"height":500,"url":"https:\/\/nelsonrazo.com\/nutricion\/wp-content\/uploads\/sites\/2\/2024\/10\/beneficios_cafe.jpg","type":"image\/jpeg"}],"author":"Nelson Razo","twitter_card":"summary_large_image","twitter_site":"@nelsonrazoa","twitter_misc":{"Escrito por":"Nelson Razo","Tiempo de lectura":"4 minutos"},"schema":{"@context":"https:\/\/schema.org","@graph":[{"@type":"Article","@id":"https:\/\/nelsonrazo.com\/nutricion\/2024\/10\/01\/razon-deberias-tomar-cafe\/#article","isPartOf":{"@id":"https:\/\/nelsonrazo.com\/nutricion\/2024\/10\/01\/razon-deberias-tomar-cafe\/"},"author":{"name":"Nelson Razo","@id":"https:\/\/nelsonrazo.com\/nutricion\/#\/schema\/person\/b16573f361a138262629c000e04c2d96"},"headline":"La raz\u00f3n por la que deber\u00edas tomar caf\u00e9","datePublished":"2024-10-01T18:44:51+00:00","dateModified":"2024-10-01T18:44:52+00:00","mainEntityOfPage":{"@id":"https:\/\/nelsonrazo.com\/nutricion\/2024\/10\/01\/razon-deberias-tomar-cafe\/"},"wordCount":761,"commentCount":0,"publisher":{"@id":"https:\/\/nelsonrazo.com\/nutricion\/#\/schema\/person\/f2a003e98f8f79c1dbbf148cc5f9aede"},"image":{"@id":"https:\/\/nelsonrazo.com\/nutricion\/2024\/10\/01\/razon-deberias-tomar-cafe\/#primaryimage"},"thumbnailUrl":"https:\/\/nelsonrazo.com\/nutricion\/wp-content\/uploads\/sites\/2\/2024\/10\/beneficios_cafe.jpg","keywords":["beneficios","beneficios del cafe","cafe","cafeina","diabetes","funcion cognitiva","perder peso","perdida de peso","salud metabolica","tomar cafe"],"articleSection":["Salud"],"inLanguage":"es","potentialAction":[{"@type":"CommentAction","name":"Comment","target":["https:\/\/nelsonrazo.com\/nutricion\/2024\/10\/01\/razon-deberias-tomar-cafe\/#respond"]}]},{"@type":"WebPage","@id":"https:\/\/nelsonrazo.com\/nutricion\/2024\/10\/01\/razon-deberias-tomar-cafe\/","url":"https:\/\/nelsonrazo.com\/nutricion\/2024\/10\/01\/razon-deberias-tomar-cafe\/","name":"La raz\u00f3n por la que deber\u00edas tomar caf\u00e9 - Nelson Razo | Nutri\u00f3logo","isPartOf":{"@id":"https:\/\/nelsonrazo.com\/nutricion\/#website"},"primaryImageOfPage":{"@id":"https:\/\/nelsonrazo.com\/nutricion\/2024\/10\/01\/razon-deberias-tomar-cafe\/#primaryimage"},"image":{"@id":"https:\/\/nelsonrazo.com\/nutricion\/2024\/10\/01\/razon-deberias-tomar-cafe\/#primaryimage"},"thumbnailUrl":"https:\/\/nelsonrazo.com\/nutricion\/wp-content\/uploads\/sites\/2\/2024\/10\/beneficios_cafe.jpg","datePublished":"2024-10-01T18:44:51+00:00","dateModified":"2024-10-01T18:44:52+00:00","description":"No se trata solo de despertar. Conoce c\u00f3mo aprovechar el poder del caf\u00e9 para mejorar tu bienestar y tomar el control de tu salud.","breadcrumb":{"@id":"https:\/\/nelsonrazo.com\/nutricion\/2024\/10\/01\/razon-deberias-tomar-cafe\/#breadcrumb"},"inLanguage":"es","potentialAction":[{"@type":"ReadAction","target":["https:\/\/nelsonrazo.com\/nutricion\/2024\/10\/01\/razon-deberias-tomar-cafe\/"]}]},{"@type":"ImageObject","inLanguage":"es","@id":"https:\/\/nelsonrazo.com\/nutricion\/2024\/10\/01\/razon-deberias-tomar-cafe\/#primaryimage","url":"https:\/\/nelsonrazo.com\/nutricion\/wp-content\/uploads\/sites\/2\/2024\/10\/beneficios_cafe.jpg","contentUrl":"https:\/\/nelsonrazo.com\/nutricion\/wp-content\/uploads\/sites\/2\/2024\/10\/beneficios_cafe.jpg","width":920,"height":500,"caption":"La raz\u00f3n por la que deber\u00edas tomar caf\u00e9"},{"@type":"BreadcrumbList","@id":"https:\/\/nelsonrazo.com\/nutricion\/2024\/10\/01\/razon-deberias-tomar-cafe\/#breadcrumb","itemListElement":[{"@type":"ListItem","position":1,"name":"Portada","item":"https:\/\/nelsonrazo.com\/nutricion\/"},{"@type":"ListItem","position":2,"name":"La raz\u00f3n por la que deber\u00edas tomar caf\u00e9"}]},{"@type":"WebSite","@id":"https:\/\/nelsonrazo.com\/nutricion\/#website","url":"https:\/\/nelsonrazo.com\/nutricion\/","name":"Nelson Razo | Nutrici\u00f3n","description":"Nutri\u00f3logo experto en Salud Metab\u00f3lica en Tecate","publisher":{"@id":"https:\/\/nelsonrazo.com\/nutricion\/#\/schema\/person\/f2a003e98f8f79c1dbbf148cc5f9aede"},"alternateName":"Nutri\u00f3logo Nelson Razo","potentialAction":[{"@type":"SearchAction","target":{"@type":"EntryPoint","urlTemplate":"https:\/\/nelsonrazo.com\/nutricion\/?s={search_term_string}"},"query-input":{"@type":"PropertyValueSpecification","valueRequired":true,"valueName":"search_term_string"}}],"inLanguage":"es"},{"@type":["Person","Organization"],"@id":"https:\/\/nelsonrazo.com\/nutricion\/#\/schema\/person\/f2a003e98f8f79c1dbbf148cc5f9aede","name":"Nelson Razo","image":{"@type":"ImageObject","inLanguage":"es","@id":"https:\/\/nelsonrazo.com\/nutricion\/wp-content\/uploads\/sites\/2\/2024\/01\/brn_favicon_logo.png","url":"https:\/\/nelsonrazo.com\/nutricion\/wp-content\/uploads\/sites\/2\/2024\/01\/brn_favicon_logo.png","contentUrl":"https:\/\/nelsonrazo.com\/nutricion\/wp-content\/uploads\/sites\/2\/2024\/01\/brn_favicon_logo.png","width":902,"height":901,"caption":"Nelson Razo"},"logo":{"@id":"https:\/\/nelsonrazo.com\/nutricion\/wp-content\/uploads\/sites\/2\/2024\/01\/brn_favicon_logo.png"},"description":"Nutri\u00f3logo enfocado en Salud Metab\u00f3lica y Nutrici\u00f3n Cl\u00ednica. Divulgador de la evidencia en salud y nutrici\u00f3n para la promoci\u00f3n de la salud p\u00fablica. Experto en branding y marketing digital que disfruta del running, la lectura y la investigaci\u00f3n.","sameAs":["https:\/\/nelsonrazo.com","https:\/\/www.facebook.com\/nelson.razo","https:\/\/www.instagram.com\/nelsonrazo\/","https:\/\/mx.linkedin.com\/in\/nelsonrazo","https:\/\/x.com\/nelsonrazoa"]},{"@type":"Person","@id":"https:\/\/nelsonrazo.com\/nutricion\/#\/schema\/person\/b16573f361a138262629c000e04c2d96","name":"Nelson Razo","image":{"@type":"ImageObject","inLanguage":"es","@id":"https:\/\/secure.gravatar.com\/avatar\/4b378214665597a637026edd710c2e4d92f84fdd2aa6e3a49bd352bc167d6675?s=96&d=mm&r=g","url":"https:\/\/secure.gravatar.com\/avatar\/4b378214665597a637026edd710c2e4d92f84fdd2aa6e3a49bd352bc167d6675?s=96&d=mm&r=g","contentUrl":"https:\/\/secure.gravatar.com\/avatar\/4b378214665597a637026edd710c2e4d92f84fdd2aa6e3a49bd352bc167d6675?s=96&d=mm&r=g","caption":"Nelson Razo"},"sameAs":["https:\/\/nelsonrazo.com"],"url":"https:\/\/nelsonrazo.com\/nutricion\/author\/nelradmin\/"}]}},"jetpack_featured_media_url":"https:\/\/nelsonrazo.com\/nutricion\/wp-content\/uploads\/sites\/2\/2024\/10\/beneficios_cafe.jpg","jetpack_shortlink":"https:\/\/wp.me\/pfrB9s-6a","jetpack_sharing_enabled":true,"_links":{"self":[{"href":"https:\/\/nelsonrazo.com\/nutricion\/wp-json\/wp\/v2\/posts\/382","targetHints":{"allow":["GET"]}}],"collection":[{"href":"https:\/\/nelsonrazo.com\/nutricion\/wp-json\/wp\/v2\/posts"}],"about":[{"href":"https:\/\/nelsonrazo.com\/nutricion\/wp-json\/wp\/v2\/types\/post"}],"author":[{"embeddable":true,"href":"https:\/\/nelsonrazo.com\/nutricion\/wp-json\/wp\/v2\/users\/1"}],"replies":[{"embeddable":true,"href":"https:\/\/nelsonrazo.com\/nutricion\/wp-json\/wp\/v2\/comments?post=382"}],"version-history":[{"count":1,"href":"https:\/\/nelsonrazo.com\/nutricion\/wp-json\/wp\/v2\/posts\/382\/revisions"}],"predecessor-version":[{"id":384,"href":"https:\/\/nelsonrazo.com\/nutricion\/wp-json\/wp\/v2\/posts\/382\/revisions\/384"}],"wp:featuredmedia":[{"embeddable":true,"href":"https:\/\/nelsonrazo.com\/nutricion\/wp-json\/wp\/v2\/media\/383"}],"wp:attachment":[{"href":"https:\/\/nelsonrazo.com\/nutricion\/wp-json\/wp\/v2\/media?parent=382"}],"wp:term":[{"taxonomy":"category","embeddable":true,"href":"https:\/\/nelsonrazo.com\/nutricion\/wp-json\/wp\/v2\/categories?post=382"},{"taxonomy":"post_tag","embeddable":true,"href":"https:\/\/nelsonrazo.com\/nutricion\/wp-json\/wp\/v2\/tags?post=382"}],"curies":[{"name":"wp","href":"https:\/\/api.w.org\/{rel}","templated":true}]}}