{"id":304,"date":"2024-07-13T20:49:04","date_gmt":"2024-07-13T18:49:04","guid":{"rendered":"https:\/\/nelsonrazo.com\/nutricion\/?p=304"},"modified":"2024-08-14T04:57:32","modified_gmt":"2024-08-14T02:57:32","slug":"la-conexion-entre-el-tdah-y-la-alimentacion","status":"publish","type":"post","link":"https:\/\/nelsonrazo.com\/nutricion\/2024\/07\/13\/la-conexion-entre-el-tdah-y-la-alimentacion\/","title":{"rendered":"La conexi\u00f3n entre el TDAH y la alimentaci\u00f3n"},"content":{"rendered":"\n<p>En gran parte porque casi nadie lo menciona, es f\u00e1cil pasar por alto el profundo impacto que nuestra dieta y estilo de vida tienen en nuestra funci\u00f3n y salud cerebral.<\/p>\n\n\n\n<p>Pero, \u00bfqu\u00e9 pasar\u00eda si te dijera que algunos cambios sencillos no s\u00f3lo podr\u00eda mejorar tu salud general sino tambi\u00e9n tener un profundo impacto en el manejo de los s\u00edntomas de depresi\u00f3n, ansiedad e inclusive el trastorno por d\u00e9ficit de atenci\u00f3n e hiperactividad (TDAH)?<\/p>\n\n\n\n<p>As\u00ed es. Aunque muchos a\u00fan no lo crean, la nutrici\u00f3n puede desempe\u00f1ar un papel importante para ayudar a las personas con TDAH a lograr una mejor concentraci\u00f3n, una menor impulsividad y una mejor calidad de vida.<\/p>\n\n\n\n<h3 class=\"wp-block-heading\">El trastorno de d\u00e9ficit de atenci\u00f3n e hiperactividad (TDAH)<\/h3>\n\n\n\n<p>En los \u00faltimos a\u00f1os, ha habido una creciente conciencia de que el TDAH no es s\u00f3lo una condici\u00f3n neurol\u00f3gica, sino tambi\u00e9n metab\u00f3lica. Hoy en d\u00eda, expertos como el Dr. Chris Palmer, psiquiatra e investigador de la Universidad de Harvard, sugiere que la causa fundamental del TDAH radica en nuestro metabolismo, espec\u00edficamente en la forma en que procesamos los nutrientes y la energ\u00eda.<\/p>\n\n\n\n<p>\u00bfQu\u00e9 significa esto para las personas con TDAH? B\u00e1sicamente, implica que al tomar decisiones informadas sobre lo que comemos y c\u00f3mo vivimos, podemos impactar positivamente en los s\u00edntomas o inclusive reducir el riesgo de desarrollar TDAH. <\/p>\n\n\n\n<p>Esto puede parecer contradictorio, ya que las opciones de tratamiento tradicionales com\u00fanmente se centran en medicaci\u00f3n y terapia psicol\u00f3gica. Sin embargo, varios estudios cient\u00edficos recientes enfatizan la importancia de considerar cambios en la dieta y el estilo de vida como una posible (y potencialmente mucho m\u00e1s efectiva) soluci\u00f3n.<\/p>\n\n\n\n<h3 class=\"wp-block-heading\">Evaluando tu alimentaci\u00f3n actual<\/h3>\n\n\n\n<p>Entonces, \u00bfpor d\u00f3nde comenzar? Comencemos por realizar una r\u00e1pida evaluaci\u00f3n de sentido com\u00fan de algunos factores b\u00e1sicos del estilo de vida:<\/p>\n\n\n\n<ul class=\"wp-block-list\">\n<li>\u00bfEst\u00e1s comiendo principalmente alimentos ultra procesados?<\/li>\n\n\n\n<li>\u00bfEst\u00e1 recibiendo una nutrici\u00f3n adecuada: vitaminas, minerales, \u00e1cidos grasos omega-3 y otros nutrientes esenciales?<\/li>\n\n\n\n<li>\u00bfTu dieta es nutritiva, con una buena combinaci\u00f3n de prote\u00ednas animales, grasas saludables y vegetales y frutas ricas en antioxidantes?<\/li>\n<\/ul>\n\n\n\n<p>Si las respuestas son SI, NO y NO, respectivamente, es hora de reevaluar sus elecciones diet\u00e9ticas. No se trata de hacerlo perfecto; se trata de hacer cambios peque\u00f1os y alcanzables que puedan tener un impacto significativo. E ir mejorando gradualmente.<\/p>\n\n\n\n<h3 class=\"wp-block-heading\">Cambios contra el TDAH<\/h3>\n\n\n\n<p>Entonces, \u00bfcu\u00e1les son algunas medidas pr\u00e1cticas que puedes tomar para mejorar tu nutrici\u00f3n y potencialmente aliviar los s\u00edntomas del TDAH? Aqu\u00ed hay algunas recomendaciones b\u00e1sicas:<\/p>\n\n\n\n<ul class=\"wp-block-list\">\n<li><strong>Come m\u00e1s alimentos naturales:<\/strong> Conc\u00e9ntrese en consumir alimentos integrales y m\u00ednimamente procesados, como carnes, verduras y <a href=\"https:\/\/nelsonrazo.com\/nutricion\/2024\/06\/26\/la-dieta-cetogenica-puede-transformar-tu-salud\/\">grasas saludables<\/a> directas de su origen, es decir no procesadas comercialmente. Intenta que entre el 50 y el 75 % de tus calor\u00edas diarias provengan de estas fuentes.<\/li>\n\n\n\n<li><strong>Limita los alimentos ultra procesados:<\/strong> Trate de minimizar o evitar los alimentos con az\u00facares a\u00f1adidos, conservantes e ingredientes artificiales y basados en <a href=\"https:\/\/nelsonrazo.com\/nutricion\/2024\/04\/24\/menos-carbohidratos-en-el-desayuno-mejor-salud-metabolica\/\">carbohidratos refinados<\/a>. Estos pueden alterar su metabolismo y promover y aumentar los s\u00edntomas del TDAH.<\/li>\n\n\n\n<li><strong>Mantente hidratad@:<\/strong> una hidrataci\u00f3n adecuada es crucial para mantener la concentraci\u00f3n y reducir la impulsividad. Trata de beber al menos de 8 a 10 vasos de agua al d\u00eda.<\/li>\n\n\n\n<li><strong>Mu\u00e9vete: <\/strong>El <a href=\"https:\/\/nelsonrazo.com\/nutricion\/2024\/04\/06\/actividad-fisica-clave-para-una-vida-saludable\/\">ejercicio regular<\/a>, especialmente las actividades aer\u00f3bicas como correr o andar en bicicleta, puede ayudar a regular tu metabolismo y mejorar los s\u00edntomas del TDAH.<\/li>\n<\/ul>\n\n\n\n<p>Recuerda que estos cambios deben realizarse idealmente con el apoyo de un profesional de la salud y la nutrici\u00f3n, especialmente si tomas medicamentos o tienes problemas de salud diagnosticados.<\/p>\n\n\n\n<h3 class=\"wp-block-heading\">Un cerebro saludable toda la vida<\/h3>\n\n\n\n<p>Al reconocer la intrincada conexi\u00f3n entre la nutrici\u00f3n y el TDAH, podemos tomar medidas proactivas para mejorar nuestro bienestar general. Las investigaciones en <a href=\"https:\/\/cuidatehoy.com\/psiquiatria-nutricional-los-alimentos-influyen-en-la-mente\/\">psiquiatr\u00eda nutricional<\/a>  de expertos como el Dr. Palmer sirven como un recordatorio de que <a href=\"https:\/\/nelsonrazo.com\/nutricion\/2024\/07\/08\/5-maneras-de-aumentar-tu-energia-quemar-grasa-y-sentirte-muy-bien\/\">cambios peque\u00f1os y sostenibles<\/a> pueden tener un impacto profundo en el manejo de los s\u00edntomas y la mejora de la calidad de vida.<\/p>\n\n\n\n<p>Comienza a sacar provecho del la adecuada nutrici\u00f3n y sus beneficios para controlar el TDAH y otros des\u00f3rdenes mentales. Un profesional de la nutrici\u00f3n enfocado en salud metab\u00f3lica te puede ayudar a desarrollar un plan personalizado que se adapte a tus necesidades y objetivos \u00fanicos.<\/p>\n\n\n\n<p>Si est\u00e1s list@, puedes <a href=\"https:\/\/nelsonrazo.com\/nutricion\/agenda-tu-consulta\/\">agendar una consulta<\/a> de una vez, y comenzar tu camino para lograr una versi\u00f3n m\u00e1s saludable de ti, y tomar el control de tu salud.<\/p>\n\n\n\n<p>Si deseas conocer m\u00e1s sobre alimentaci\u00f3n que mejora la salud mental, te recomiendo ver el siguiente video de <a href=\"https:\/\/www.youtube.com\/@cuidate_hoy\">Cu\u00eddate Hoy<\/a>:<\/p>\n\n\n\n<figure class=\"wp-block-embed is-type-video is-provider-youtube wp-block-embed-youtube wp-embed-aspect-16-9 wp-has-aspect-ratio\"><div class=\"wp-block-embed__wrapper\">\n<iframe loading=\"lazy\" title=\"La Dieta Baja en Carbohidratos desde Cero: C\u00f3mo Pensar LowCarb\" width=\"500\" height=\"281\" src=\"https:\/\/www.youtube.com\/embed\/f7pbcc8Fans?feature=oembed\" frameborder=\"0\" allow=\"accelerometer; autoplay; clipboard-write; encrypted-media; gyroscope; picture-in-picture; web-share\" referrerpolicy=\"strict-origin-when-cross-origin\" allowfullscreen><\/iframe>\n<\/div><\/figure>\n\n\n\n<details class=\"wp-block-details is-layout-flow wp-block-details-is-layout-flow\"><summary>Referencias<\/summary>\n<p class=\"has-small-font-size\">Lange, K., et al. (2023). Nutrition in the management of ADHD: A review of recent research. Current Nutrition Reports, 12(3), 383-394. <a href=\"https:\/\/doi.org\/10.1007\/s13668-023-00487-8\">https:\/\/doi.org\/10.1007\/s13668-023-00487-8<\/a><\/p>\n\n\n\n<p class=\"has-small-font-size\">Norwitz, N., et al. (2020). Ketogenic diet as a metabolic treatment for mental illness. Current Opinion in Endocrinology, Diabetes and Obesity, 27(5), 269-274. <a href=\"https:\/\/doi.org\/10.1097\/med.0000000000000564\">https:\/\/doi.org\/10.1097\/med.0000000000000564<\/a><\/p>\n\n\n\n<p class=\"has-small-font-size\">Palmer, C. (2022). Brain Energy: A Revolutionary Breakthrough in Understanding Mental Health&#8211;and Improving Treatment for Anxiety, Depression, OCD, PTSD, and More. BenBella Books.<\/p>\n\n\n\n<p class=\"has-small-font-size\">Pinto, S., et al. (2022). Eating patterns and dietary interventions in ADHD: a narrative review. Nutrients, 14(20), 4332. <a href=\"https:\/\/doi.org\/10.3390\/nu14204332\">https:\/\/doi.org\/10.3390\/nu14204332<\/a><\/p>\n\n\n\n<p class=\"has-small-font-size\">Predescu, E., et al. (2024). Metabolomic Markers in Attention-Deficit\/Hyperactivity Disorder (ADHD) among Children and Adolescents\u2014A Systematic Review. International Journal of Molecular Sciences, 25(8), 4385. <a href=\"https:\/\/doi.org\/10.3390\/ijms25084385\">https:\/\/doi.org\/10.3390\/ijms25084385<\/a><\/p>\n<\/details>\n\n\n\n<p class=\"has-small-font-size\"><strong>Descargo de responsabilidad:&nbsp;<\/strong>esta publicaci\u00f3n tiene fines informativos \u00fanicamente y no debe interpretarse como consejo m\u00e9dico o nutricional personalizado. Consulta siempre a un profesional de la salud antes de realizar cualquier cambio en tu r\u00e9gimen de medicaci\u00f3n o alimentaci\u00f3n.<\/p>\n\n\n\n<p class=\"has-small-font-size\">Image by&nbsp;<a href=\"https:\/\/www.freepik.com\/free-photo\/\">Freepik<\/a><\/p>\n","protected":false},"excerpt":{"rendered":"<p>La forma en que comemos afecta nuestra funci\u00f3n cerebral, lo que puede influir en problemas como el TDAH, la depresi\u00f3n y la ansiedad.<\/p>\n","protected":false},"author":1,"featured_media":306,"comment_status":"open","ping_status":"open","sticky":false,"template":"","format":"standard","meta":{"_themeisle_gutenberg_block_has_review":false,"_jetpack_memberships_contains_paid_content":false,"footnotes":""},"categories":[5,62],"tags":[65,63,60,61],"class_list":["post-304","post","type-post","status-publish","format-standard","has-post-thumbnail","hentry","category-alimentacion","category-salud-mental","tag-alimentacion","tag-hiperactividad","tag-salud-mental","tag-tdah"],"yoast_head":"<!-- This site is optimized with the Yoast SEO plugin v27.5 - https:\/\/yoast.com\/product\/yoast-seo-wordpress\/ -->\n<title>La conexi\u00f3n entre el TDAH y la alimentaci\u00f3n - Nelson Razo | Nutri\u00f3logo<\/title>\n<meta name=\"description\" content=\"La forma en que comemos afecta nuestra funci\u00f3n cerebral, lo que puede influir en problemas como el TDAH, la depresi\u00f3n y la ansiedad.\" \/>\n<meta name=\"robots\" content=\"index, follow, max-snippet:-1, max-image-preview:large, max-video-preview:-1\" \/>\n<link rel=\"canonical\" href=\"https:\/\/nelsonrazo.com\/nutricion\/2024\/07\/13\/la-conexion-entre-el-tdah-y-la-alimentacion\/\" \/>\n<meta property=\"og:locale\" content=\"es_ES\" \/>\n<meta property=\"og:type\" content=\"article\" \/>\n<meta property=\"og:title\" content=\"La conexi\u00f3n entre el TDAH y la alimentaci\u00f3n - Nelson Razo | Nutri\u00f3logo\" \/>\n<meta property=\"og:description\" content=\"La forma en que comemos afecta nuestra funci\u00f3n cerebral, lo que puede influir en problemas como el TDAH, la depresi\u00f3n y la ansiedad.\" \/>\n<meta property=\"og:url\" content=\"https:\/\/nelsonrazo.com\/nutricion\/2024\/07\/13\/la-conexion-entre-el-tdah-y-la-alimentacion\/\" \/>\n<meta property=\"og:site_name\" content=\"Nelson Razo | Nutri\u00f3logo\" \/>\n<meta property=\"article:publisher\" content=\"https:\/\/www.facebook.com\/nelson.razo\" \/>\n<meta property=\"article:published_time\" content=\"2024-07-13T18:49:04+00:00\" \/>\n<meta property=\"article:modified_time\" content=\"2024-08-14T02:57:32+00:00\" \/>\n<meta property=\"og:image\" content=\"https:\/\/nelsonrazo.com\/nutricion\/wp-content\/uploads\/sites\/2\/2024\/07\/tdah_nutri.jpg\" \/>\n\t<meta property=\"og:image:width\" content=\"920\" \/>\n\t<meta property=\"og:image:height\" content=\"500\" \/>\n\t<meta property=\"og:image:type\" content=\"image\/jpeg\" \/>\n<meta name=\"author\" content=\"Nelson Razo\" \/>\n<meta name=\"twitter:card\" content=\"summary_large_image\" \/>\n<meta name=\"twitter:site\" content=\"@nelsonrazoa\" \/>\n<meta name=\"twitter:label1\" content=\"Escrito por\" \/>\n\t<meta name=\"twitter:data1\" content=\"Nelson Razo\" \/>\n\t<meta name=\"twitter:label2\" content=\"Tiempo de lectura\" \/>\n\t<meta name=\"twitter:data2\" content=\"5 minutos\" \/>\n<script type=\"application\/ld+json\" class=\"yoast-schema-graph\">{\"@context\":\"https:\\\/\\\/schema.org\",\"@graph\":[{\"@type\":\"Article\",\"@id\":\"https:\\\/\\\/nelsonrazo.com\\\/nutricion\\\/2024\\\/07\\\/13\\\/la-conexion-entre-el-tdah-y-la-alimentacion\\\/#article\",\"isPartOf\":{\"@id\":\"https:\\\/\\\/nelsonrazo.com\\\/nutricion\\\/2024\\\/07\\\/13\\\/la-conexion-entre-el-tdah-y-la-alimentacion\\\/\"},\"author\":{\"name\":\"Nelson Razo\",\"@id\":\"https:\\\/\\\/nelsonrazo.com\\\/nutricion\\\/#\\\/schema\\\/person\\\/b16573f361a138262629c000e04c2d96\"},\"headline\":\"La conexi\u00f3n entre el TDAH y la alimentaci\u00f3n\",\"datePublished\":\"2024-07-13T18:49:04+00:00\",\"dateModified\":\"2024-08-14T02:57:32+00:00\",\"mainEntityOfPage\":{\"@id\":\"https:\\\/\\\/nelsonrazo.com\\\/nutricion\\\/2024\\\/07\\\/13\\\/la-conexion-entre-el-tdah-y-la-alimentacion\\\/\"},\"wordCount\":987,\"commentCount\":0,\"publisher\":{\"@id\":\"https:\\\/\\\/nelsonrazo.com\\\/nutricion\\\/#\\\/schema\\\/person\\\/f2a003e98f8f79c1dbbf148cc5f9aede\"},\"image\":{\"@id\":\"https:\\\/\\\/nelsonrazo.com\\\/nutricion\\\/2024\\\/07\\\/13\\\/la-conexion-entre-el-tdah-y-la-alimentacion\\\/#primaryimage\"},\"thumbnailUrl\":\"https:\\\/\\\/nelsonrazo.com\\\/nutricion\\\/wp-content\\\/uploads\\\/sites\\\/2\\\/2024\\\/07\\\/tdah_nutri.jpg\",\"keywords\":[\"alimentacion\",\"hiperactividad\",\"Salud Mental\",\"tdah\"],\"articleSection\":[\"Alimentaci\u00f3n\",\"Salud Mental\"],\"inLanguage\":\"es\",\"potentialAction\":[{\"@type\":\"CommentAction\",\"name\":\"Comment\",\"target\":[\"https:\\\/\\\/nelsonrazo.com\\\/nutricion\\\/2024\\\/07\\\/13\\\/la-conexion-entre-el-tdah-y-la-alimentacion\\\/#respond\"]}]},{\"@type\":\"WebPage\",\"@id\":\"https:\\\/\\\/nelsonrazo.com\\\/nutricion\\\/2024\\\/07\\\/13\\\/la-conexion-entre-el-tdah-y-la-alimentacion\\\/\",\"url\":\"https:\\\/\\\/nelsonrazo.com\\\/nutricion\\\/2024\\\/07\\\/13\\\/la-conexion-entre-el-tdah-y-la-alimentacion\\\/\",\"name\":\"La conexi\u00f3n entre el TDAH y la alimentaci\u00f3n - Nelson Razo | Nutri\u00f3logo\",\"isPartOf\":{\"@id\":\"https:\\\/\\\/nelsonrazo.com\\\/nutricion\\\/#website\"},\"primaryImageOfPage\":{\"@id\":\"https:\\\/\\\/nelsonrazo.com\\\/nutricion\\\/2024\\\/07\\\/13\\\/la-conexion-entre-el-tdah-y-la-alimentacion\\\/#primaryimage\"},\"image\":{\"@id\":\"https:\\\/\\\/nelsonrazo.com\\\/nutricion\\\/2024\\\/07\\\/13\\\/la-conexion-entre-el-tdah-y-la-alimentacion\\\/#primaryimage\"},\"thumbnailUrl\":\"https:\\\/\\\/nelsonrazo.com\\\/nutricion\\\/wp-content\\\/uploads\\\/sites\\\/2\\\/2024\\\/07\\\/tdah_nutri.jpg\",\"datePublished\":\"2024-07-13T18:49:04+00:00\",\"dateModified\":\"2024-08-14T02:57:32+00:00\",\"description\":\"La forma en que comemos afecta nuestra funci\u00f3n cerebral, lo que puede influir en problemas como el TDAH, la depresi\u00f3n y la ansiedad.\",\"breadcrumb\":{\"@id\":\"https:\\\/\\\/nelsonrazo.com\\\/nutricion\\\/2024\\\/07\\\/13\\\/la-conexion-entre-el-tdah-y-la-alimentacion\\\/#breadcrumb\"},\"inLanguage\":\"es\",\"potentialAction\":[{\"@type\":\"ReadAction\",\"target\":[\"https:\\\/\\\/nelsonrazo.com\\\/nutricion\\\/2024\\\/07\\\/13\\\/la-conexion-entre-el-tdah-y-la-alimentacion\\\/\"]}]},{\"@type\":\"ImageObject\",\"inLanguage\":\"es\",\"@id\":\"https:\\\/\\\/nelsonrazo.com\\\/nutricion\\\/2024\\\/07\\\/13\\\/la-conexion-entre-el-tdah-y-la-alimentacion\\\/#primaryimage\",\"url\":\"https:\\\/\\\/nelsonrazo.com\\\/nutricion\\\/wp-content\\\/uploads\\\/sites\\\/2\\\/2024\\\/07\\\/tdah_nutri.jpg\",\"contentUrl\":\"https:\\\/\\\/nelsonrazo.com\\\/nutricion\\\/wp-content\\\/uploads\\\/sites\\\/2\\\/2024\\\/07\\\/tdah_nutri.jpg\",\"width\":920,\"height\":500,\"caption\":\"TDAH y alimentaci\u00f3n\"},{\"@type\":\"BreadcrumbList\",\"@id\":\"https:\\\/\\\/nelsonrazo.com\\\/nutricion\\\/2024\\\/07\\\/13\\\/la-conexion-entre-el-tdah-y-la-alimentacion\\\/#breadcrumb\",\"itemListElement\":[{\"@type\":\"ListItem\",\"position\":1,\"name\":\"Portada\",\"item\":\"https:\\\/\\\/nelsonrazo.com\\\/nutricion\\\/\"},{\"@type\":\"ListItem\",\"position\":2,\"name\":\"La conexi\u00f3n entre el TDAH y la alimentaci\u00f3n\"}]},{\"@type\":\"WebSite\",\"@id\":\"https:\\\/\\\/nelsonrazo.com\\\/nutricion\\\/#website\",\"url\":\"https:\\\/\\\/nelsonrazo.com\\\/nutricion\\\/\",\"name\":\"Nelson Razo | Nutrici\u00f3n\",\"description\":\"Nutri\u00f3logo experto en Salud Metab\u00f3lica en Tecate\",\"publisher\":{\"@id\":\"https:\\\/\\\/nelsonrazo.com\\\/nutricion\\\/#\\\/schema\\\/person\\\/f2a003e98f8f79c1dbbf148cc5f9aede\"},\"alternateName\":\"Nutri\u00f3logo Nelson Razo\",\"potentialAction\":[{\"@type\":\"SearchAction\",\"target\":{\"@type\":\"EntryPoint\",\"urlTemplate\":\"https:\\\/\\\/nelsonrazo.com\\\/nutricion\\\/?s={search_term_string}\"},\"query-input\":{\"@type\":\"PropertyValueSpecification\",\"valueRequired\":true,\"valueName\":\"search_term_string\"}}],\"inLanguage\":\"es\"},{\"@type\":[\"Person\",\"Organization\"],\"@id\":\"https:\\\/\\\/nelsonrazo.com\\\/nutricion\\\/#\\\/schema\\\/person\\\/f2a003e98f8f79c1dbbf148cc5f9aede\",\"name\":\"Nelson Razo\",\"image\":{\"@type\":\"ImageObject\",\"inLanguage\":\"es\",\"@id\":\"https:\\\/\\\/nelsonrazo.com\\\/nutricion\\\/wp-content\\\/uploads\\\/sites\\\/2\\\/2024\\\/01\\\/brn_favicon_logo.png\",\"url\":\"https:\\\/\\\/nelsonrazo.com\\\/nutricion\\\/wp-content\\\/uploads\\\/sites\\\/2\\\/2024\\\/01\\\/brn_favicon_logo.png\",\"contentUrl\":\"https:\\\/\\\/nelsonrazo.com\\\/nutricion\\\/wp-content\\\/uploads\\\/sites\\\/2\\\/2024\\\/01\\\/brn_favicon_logo.png\",\"width\":902,\"height\":901,\"caption\":\"Nelson Razo\"},\"logo\":{\"@id\":\"https:\\\/\\\/nelsonrazo.com\\\/nutricion\\\/wp-content\\\/uploads\\\/sites\\\/2\\\/2024\\\/01\\\/brn_favicon_logo.png\"},\"description\":\"Nutri\u00f3logo enfocado en Salud Metab\u00f3lica y Nutrici\u00f3n Cl\u00ednica. Divulgador de la evidencia en salud y nutrici\u00f3n para la promoci\u00f3n de la salud p\u00fablica. Experto en branding y marketing digital que disfruta del running, la lectura y la investigaci\u00f3n.\",\"sameAs\":[\"https:\\\/\\\/nelsonrazo.com\",\"https:\\\/\\\/www.facebook.com\\\/nelson.razo\",\"https:\\\/\\\/www.instagram.com\\\/nelsonrazo\\\/\",\"https:\\\/\\\/mx.linkedin.com\\\/in\\\/nelsonrazo\",\"https:\\\/\\\/x.com\\\/nelsonrazoa\"]},{\"@type\":\"Person\",\"@id\":\"https:\\\/\\\/nelsonrazo.com\\\/nutricion\\\/#\\\/schema\\\/person\\\/b16573f361a138262629c000e04c2d96\",\"name\":\"Nelson Razo\",\"image\":{\"@type\":\"ImageObject\",\"inLanguage\":\"es\",\"@id\":\"https:\\\/\\\/secure.gravatar.com\\\/avatar\\\/4b378214665597a637026edd710c2e4d92f84fdd2aa6e3a49bd352bc167d6675?s=96&d=mm&r=g\",\"url\":\"https:\\\/\\\/secure.gravatar.com\\\/avatar\\\/4b378214665597a637026edd710c2e4d92f84fdd2aa6e3a49bd352bc167d6675?s=96&d=mm&r=g\",\"contentUrl\":\"https:\\\/\\\/secure.gravatar.com\\\/avatar\\\/4b378214665597a637026edd710c2e4d92f84fdd2aa6e3a49bd352bc167d6675?s=96&d=mm&r=g\",\"caption\":\"Nelson Razo\"},\"sameAs\":[\"https:\\\/\\\/nelsonrazo.com\"],\"url\":\"https:\\\/\\\/nelsonrazo.com\\\/nutricion\\\/author\\\/nelradmin\\\/\"}]}<\/script>\n<!-- \/ Yoast SEO plugin. -->","yoast_head_json":{"title":"La conexi\u00f3n entre el TDAH y la alimentaci\u00f3n - Nelson Razo | Nutri\u00f3logo","description":"La forma en que comemos afecta nuestra funci\u00f3n cerebral, lo que puede influir en problemas como el TDAH, la depresi\u00f3n y la ansiedad.","robots":{"index":"index","follow":"follow","max-snippet":"max-snippet:-1","max-image-preview":"max-image-preview:large","max-video-preview":"max-video-preview:-1"},"canonical":"https:\/\/nelsonrazo.com\/nutricion\/2024\/07\/13\/la-conexion-entre-el-tdah-y-la-alimentacion\/","og_locale":"es_ES","og_type":"article","og_title":"La conexi\u00f3n entre el TDAH y la alimentaci\u00f3n - Nelson Razo | Nutri\u00f3logo","og_description":"La forma en que comemos afecta nuestra funci\u00f3n cerebral, lo que puede influir en problemas como el TDAH, la depresi\u00f3n y la ansiedad.","og_url":"https:\/\/nelsonrazo.com\/nutricion\/2024\/07\/13\/la-conexion-entre-el-tdah-y-la-alimentacion\/","og_site_name":"Nelson Razo | Nutri\u00f3logo","article_publisher":"https:\/\/www.facebook.com\/nelson.razo","article_published_time":"2024-07-13T18:49:04+00:00","article_modified_time":"2024-08-14T02:57:32+00:00","og_image":[{"width":920,"height":500,"url":"https:\/\/nelsonrazo.com\/nutricion\/wp-content\/uploads\/sites\/2\/2024\/07\/tdah_nutri.jpg","type":"image\/jpeg"}],"author":"Nelson Razo","twitter_card":"summary_large_image","twitter_site":"@nelsonrazoa","twitter_misc":{"Escrito por":"Nelson Razo","Tiempo de lectura":"5 minutos"},"schema":{"@context":"https:\/\/schema.org","@graph":[{"@type":"Article","@id":"https:\/\/nelsonrazo.com\/nutricion\/2024\/07\/13\/la-conexion-entre-el-tdah-y-la-alimentacion\/#article","isPartOf":{"@id":"https:\/\/nelsonrazo.com\/nutricion\/2024\/07\/13\/la-conexion-entre-el-tdah-y-la-alimentacion\/"},"author":{"name":"Nelson Razo","@id":"https:\/\/nelsonrazo.com\/nutricion\/#\/schema\/person\/b16573f361a138262629c000e04c2d96"},"headline":"La conexi\u00f3n entre el TDAH y la alimentaci\u00f3n","datePublished":"2024-07-13T18:49:04+00:00","dateModified":"2024-08-14T02:57:32+00:00","mainEntityOfPage":{"@id":"https:\/\/nelsonrazo.com\/nutricion\/2024\/07\/13\/la-conexion-entre-el-tdah-y-la-alimentacion\/"},"wordCount":987,"commentCount":0,"publisher":{"@id":"https:\/\/nelsonrazo.com\/nutricion\/#\/schema\/person\/f2a003e98f8f79c1dbbf148cc5f9aede"},"image":{"@id":"https:\/\/nelsonrazo.com\/nutricion\/2024\/07\/13\/la-conexion-entre-el-tdah-y-la-alimentacion\/#primaryimage"},"thumbnailUrl":"https:\/\/nelsonrazo.com\/nutricion\/wp-content\/uploads\/sites\/2\/2024\/07\/tdah_nutri.jpg","keywords":["alimentacion","hiperactividad","Salud Mental","tdah"],"articleSection":["Alimentaci\u00f3n","Salud Mental"],"inLanguage":"es","potentialAction":[{"@type":"CommentAction","name":"Comment","target":["https:\/\/nelsonrazo.com\/nutricion\/2024\/07\/13\/la-conexion-entre-el-tdah-y-la-alimentacion\/#respond"]}]},{"@type":"WebPage","@id":"https:\/\/nelsonrazo.com\/nutricion\/2024\/07\/13\/la-conexion-entre-el-tdah-y-la-alimentacion\/","url":"https:\/\/nelsonrazo.com\/nutricion\/2024\/07\/13\/la-conexion-entre-el-tdah-y-la-alimentacion\/","name":"La conexi\u00f3n entre el TDAH y la alimentaci\u00f3n - Nelson Razo | Nutri\u00f3logo","isPartOf":{"@id":"https:\/\/nelsonrazo.com\/nutricion\/#website"},"primaryImageOfPage":{"@id":"https:\/\/nelsonrazo.com\/nutricion\/2024\/07\/13\/la-conexion-entre-el-tdah-y-la-alimentacion\/#primaryimage"},"image":{"@id":"https:\/\/nelsonrazo.com\/nutricion\/2024\/07\/13\/la-conexion-entre-el-tdah-y-la-alimentacion\/#primaryimage"},"thumbnailUrl":"https:\/\/nelsonrazo.com\/nutricion\/wp-content\/uploads\/sites\/2\/2024\/07\/tdah_nutri.jpg","datePublished":"2024-07-13T18:49:04+00:00","dateModified":"2024-08-14T02:57:32+00:00","description":"La forma en que comemos afecta nuestra funci\u00f3n cerebral, lo que puede influir en problemas como el TDAH, la depresi\u00f3n y la ansiedad.","breadcrumb":{"@id":"https:\/\/nelsonrazo.com\/nutricion\/2024\/07\/13\/la-conexion-entre-el-tdah-y-la-alimentacion\/#breadcrumb"},"inLanguage":"es","potentialAction":[{"@type":"ReadAction","target":["https:\/\/nelsonrazo.com\/nutricion\/2024\/07\/13\/la-conexion-entre-el-tdah-y-la-alimentacion\/"]}]},{"@type":"ImageObject","inLanguage":"es","@id":"https:\/\/nelsonrazo.com\/nutricion\/2024\/07\/13\/la-conexion-entre-el-tdah-y-la-alimentacion\/#primaryimage","url":"https:\/\/nelsonrazo.com\/nutricion\/wp-content\/uploads\/sites\/2\/2024\/07\/tdah_nutri.jpg","contentUrl":"https:\/\/nelsonrazo.com\/nutricion\/wp-content\/uploads\/sites\/2\/2024\/07\/tdah_nutri.jpg","width":920,"height":500,"caption":"TDAH y alimentaci\u00f3n"},{"@type":"BreadcrumbList","@id":"https:\/\/nelsonrazo.com\/nutricion\/2024\/07\/13\/la-conexion-entre-el-tdah-y-la-alimentacion\/#breadcrumb","itemListElement":[{"@type":"ListItem","position":1,"name":"Portada","item":"https:\/\/nelsonrazo.com\/nutricion\/"},{"@type":"ListItem","position":2,"name":"La conexi\u00f3n entre el TDAH y la alimentaci\u00f3n"}]},{"@type":"WebSite","@id":"https:\/\/nelsonrazo.com\/nutricion\/#website","url":"https:\/\/nelsonrazo.com\/nutricion\/","name":"Nelson Razo | Nutrici\u00f3n","description":"Nutri\u00f3logo experto en Salud Metab\u00f3lica en Tecate","publisher":{"@id":"https:\/\/nelsonrazo.com\/nutricion\/#\/schema\/person\/f2a003e98f8f79c1dbbf148cc5f9aede"},"alternateName":"Nutri\u00f3logo Nelson Razo","potentialAction":[{"@type":"SearchAction","target":{"@type":"EntryPoint","urlTemplate":"https:\/\/nelsonrazo.com\/nutricion\/?s={search_term_string}"},"query-input":{"@type":"PropertyValueSpecification","valueRequired":true,"valueName":"search_term_string"}}],"inLanguage":"es"},{"@type":["Person","Organization"],"@id":"https:\/\/nelsonrazo.com\/nutricion\/#\/schema\/person\/f2a003e98f8f79c1dbbf148cc5f9aede","name":"Nelson Razo","image":{"@type":"ImageObject","inLanguage":"es","@id":"https:\/\/nelsonrazo.com\/nutricion\/wp-content\/uploads\/sites\/2\/2024\/01\/brn_favicon_logo.png","url":"https:\/\/nelsonrazo.com\/nutricion\/wp-content\/uploads\/sites\/2\/2024\/01\/brn_favicon_logo.png","contentUrl":"https:\/\/nelsonrazo.com\/nutricion\/wp-content\/uploads\/sites\/2\/2024\/01\/brn_favicon_logo.png","width":902,"height":901,"caption":"Nelson Razo"},"logo":{"@id":"https:\/\/nelsonrazo.com\/nutricion\/wp-content\/uploads\/sites\/2\/2024\/01\/brn_favicon_logo.png"},"description":"Nutri\u00f3logo enfocado en Salud Metab\u00f3lica y Nutrici\u00f3n Cl\u00ednica. Divulgador de la evidencia en salud y nutrici\u00f3n para la promoci\u00f3n de la salud p\u00fablica. Experto en branding y marketing digital que disfruta del running, la lectura y la investigaci\u00f3n.","sameAs":["https:\/\/nelsonrazo.com","https:\/\/www.facebook.com\/nelson.razo","https:\/\/www.instagram.com\/nelsonrazo\/","https:\/\/mx.linkedin.com\/in\/nelsonrazo","https:\/\/x.com\/nelsonrazoa"]},{"@type":"Person","@id":"https:\/\/nelsonrazo.com\/nutricion\/#\/schema\/person\/b16573f361a138262629c000e04c2d96","name":"Nelson Razo","image":{"@type":"ImageObject","inLanguage":"es","@id":"https:\/\/secure.gravatar.com\/avatar\/4b378214665597a637026edd710c2e4d92f84fdd2aa6e3a49bd352bc167d6675?s=96&d=mm&r=g","url":"https:\/\/secure.gravatar.com\/avatar\/4b378214665597a637026edd710c2e4d92f84fdd2aa6e3a49bd352bc167d6675?s=96&d=mm&r=g","contentUrl":"https:\/\/secure.gravatar.com\/avatar\/4b378214665597a637026edd710c2e4d92f84fdd2aa6e3a49bd352bc167d6675?s=96&d=mm&r=g","caption":"Nelson Razo"},"sameAs":["https:\/\/nelsonrazo.com"],"url":"https:\/\/nelsonrazo.com\/nutricion\/author\/nelradmin\/"}]}},"jetpack_featured_media_url":"https:\/\/nelsonrazo.com\/nutricion\/wp-content\/uploads\/sites\/2\/2024\/07\/tdah_nutri.jpg","jetpack_shortlink":"https:\/\/wp.me\/pfrB9s-4U","jetpack_sharing_enabled":true,"_links":{"self":[{"href":"https:\/\/nelsonrazo.com\/nutricion\/wp-json\/wp\/v2\/posts\/304","targetHints":{"allow":["GET"]}}],"collection":[{"href":"https:\/\/nelsonrazo.com\/nutricion\/wp-json\/wp\/v2\/posts"}],"about":[{"href":"https:\/\/nelsonrazo.com\/nutricion\/wp-json\/wp\/v2\/types\/post"}],"author":[{"embeddable":true,"href":"https:\/\/nelsonrazo.com\/nutricion\/wp-json\/wp\/v2\/users\/1"}],"replies":[{"embeddable":true,"href":"https:\/\/nelsonrazo.com\/nutricion\/wp-json\/wp\/v2\/comments?post=304"}],"version-history":[{"count":3,"href":"https:\/\/nelsonrazo.com\/nutricion\/wp-json\/wp\/v2\/posts\/304\/revisions"}],"predecessor-version":[{"id":347,"href":"https:\/\/nelsonrazo.com\/nutricion\/wp-json\/wp\/v2\/posts\/304\/revisions\/347"}],"wp:featuredmedia":[{"embeddable":true,"href":"https:\/\/nelsonrazo.com\/nutricion\/wp-json\/wp\/v2\/media\/306"}],"wp:attachment":[{"href":"https:\/\/nelsonrazo.com\/nutricion\/wp-json\/wp\/v2\/media?parent=304"}],"wp:term":[{"taxonomy":"category","embeddable":true,"href":"https:\/\/nelsonrazo.com\/nutricion\/wp-json\/wp\/v2\/categories?post=304"},{"taxonomy":"post_tag","embeddable":true,"href":"https:\/\/nelsonrazo.com\/nutricion\/wp-json\/wp\/v2\/tags?post=304"}],"curies":[{"name":"wp","href":"https:\/\/api.w.org\/{rel}","templated":true}]}}