{"id":26,"date":"2024-01-10T07:00:27","date_gmt":"2024-01-10T06:00:27","guid":{"rendered":"https:\/\/nelsonrazo.com\/nutricion\/?p=26"},"modified":"2024-02-03T03:58:27","modified_gmt":"2024-02-03T02:58:27","slug":"la-obesidad-como-una-enfermedad-mas-alla-del-exceso-de-peso","status":"publish","type":"post","link":"https:\/\/nelsonrazo.com\/nutricion\/2024\/01\/10\/la-obesidad-como-una-enfermedad-mas-alla-del-exceso-de-peso\/","title":{"rendered":"La obesidad como enfermedad: m\u00e1s all\u00e1 del exceso de peso"},"content":{"rendered":"\n<p>En un mundo que suele fijarse en las apariencias externas, es esencial profundizar en las complejidades de la obesidad. M\u00e1s all\u00e1 del enfoque superficial en el peso y la apariencia, se encuentra una profunda (y lamentablemente a\u00fan pol\u00e9mica) comprensi\u00f3n: la obesidad no es s\u00f3lo una cuesti\u00f3n de imagen externa; es una enfermedad con consecuencias de gran alcance.<\/p>\n\n\n\n<h3 class=\"wp-block-heading\">La obesidad m\u00e1s all\u00e1 de la b\u00e1scula<\/h3>\n\n\n\n<p>La <a href=\"https:\/\/youtu.be\/mihUX9MQ4ko?si=r57_xyGs4rB10B8X\">obesidad<\/a> va m\u00e1s all\u00e1 de los n\u00fameros de la b\u00e1scula; es una condici\u00f3n multifac\u00e9tica con conexiones intrincadas con varios aspectos de la salud. M\u00e1s all\u00e1 de lo visible, se entrelaza con factores fisiol\u00f3gicos, psicol\u00f3gicos y sociales, por lo que es crucial reconocerla como una enfermedad y no solamente como una mera preocupaci\u00f3n de imagen.<\/p>\n\n\n\n<p>Los efectos de la obesidad se extienden por todo el cuerpo y afectan a \u00f3rganos y sistemas vitales. Las complicaciones cardiovasculares, <a href=\"https:\/\/cuidatehoy.com\/cuidate-de-la-diabetes\/\">la diabetes<\/a> y los problemas articulares son s\u00f3lo algunas de las consecuencias f\u00edsicas. Al reconocer la obesidad como una enfermedad, abrimos la puerta a un enfoque integral de la salud, centr\u00e1ndonos no s\u00f3lo en la p\u00e9rdida de peso sino tambi\u00e9n en abordar los desaf\u00edos fisiol\u00f3gicos subyacentes.<\/p>\n\n\n\n<h3 class=\"wp-block-heading\">El panorama psicol\u00f3gico de la obesidad<\/h3>\n\n\n\n<p>M\u00e1s all\u00e1 del costo f\u00edsico, la obesidad puede afectar la salud mental. Los estigmas predominantes en la sociedad a menudo contribuyen a un c\u00edrculo vicioso de verg\u00fcenza y problemas de autoestima. Reconocer la obesidad como una enfermedad permite un cambio de perspectiva, fomentando la empat\u00eda y la comprensi\u00f3n. Fomenta un enfoque hol\u00edstico que considera tanto los aspectos f\u00edsicos como mentales del bienestar.<\/p>\n\n\n\n<h3 class=\"wp-block-heading\">El impacto social de la obesidad<\/h3>\n\n\n\n<p>La obesidad no es s\u00f3lo una lucha individual; tiene implicaciones sociales m\u00e1s amplias. Al reconocerla como una enfermedad, facilitamos el camino para el desarrollo de iniciativas que aborden sus causas fundamentales. Este cambio de percepci\u00f3n promueve un entorno de apoyo que fomenta elecciones de estilos de vida m\u00e1s saludables y desmantela el estigma asociado con la obesidad.<\/p>\n\n\n\n<p>Adem\u00e1s, cuando la obesidad se reconoce como una enfermedad, los proveedores de atenci\u00f3n m\u00e9dica pueden ofrecer una atenci\u00f3n m\u00e1s emp\u00e1tica y personalizada. Cambia el enfoque de simplemente prescribir la p\u00e9rdida de peso a comprender los desaf\u00edos \u00fanicos que enfrentan las personas en el manejo de su salud. Este cambio puede conducir a intervenciones m\u00e1s efectivas y a un mejor bienestar general.<\/p>\n\n\n\n<h3 class=\"wp-block-heading\">La importancia de los enfoques integrales<\/h3>\n\n\n\n<p>Una perspectiva centrada en la enfermedad impulsa a alejarse de las soluciones r\u00e1pidas y las dietas de moda. La adopci\u00f3n de enfoques hol\u00edsticos considera factores como la nutrici\u00f3n, la actividad f\u00edsica, la salud mental y las influencias sociales. Esta estrategia integral proporciona a las personas las herramientas y el apoyo necesarios para afrontar las complejidades de la obesidad.<\/p>\n\n\n\n<h3 class=\"wp-block-heading\">Empoderar a las personas para tomar acci\u00f3n<\/h3>\n\n\n\n<p>Al reconocer la obesidad como una enfermedad, empoderamos a las personas para que se hagan cargo de su salud sin la carga del juicio social. Fomenta medidas proactivas, desde buscar orientaci\u00f3n m\u00e9dica hasta realizar cambios sostenibles en el estilo de vida. Este empoderamiento es un paso vital hacia el fomento de una comunidad m\u00e1s saludable y resiliente. Por que la obesidad puede ser una enfermedad, pero es una tratable y reversible.<\/p>\n\n\n\n<p>De modo que, dejemos de creer que la obesidad es solamente exceso de peso, y que podemos vivir sanos toda la vida con esos kilos de m\u00e1s. En la gran mayor\u00eda de los casos, la obesidad tarde o temprano afecta la salud y disminuye la calidad de vida. Por eso es esencial abordar el problema lo m\u00e1s pronto posible, y no justificar la procrastinaci\u00f3n en su tratamiento.<\/p>\n\n\n\n<h3 class=\"wp-block-heading\">Comienza hoy<\/h3>\n\n\n\n<p>Si deseas comenzar a hacer algo para limitar los riesgos que conlleva la obesidad, <a data-type=\"page\" data-id=\"34\" href=\"https:\/\/nelsonrazo.com\/nutricion\/contacto\/\">agenda tu cita<\/a> de nutrici\u00f3n enfocada en la recuperaci\u00f3n de salud metab\u00f3lica.<\/p>\n\n\n\n<figure class=\"wp-block-embed is-type-video is-provider-youtube wp-block-embed-youtube wp-embed-aspect-16-9 wp-has-aspect-ratio\"><div class=\"wp-block-embed__wrapper\">\n<iframe loading=\"lazy\" title=\"Cu\u00eddate de la obesidad\" width=\"500\" height=\"281\" src=\"https:\/\/www.youtube.com\/embed\/mihUX9MQ4ko?feature=oembed\" frameborder=\"0\" allow=\"accelerometer; autoplay; clipboard-write; encrypted-media; gyroscope; picture-in-picture; web-share\" referrerpolicy=\"strict-origin-when-cross-origin\" allowfullscreen><\/iframe>\n<\/div><\/figure>\n\n\n\n<details class=\"wp-block-details is-layout-flow wp-block-details-is-layout-flow\"><summary>Referencias<\/summary>\n<p class=\"has-small-font-size\">Barber, T. M., et al. (2021). Mechanisms of Insulin Resistance at the Crossroad of Obesity with Associated Metabolic Abnormalities and Cognitive Dysfunction. <em>International Journal of Molecular Sciences<\/em>, <em>22<\/em>(2), 546. <a href=\"https:\/\/doi.org\/10.3390\/ijms22020546\">https:\/\/doi.org\/10.3390\/ijms22020546<\/a><\/p>\n\n\n\n<p class=\"has-small-font-size\">Cao, H. (2014). Adipocytokines in obesity and metabolic disease. <em>Journal of endocrinology<\/em>, <em>220<\/em>(2), T47-T59. <a href=\"https:\/\/doi.org\/10.1530\/JOE-13-0339\">https:\/\/doi.org\/10.1530\/JOE-13-0339<\/a><\/p>\n\n\n\n<p class=\"has-small-font-size\">Fr\u00fchbeck, G., et al. (2019). The ABCD of Obesity: An EASO Position Statement on a Diagnostic Term with Clinical and Scientific Implications. <em>Obesity Facts<\/em>, <em>12<\/em>(2), 131\u2013136. <a href=\"https:\/\/doi.org\/10.1159\/000497124\">https:\/\/doi.org\/10.1159\/000497124<\/a><\/p>\n\n\n\n<p class=\"has-small-font-size\">Kyle, T. K., Dhurandhar, E. J., &amp; Allison, D. B. (2016). Regarding Obesity as a Disease. <em>Endocrinology and Metabolism Clinics of North America<\/em>, <em>45<\/em>(3), 511\u2013520. <a href=\"https:\/\/doi.org\/10.1016\/j.ecl.2016.04.004\">https:\/\/doi.org\/10.1016\/j.ecl.2016.04.004<\/a><\/p>\n\n\n\n<p class=\"has-small-font-size\">Lake, A., &amp; Townshend, T. (2006). Obesogenic environments: Exploring the built and food environments. <em>Journal of the Royal Society for the Promotion of Health<\/em>, <em>126<\/em>(6), 262\u2013267. <a href=\"https:\/\/doi.org\/10.1177\/1466424006070487\">https:\/\/doi.org\/10.1177\/1466424006070487<\/a><\/p>\n\n\n\n<p class=\"has-small-font-size\">Lustig, R. H., et al. (2022). Obesity I: Overview and molecular and biochemical mechanisms. <em>Biochemical Pharmacology<\/em>, <em>199<\/em>, 115012. <a href=\"https:\/\/doi.org\/10.1016\/j.bcp.2022.115012\">https:\/\/doi.org\/10.1016\/j.bcp.2022.115012<\/a><\/p>\n\n\n\n<p class=\"has-small-font-size\">Perdomo, C. M., et al. (2023). Towards an adiposity-related disease framework for the diagnosis and management of obesities. <em>Reviews in Endocrine and Metabolic Disorders<\/em>, <em>24<\/em>(5), 795\u2013807. <a href=\"https:\/\/doi.org\/10.1007\/s11154-023-09797-2\">https:\/\/doi.org\/10.1007\/s11154-023-09797-2<\/a><\/p>\n\n\n\n<p class=\"has-small-font-size\">Saltiel, A. R., &amp; Olefsky, J. M. (2017). Inflammatory mechanisms linking obesity and metabolic disease. <em>The Journal of clinical investigation<\/em>, <em>127<\/em>(1), 1-4. <a href=\"https:\/\/doi.org\/10.1172\/JCI92035\">https:\/\/doi.org\/10.1172\/JCI92035<\/a><\/p>\n\n\n\n<p class=\"has-small-font-size\">Van Gaal, L. F., Mertens, I. L., &amp; De Block, C. E. (2006). Mechanisms linking obesity with cardiovascular disease. <em>Nature<\/em>, <em>444<\/em>(7121), 875-880. <a href=\"https:\/\/doi.org\/10.1038\/nature05487\">https:\/\/doi.org\/10.1038\/nature05487<\/a><\/p>\n<\/details>\n\n\n\n<p class=\"has-small-font-size\"><strong>Descargo de responsabilidad: <\/strong>esta publicaci\u00f3n de blog tiene fines informativos \u00fanicamente y no debe interpretarse como un consejo m\u00e9dico. Consulta siempre con tu profesional de la salud antes de realizar cualquier cambio en tu r\u00e9gimen de medicaci\u00f3n y nutrici\u00f3n.<\/p>\n\n\n\n<p class=\"has-small-font-size\">Image by <a href=\"https:\/\/www.freepik.com\/free-photo\/top-view-variety-medicine-tablets_7946235.htm#query=medications&amp;position=7&amp;from_view=search&amp;track=sph&amp;uuid=5c44c667-7fee-42aa-9c05-b3645f772eae#position=7&amp;query=medications\">Freepik<\/a><\/p>\n","protected":false},"excerpt":{"rendered":"<p>Entender la obesidad como una enfermedad trasciende la narrativa superficial del peso y la apariencia. Abre la puerta a un enfoque integral de la salud, abordando no s\u00f3lo las manifestaciones f\u00edsicas sino tambi\u00e9n las psicol\u00f3gicas y sociales.<\/p>\n","protected":false},"author":1,"featured_media":29,"comment_status":"open","ping_status":"open","sticky":false,"template":"","format":"standard","meta":{"_themeisle_gutenberg_block_has_review":false,"_jetpack_memberships_contains_paid_content":false,"footnotes":""},"categories":[7],"tags":[14,11,19,21],"class_list":["post-26","post","type-post","status-publish","format-standard","has-post-thumbnail","hentry","category-enfermedades-cronicas","tag-enfermedades-cronicas","tag-metabolismo","tag-obesidad","tag-perdida-de-peso"],"yoast_head":"<!-- This site is optimized with the Yoast SEO plugin v27.5 - https:\/\/yoast.com\/product\/yoast-seo-wordpress\/ -->\n<title>La obesidad como enfermedad: m\u00e1s all\u00e1 del exceso de peso - Nelson Razo | Nutri\u00f3logo<\/title>\n<meta name=\"description\" content=\"Dejemos de creer que la obesidad es solamente exceso de peso, y que podemos vivir sanos toda la vida con esos kilos de m\u00e1s.\" \/>\n<meta name=\"robots\" content=\"index, follow, max-snippet:-1, max-image-preview:large, max-video-preview:-1\" \/>\n<link rel=\"canonical\" href=\"https:\/\/nelsonrazo.com\/nutricion\/2024\/01\/10\/la-obesidad-como-una-enfermedad-mas-alla-del-exceso-de-peso\/\" \/>\n<meta property=\"og:locale\" content=\"es_ES\" \/>\n<meta property=\"og:type\" content=\"article\" \/>\n<meta property=\"og:title\" content=\"La obesidad como enfermedad: m\u00e1s all\u00e1 del exceso de peso - Nelson Razo | Nutri\u00f3logo\" \/>\n<meta property=\"og:description\" content=\"Dejemos de creer que la obesidad es solamente exceso de peso, y que podemos vivir sanos toda la vida con esos kilos de m\u00e1s.\" \/>\n<meta property=\"og:url\" content=\"https:\/\/nelsonrazo.com\/nutricion\/2024\/01\/10\/la-obesidad-como-una-enfermedad-mas-alla-del-exceso-de-peso\/\" \/>\n<meta property=\"og:site_name\" content=\"Nelson Razo | Nutri\u00f3logo\" \/>\n<meta property=\"article:publisher\" content=\"https:\/\/www.facebook.com\/nelson.razo\" \/>\n<meta property=\"article:published_time\" content=\"2024-01-10T06:00:27+00:00\" \/>\n<meta property=\"article:modified_time\" content=\"2024-02-03T02:58:27+00:00\" \/>\n<meta property=\"og:image\" content=\"https:\/\/nelsonrazo.com\/nutricion\/wp-content\/uploads\/sites\/2\/2024\/01\/obesidad_enfermedad.jpg\" \/>\n\t<meta property=\"og:image:width\" content=\"920\" \/>\n\t<meta property=\"og:image:height\" content=\"500\" \/>\n\t<meta property=\"og:image:type\" content=\"image\/jpeg\" \/>\n<meta name=\"author\" content=\"Nelson Razo\" \/>\n<meta name=\"twitter:card\" content=\"summary_large_image\" \/>\n<meta name=\"twitter:site\" content=\"@nelsonrazoa\" \/>\n<meta name=\"twitter:label1\" content=\"Escrito por\" \/>\n\t<meta name=\"twitter:data1\" content=\"Nelson Razo\" \/>\n\t<meta name=\"twitter:label2\" content=\"Tiempo de lectura\" \/>\n\t<meta name=\"twitter:data2\" content=\"5 minutos\" \/>\n<script type=\"application\/ld+json\" class=\"yoast-schema-graph\">{\"@context\":\"https:\\\/\\\/schema.org\",\"@graph\":[{\"@type\":\"Article\",\"@id\":\"https:\\\/\\\/nelsonrazo.com\\\/nutricion\\\/2024\\\/01\\\/10\\\/la-obesidad-como-una-enfermedad-mas-alla-del-exceso-de-peso\\\/#article\",\"isPartOf\":{\"@id\":\"https:\\\/\\\/nelsonrazo.com\\\/nutricion\\\/2024\\\/01\\\/10\\\/la-obesidad-como-una-enfermedad-mas-alla-del-exceso-de-peso\\\/\"},\"author\":{\"name\":\"Nelson Razo\",\"@id\":\"https:\\\/\\\/nelsonrazo.com\\\/nutricion\\\/#\\\/schema\\\/person\\\/b16573f361a138262629c000e04c2d96\"},\"headline\":\"La obesidad como enfermedad: m\u00e1s all\u00e1 del exceso de peso\",\"datePublished\":\"2024-01-10T06:00:27+00:00\",\"dateModified\":\"2024-02-03T02:58:27+00:00\",\"mainEntityOfPage\":{\"@id\":\"https:\\\/\\\/nelsonrazo.com\\\/nutricion\\\/2024\\\/01\\\/10\\\/la-obesidad-como-una-enfermedad-mas-alla-del-exceso-de-peso\\\/\"},\"wordCount\":969,\"commentCount\":2,\"publisher\":{\"@id\":\"https:\\\/\\\/nelsonrazo.com\\\/nutricion\\\/#\\\/schema\\\/person\\\/f2a003e98f8f79c1dbbf148cc5f9aede\"},\"image\":{\"@id\":\"https:\\\/\\\/nelsonrazo.com\\\/nutricion\\\/2024\\\/01\\\/10\\\/la-obesidad-como-una-enfermedad-mas-alla-del-exceso-de-peso\\\/#primaryimage\"},\"thumbnailUrl\":\"https:\\\/\\\/nelsonrazo.com\\\/nutricion\\\/wp-content\\\/uploads\\\/sites\\\/2\\\/2024\\\/01\\\/obesidad_enfermedad.jpg\",\"keywords\":[\"enfermedades cronicas\",\"metabolismo\",\"obesidad\",\"perdida de peso\"],\"articleSection\":[\"Enfermedades Cr\u00f3nicas\"],\"inLanguage\":\"es\",\"potentialAction\":[{\"@type\":\"CommentAction\",\"name\":\"Comment\",\"target\":[\"https:\\\/\\\/nelsonrazo.com\\\/nutricion\\\/2024\\\/01\\\/10\\\/la-obesidad-como-una-enfermedad-mas-alla-del-exceso-de-peso\\\/#respond\"]}]},{\"@type\":\"WebPage\",\"@id\":\"https:\\\/\\\/nelsonrazo.com\\\/nutricion\\\/2024\\\/01\\\/10\\\/la-obesidad-como-una-enfermedad-mas-alla-del-exceso-de-peso\\\/\",\"url\":\"https:\\\/\\\/nelsonrazo.com\\\/nutricion\\\/2024\\\/01\\\/10\\\/la-obesidad-como-una-enfermedad-mas-alla-del-exceso-de-peso\\\/\",\"name\":\"La obesidad como enfermedad: m\u00e1s all\u00e1 del exceso de peso - Nelson Razo | Nutri\u00f3logo\",\"isPartOf\":{\"@id\":\"https:\\\/\\\/nelsonrazo.com\\\/nutricion\\\/#website\"},\"primaryImageOfPage\":{\"@id\":\"https:\\\/\\\/nelsonrazo.com\\\/nutricion\\\/2024\\\/01\\\/10\\\/la-obesidad-como-una-enfermedad-mas-alla-del-exceso-de-peso\\\/#primaryimage\"},\"image\":{\"@id\":\"https:\\\/\\\/nelsonrazo.com\\\/nutricion\\\/2024\\\/01\\\/10\\\/la-obesidad-como-una-enfermedad-mas-alla-del-exceso-de-peso\\\/#primaryimage\"},\"thumbnailUrl\":\"https:\\\/\\\/nelsonrazo.com\\\/nutricion\\\/wp-content\\\/uploads\\\/sites\\\/2\\\/2024\\\/01\\\/obesidad_enfermedad.jpg\",\"datePublished\":\"2024-01-10T06:00:27+00:00\",\"dateModified\":\"2024-02-03T02:58:27+00:00\",\"description\":\"Dejemos de creer que la obesidad es solamente exceso de peso, y que podemos vivir sanos toda la vida con esos kilos de m\u00e1s.\",\"breadcrumb\":{\"@id\":\"https:\\\/\\\/nelsonrazo.com\\\/nutricion\\\/2024\\\/01\\\/10\\\/la-obesidad-como-una-enfermedad-mas-alla-del-exceso-de-peso\\\/#breadcrumb\"},\"inLanguage\":\"es\",\"potentialAction\":[{\"@type\":\"ReadAction\",\"target\":[\"https:\\\/\\\/nelsonrazo.com\\\/nutricion\\\/2024\\\/01\\\/10\\\/la-obesidad-como-una-enfermedad-mas-alla-del-exceso-de-peso\\\/\"]}]},{\"@type\":\"ImageObject\",\"inLanguage\":\"es\",\"@id\":\"https:\\\/\\\/nelsonrazo.com\\\/nutricion\\\/2024\\\/01\\\/10\\\/la-obesidad-como-una-enfermedad-mas-alla-del-exceso-de-peso\\\/#primaryimage\",\"url\":\"https:\\\/\\\/nelsonrazo.com\\\/nutricion\\\/wp-content\\\/uploads\\\/sites\\\/2\\\/2024\\\/01\\\/obesidad_enfermedad.jpg\",\"contentUrl\":\"https:\\\/\\\/nelsonrazo.com\\\/nutricion\\\/wp-content\\\/uploads\\\/sites\\\/2\\\/2024\\\/01\\\/obesidad_enfermedad.jpg\",\"width\":920,\"height\":500,\"caption\":\"Obesidad como enfermedad\"},{\"@type\":\"BreadcrumbList\",\"@id\":\"https:\\\/\\\/nelsonrazo.com\\\/nutricion\\\/2024\\\/01\\\/10\\\/la-obesidad-como-una-enfermedad-mas-alla-del-exceso-de-peso\\\/#breadcrumb\",\"itemListElement\":[{\"@type\":\"ListItem\",\"position\":1,\"name\":\"Portada\",\"item\":\"https:\\\/\\\/nelsonrazo.com\\\/nutricion\\\/\"},{\"@type\":\"ListItem\",\"position\":2,\"name\":\"La obesidad como enfermedad: m\u00e1s all\u00e1 del exceso de peso\"}]},{\"@type\":\"WebSite\",\"@id\":\"https:\\\/\\\/nelsonrazo.com\\\/nutricion\\\/#website\",\"url\":\"https:\\\/\\\/nelsonrazo.com\\\/nutricion\\\/\",\"name\":\"Nelson Razo | Nutrici\u00f3n\",\"description\":\"Nutri\u00f3logo experto en Salud Metab\u00f3lica en Tecate\",\"publisher\":{\"@id\":\"https:\\\/\\\/nelsonrazo.com\\\/nutricion\\\/#\\\/schema\\\/person\\\/f2a003e98f8f79c1dbbf148cc5f9aede\"},\"alternateName\":\"Nutri\u00f3logo Nelson Razo\",\"potentialAction\":[{\"@type\":\"SearchAction\",\"target\":{\"@type\":\"EntryPoint\",\"urlTemplate\":\"https:\\\/\\\/nelsonrazo.com\\\/nutricion\\\/?s={search_term_string}\"},\"query-input\":{\"@type\":\"PropertyValueSpecification\",\"valueRequired\":true,\"valueName\":\"search_term_string\"}}],\"inLanguage\":\"es\"},{\"@type\":[\"Person\",\"Organization\"],\"@id\":\"https:\\\/\\\/nelsonrazo.com\\\/nutricion\\\/#\\\/schema\\\/person\\\/f2a003e98f8f79c1dbbf148cc5f9aede\",\"name\":\"Nelson Razo\",\"image\":{\"@type\":\"ImageObject\",\"inLanguage\":\"es\",\"@id\":\"https:\\\/\\\/nelsonrazo.com\\\/nutricion\\\/wp-content\\\/uploads\\\/sites\\\/2\\\/2024\\\/01\\\/brn_favicon_logo.png\",\"url\":\"https:\\\/\\\/nelsonrazo.com\\\/nutricion\\\/wp-content\\\/uploads\\\/sites\\\/2\\\/2024\\\/01\\\/brn_favicon_logo.png\",\"contentUrl\":\"https:\\\/\\\/nelsonrazo.com\\\/nutricion\\\/wp-content\\\/uploads\\\/sites\\\/2\\\/2024\\\/01\\\/brn_favicon_logo.png\",\"width\":902,\"height\":901,\"caption\":\"Nelson Razo\"},\"logo\":{\"@id\":\"https:\\\/\\\/nelsonrazo.com\\\/nutricion\\\/wp-content\\\/uploads\\\/sites\\\/2\\\/2024\\\/01\\\/brn_favicon_logo.png\"},\"description\":\"Nutri\u00f3logo enfocado en Salud Metab\u00f3lica y Nutrici\u00f3n Cl\u00ednica. Divulgador de la evidencia en salud y nutrici\u00f3n para la promoci\u00f3n de la salud p\u00fablica. Experto en branding y marketing digital que disfruta del running, la lectura y la investigaci\u00f3n.\",\"sameAs\":[\"https:\\\/\\\/nelsonrazo.com\",\"https:\\\/\\\/www.facebook.com\\\/nelson.razo\",\"https:\\\/\\\/www.instagram.com\\\/nelsonrazo\\\/\",\"https:\\\/\\\/mx.linkedin.com\\\/in\\\/nelsonrazo\",\"https:\\\/\\\/x.com\\\/nelsonrazoa\"]},{\"@type\":\"Person\",\"@id\":\"https:\\\/\\\/nelsonrazo.com\\\/nutricion\\\/#\\\/schema\\\/person\\\/b16573f361a138262629c000e04c2d96\",\"name\":\"Nelson Razo\",\"image\":{\"@type\":\"ImageObject\",\"inLanguage\":\"es\",\"@id\":\"https:\\\/\\\/secure.gravatar.com\\\/avatar\\\/4b378214665597a637026edd710c2e4d92f84fdd2aa6e3a49bd352bc167d6675?s=96&d=mm&r=g\",\"url\":\"https:\\\/\\\/secure.gravatar.com\\\/avatar\\\/4b378214665597a637026edd710c2e4d92f84fdd2aa6e3a49bd352bc167d6675?s=96&d=mm&r=g\",\"contentUrl\":\"https:\\\/\\\/secure.gravatar.com\\\/avatar\\\/4b378214665597a637026edd710c2e4d92f84fdd2aa6e3a49bd352bc167d6675?s=96&d=mm&r=g\",\"caption\":\"Nelson Razo\"},\"sameAs\":[\"https:\\\/\\\/nelsonrazo.com\"],\"url\":\"https:\\\/\\\/nelsonrazo.com\\\/nutricion\\\/author\\\/nelradmin\\\/\"}]}<\/script>\n<!-- \/ Yoast SEO plugin. -->","yoast_head_json":{"title":"La obesidad como enfermedad: m\u00e1s all\u00e1 del exceso de peso - Nelson Razo | Nutri\u00f3logo","description":"Dejemos de creer que la obesidad es solamente exceso de peso, y que podemos vivir sanos toda la vida con esos kilos de m\u00e1s.","robots":{"index":"index","follow":"follow","max-snippet":"max-snippet:-1","max-image-preview":"max-image-preview:large","max-video-preview":"max-video-preview:-1"},"canonical":"https:\/\/nelsonrazo.com\/nutricion\/2024\/01\/10\/la-obesidad-como-una-enfermedad-mas-alla-del-exceso-de-peso\/","og_locale":"es_ES","og_type":"article","og_title":"La obesidad como enfermedad: m\u00e1s all\u00e1 del exceso de peso - Nelson Razo | Nutri\u00f3logo","og_description":"Dejemos de creer que la obesidad es solamente exceso de peso, y que podemos vivir sanos toda la vida con esos kilos de m\u00e1s.","og_url":"https:\/\/nelsonrazo.com\/nutricion\/2024\/01\/10\/la-obesidad-como-una-enfermedad-mas-alla-del-exceso-de-peso\/","og_site_name":"Nelson Razo | Nutri\u00f3logo","article_publisher":"https:\/\/www.facebook.com\/nelson.razo","article_published_time":"2024-01-10T06:00:27+00:00","article_modified_time":"2024-02-03T02:58:27+00:00","og_image":[{"width":920,"height":500,"url":"https:\/\/nelsonrazo.com\/nutricion\/wp-content\/uploads\/sites\/2\/2024\/01\/obesidad_enfermedad.jpg","type":"image\/jpeg"}],"author":"Nelson Razo","twitter_card":"summary_large_image","twitter_site":"@nelsonrazoa","twitter_misc":{"Escrito por":"Nelson Razo","Tiempo de lectura":"5 minutos"},"schema":{"@context":"https:\/\/schema.org","@graph":[{"@type":"Article","@id":"https:\/\/nelsonrazo.com\/nutricion\/2024\/01\/10\/la-obesidad-como-una-enfermedad-mas-alla-del-exceso-de-peso\/#article","isPartOf":{"@id":"https:\/\/nelsonrazo.com\/nutricion\/2024\/01\/10\/la-obesidad-como-una-enfermedad-mas-alla-del-exceso-de-peso\/"},"author":{"name":"Nelson Razo","@id":"https:\/\/nelsonrazo.com\/nutricion\/#\/schema\/person\/b16573f361a138262629c000e04c2d96"},"headline":"La obesidad como enfermedad: m\u00e1s all\u00e1 del exceso de peso","datePublished":"2024-01-10T06:00:27+00:00","dateModified":"2024-02-03T02:58:27+00:00","mainEntityOfPage":{"@id":"https:\/\/nelsonrazo.com\/nutricion\/2024\/01\/10\/la-obesidad-como-una-enfermedad-mas-alla-del-exceso-de-peso\/"},"wordCount":969,"commentCount":2,"publisher":{"@id":"https:\/\/nelsonrazo.com\/nutricion\/#\/schema\/person\/f2a003e98f8f79c1dbbf148cc5f9aede"},"image":{"@id":"https:\/\/nelsonrazo.com\/nutricion\/2024\/01\/10\/la-obesidad-como-una-enfermedad-mas-alla-del-exceso-de-peso\/#primaryimage"},"thumbnailUrl":"https:\/\/nelsonrazo.com\/nutricion\/wp-content\/uploads\/sites\/2\/2024\/01\/obesidad_enfermedad.jpg","keywords":["enfermedades cronicas","metabolismo","obesidad","perdida de peso"],"articleSection":["Enfermedades Cr\u00f3nicas"],"inLanguage":"es","potentialAction":[{"@type":"CommentAction","name":"Comment","target":["https:\/\/nelsonrazo.com\/nutricion\/2024\/01\/10\/la-obesidad-como-una-enfermedad-mas-alla-del-exceso-de-peso\/#respond"]}]},{"@type":"WebPage","@id":"https:\/\/nelsonrazo.com\/nutricion\/2024\/01\/10\/la-obesidad-como-una-enfermedad-mas-alla-del-exceso-de-peso\/","url":"https:\/\/nelsonrazo.com\/nutricion\/2024\/01\/10\/la-obesidad-como-una-enfermedad-mas-alla-del-exceso-de-peso\/","name":"La obesidad como enfermedad: m\u00e1s all\u00e1 del exceso de peso - Nelson Razo | Nutri\u00f3logo","isPartOf":{"@id":"https:\/\/nelsonrazo.com\/nutricion\/#website"},"primaryImageOfPage":{"@id":"https:\/\/nelsonrazo.com\/nutricion\/2024\/01\/10\/la-obesidad-como-una-enfermedad-mas-alla-del-exceso-de-peso\/#primaryimage"},"image":{"@id":"https:\/\/nelsonrazo.com\/nutricion\/2024\/01\/10\/la-obesidad-como-una-enfermedad-mas-alla-del-exceso-de-peso\/#primaryimage"},"thumbnailUrl":"https:\/\/nelsonrazo.com\/nutricion\/wp-content\/uploads\/sites\/2\/2024\/01\/obesidad_enfermedad.jpg","datePublished":"2024-01-10T06:00:27+00:00","dateModified":"2024-02-03T02:58:27+00:00","description":"Dejemos de creer que la obesidad es solamente exceso de peso, y que podemos vivir sanos toda la vida con esos kilos de m\u00e1s.","breadcrumb":{"@id":"https:\/\/nelsonrazo.com\/nutricion\/2024\/01\/10\/la-obesidad-como-una-enfermedad-mas-alla-del-exceso-de-peso\/#breadcrumb"},"inLanguage":"es","potentialAction":[{"@type":"ReadAction","target":["https:\/\/nelsonrazo.com\/nutricion\/2024\/01\/10\/la-obesidad-como-una-enfermedad-mas-alla-del-exceso-de-peso\/"]}]},{"@type":"ImageObject","inLanguage":"es","@id":"https:\/\/nelsonrazo.com\/nutricion\/2024\/01\/10\/la-obesidad-como-una-enfermedad-mas-alla-del-exceso-de-peso\/#primaryimage","url":"https:\/\/nelsonrazo.com\/nutricion\/wp-content\/uploads\/sites\/2\/2024\/01\/obesidad_enfermedad.jpg","contentUrl":"https:\/\/nelsonrazo.com\/nutricion\/wp-content\/uploads\/sites\/2\/2024\/01\/obesidad_enfermedad.jpg","width":920,"height":500,"caption":"Obesidad como enfermedad"},{"@type":"BreadcrumbList","@id":"https:\/\/nelsonrazo.com\/nutricion\/2024\/01\/10\/la-obesidad-como-una-enfermedad-mas-alla-del-exceso-de-peso\/#breadcrumb","itemListElement":[{"@type":"ListItem","position":1,"name":"Portada","item":"https:\/\/nelsonrazo.com\/nutricion\/"},{"@type":"ListItem","position":2,"name":"La obesidad como enfermedad: m\u00e1s all\u00e1 del exceso de peso"}]},{"@type":"WebSite","@id":"https:\/\/nelsonrazo.com\/nutricion\/#website","url":"https:\/\/nelsonrazo.com\/nutricion\/","name":"Nelson Razo | Nutrici\u00f3n","description":"Nutri\u00f3logo experto en Salud Metab\u00f3lica en Tecate","publisher":{"@id":"https:\/\/nelsonrazo.com\/nutricion\/#\/schema\/person\/f2a003e98f8f79c1dbbf148cc5f9aede"},"alternateName":"Nutri\u00f3logo Nelson Razo","potentialAction":[{"@type":"SearchAction","target":{"@type":"EntryPoint","urlTemplate":"https:\/\/nelsonrazo.com\/nutricion\/?s={search_term_string}"},"query-input":{"@type":"PropertyValueSpecification","valueRequired":true,"valueName":"search_term_string"}}],"inLanguage":"es"},{"@type":["Person","Organization"],"@id":"https:\/\/nelsonrazo.com\/nutricion\/#\/schema\/person\/f2a003e98f8f79c1dbbf148cc5f9aede","name":"Nelson Razo","image":{"@type":"ImageObject","inLanguage":"es","@id":"https:\/\/nelsonrazo.com\/nutricion\/wp-content\/uploads\/sites\/2\/2024\/01\/brn_favicon_logo.png","url":"https:\/\/nelsonrazo.com\/nutricion\/wp-content\/uploads\/sites\/2\/2024\/01\/brn_favicon_logo.png","contentUrl":"https:\/\/nelsonrazo.com\/nutricion\/wp-content\/uploads\/sites\/2\/2024\/01\/brn_favicon_logo.png","width":902,"height":901,"caption":"Nelson Razo"},"logo":{"@id":"https:\/\/nelsonrazo.com\/nutricion\/wp-content\/uploads\/sites\/2\/2024\/01\/brn_favicon_logo.png"},"description":"Nutri\u00f3logo enfocado en Salud Metab\u00f3lica y Nutrici\u00f3n Cl\u00ednica. Divulgador de la evidencia en salud y nutrici\u00f3n para la promoci\u00f3n de la salud p\u00fablica. Experto en branding y marketing digital que disfruta del running, la lectura y la investigaci\u00f3n.","sameAs":["https:\/\/nelsonrazo.com","https:\/\/www.facebook.com\/nelson.razo","https:\/\/www.instagram.com\/nelsonrazo\/","https:\/\/mx.linkedin.com\/in\/nelsonrazo","https:\/\/x.com\/nelsonrazoa"]},{"@type":"Person","@id":"https:\/\/nelsonrazo.com\/nutricion\/#\/schema\/person\/b16573f361a138262629c000e04c2d96","name":"Nelson Razo","image":{"@type":"ImageObject","inLanguage":"es","@id":"https:\/\/secure.gravatar.com\/avatar\/4b378214665597a637026edd710c2e4d92f84fdd2aa6e3a49bd352bc167d6675?s=96&d=mm&r=g","url":"https:\/\/secure.gravatar.com\/avatar\/4b378214665597a637026edd710c2e4d92f84fdd2aa6e3a49bd352bc167d6675?s=96&d=mm&r=g","contentUrl":"https:\/\/secure.gravatar.com\/avatar\/4b378214665597a637026edd710c2e4d92f84fdd2aa6e3a49bd352bc167d6675?s=96&d=mm&r=g","caption":"Nelson Razo"},"sameAs":["https:\/\/nelsonrazo.com"],"url":"https:\/\/nelsonrazo.com\/nutricion\/author\/nelradmin\/"}]}},"jetpack_featured_media_url":"https:\/\/nelsonrazo.com\/nutricion\/wp-content\/uploads\/sites\/2\/2024\/01\/obesidad_enfermedad.jpg","jetpack_shortlink":"https:\/\/wp.me\/pfrB9s-q","jetpack_sharing_enabled":true,"_links":{"self":[{"href":"https:\/\/nelsonrazo.com\/nutricion\/wp-json\/wp\/v2\/posts\/26","targetHints":{"allow":["GET"]}}],"collection":[{"href":"https:\/\/nelsonrazo.com\/nutricion\/wp-json\/wp\/v2\/posts"}],"about":[{"href":"https:\/\/nelsonrazo.com\/nutricion\/wp-json\/wp\/v2\/types\/post"}],"author":[{"embeddable":true,"href":"https:\/\/nelsonrazo.com\/nutricion\/wp-json\/wp\/v2\/users\/1"}],"replies":[{"embeddable":true,"href":"https:\/\/nelsonrazo.com\/nutricion\/wp-json\/wp\/v2\/comments?post=26"}],"version-history":[{"count":10,"href":"https:\/\/nelsonrazo.com\/nutricion\/wp-json\/wp\/v2\/posts\/26\/revisions"}],"predecessor-version":[{"id":137,"href":"https:\/\/nelsonrazo.com\/nutricion\/wp-json\/wp\/v2\/posts\/26\/revisions\/137"}],"wp:featuredmedia":[{"embeddable":true,"href":"https:\/\/nelsonrazo.com\/nutricion\/wp-json\/wp\/v2\/media\/29"}],"wp:attachment":[{"href":"https:\/\/nelsonrazo.com\/nutricion\/wp-json\/wp\/v2\/media?parent=26"}],"wp:term":[{"taxonomy":"category","embeddable":true,"href":"https:\/\/nelsonrazo.com\/nutricion\/wp-json\/wp\/v2\/categories?post=26"},{"taxonomy":"post_tag","embeddable":true,"href":"https:\/\/nelsonrazo.com\/nutricion\/wp-json\/wp\/v2\/tags?post=26"}],"curies":[{"name":"wp","href":"https:\/\/api.w.org\/{rel}","templated":true}]}}