{"id":933,"date":"2017-06-16T07:30:06","date_gmt":"2017-06-16T15:30:06","guid":{"rendered":"http:\/\/nelsonrazo.com\/?p=933"},"modified":"2024-02-14T07:02:40","modified_gmt":"2024-02-14T06:02:40","slug":"marca-personal-depende-pasion","status":"publish","type":"post","link":"https:\/\/nelsonrazo.com\/branding\/2017\/06\/16\/marca-personal-depende-pasion\/","title":{"rendered":"Tu marca personal depende de tu pasi\u00f3n"},"content":{"rendered":"<p>Como ya abordamos en un post anterior, existen<a href=\"http:\/\/nelsonrazo.com\/blog\/2016\/03\/23\/construir-tu-marca-personal\/\"> cinco puntos para construir tu marca personal<\/a>. Y es tan importante ahondar en cada uno de ellos que partir de este post los abordaremos de uno por uno.<\/p>\n<p>Y antes que cualquier otra cosa, para construir tu marca personal debes <strong>conocerte y ser tu yo aut\u00e9ntico<\/strong>.<\/p>\n<p>Este consejo (que m\u00e1s bien es ley si quieres tener una marca personal profesional y que fomente la lealtad de tu audiencia o mercado) puede parecer algo muy esot\u00e9rico o hasta <em>new age<\/em>, pero la realidad es que por m\u00e1s trillado que nos parezca, es la clave de las personas que manejan mejor su branding personal.<\/p>\n<p>Porque al final el branding personal es&#8230; personal. El branding fingido <a href=\"http:\/\/nelsonrazo.com\/blog\/2016\/08\/29\/la-marca-personal-enganosa\/\">no funciona por mucho tiempo<\/a>.<\/p>\n<h3>Sin pasi\u00f3n no hay marca personal<\/h3>\n<p>Para cubrir este primer punto, si no lo has hecho aun, es \u00fatil entender tu <a href=\"http:\/\/elraptorblog.com\/2016\/08\/conociendo-tu-personalidad\/\">tipo de personalidad<\/a> con la ayuda de cualquiera de los tests que existen para encontrarla, tema sobre el cual ya hemos tratado anteriormente en <a href=\"http:\/\/nelsonrazo.com\/blog\/2016\/08\/19\/tu-personalidad-y-tu-empleo\/\">Tu personalidad y tu empleo<\/a> y, si no lo has hecho, es recomendable tomar en cuenta, ya que tu personalidad de compone de distintos aspectos que al final dictan qui\u00e9n y c\u00f3mo eres.<\/p>\n<p>Y el m\u00e1s importante aspecto de a personalidad que aporta a tu marca no es ni lo que hayas estudiado ni en lo que seas profesional. Al final, esos dos aspectos pueden ser impersonales y en cualquier momento puedes aprender y dedicarte a otra actividad. Sin embargo, la pasi\u00f3n por lo que haces define no solamente tu marca personal sino hasta tu capacidad de tener \u00e9xito en tu profesi\u00f3n.<\/p>\n<p>Sin pasi\u00f3n no hay branding real. Es la pasi\u00f3n por lo que hacen lo que hace a las personas con destacables <a href=\"http:\/\/nelsonrazo.com\/blog\/2016\/10\/04\/la-importancia-del-branding-personal\/\">marcas personales<\/a> lo que les ayuda a catapultar y desarrollar esa marca tan atrayente y funcional.<\/p>\n<h3>La ciencia de la pasi\u00f3n<\/h3>\n<p>Cr\u00e9elo o no, la pasi\u00f3n y su relaci\u00f3n con el \u00e9xito en profesionistas y emprendedores se ha estudiado cient\u00edficamente y los resultandos han corroborado no solamente que es un aspecto fundamental del \u00e9xito, sino puede que el aspecto m\u00e1s importante de todos.<\/p>\n<p>La <a href=\"http:\/\/www.pace.edu\/lubin\/sections\/meet-the-faculty\/faculty-profile?username=MCardon\">doctora Melissa Cardon<\/a> de la Universidad Pace ha estudiado por d\u00e9cadas este tipo de pasi\u00f3n, y la define como una fuerte inclinaci\u00f3n o deseo por una actividad que te autodefine, que te gusta, que encuentras importante y en la cual ocupas tu tiempo y energ\u00eda.<\/p>\n<p>En otras palabras, \u00abexperimentas pasi\u00f3n cuando hay algo que te gusta tanto hacer que lo que sientes cuando lo llevas a cabo es tan intenso y positivo que puedes reconocer que es muy importante para la persona que eres, para tu auto-identidad, explica la <a href=\"https:\/\/www.youtube.com\/watch?v=w76UfjeS-8A\">doctora Cardon<\/a>.<\/p>\n<p>En <a href=\"http:\/\/amr.aom.org\/content\/34\/3\/511.abstract\">sus estudios<\/a> sobre la pasi\u00f3n y el emprendedurismo, Cardon y su equipo <a href=\"http:\/\/onlinelibrary.wiley.com\/doi\/10.1111\/etap.12089\/abstract\">encontraron y cuantificaron<\/a> cu\u00e1nto es que la pasi\u00f3n hace le diferencia en el \u00e9xito, independientemente del resto de las caracter\u00edsticas necesarias para emprender y administrar un negocio, y definieron que las principales ventajas de la pasi\u00f3n son:<\/p>\n<ol>\n<li>Te ayuda a trabajar m\u00e1s, con m\u00e1s intensidad y a alcanzar mayor desempe\u00f1o.<\/li>\n<li>Te hace m\u00e1s creativo y m\u00e1s persuasivo.<\/li>\n<li>Se contagia a los dem\u00e1s, inversionistas, empleados y audiencia en general.<\/li>\n<\/ol>\n<p>As\u00ed de importante es descubrir y desarrollar tu pasi\u00f3n para el beneficio de tu marca personal. B\u00e1sicamente los tres puntos que dependen de tu pasi\u00f3n por lo que haces son los tres puntos que tu marca personal da a conocer a los dem\u00e1s de manera f\u00edsica y conceptual.<\/p>\n<h3>Descubre tu pasi\u00f3n<\/h3>\n<p>De modo que ser\u00eda una casi total p\u00e9rdida de tiempo el querer <a href=\"http:\/\/nelsonrazo.com\/blog\/2016\/09\/12\/definiendo-tu-marca-personal\/\">desarrollar una marca personal<\/a> sin antes descubrir y desarrollar tu pasi\u00f3n relacionada con el ramo en el que te desenvuelves, en el que quieres destacar y ser reconocido.<\/p>\n<p>As\u00ed que, como tu marca personal no trabaja en un vac\u00edo, ni es algo que puedas forzar, es importante definir y trabajar antes que nada el primero de los <a href=\"http:\/\/nelsonrazo.com\/blog\/2016\/03\/23\/construir-tu-marca-personal\/\">5 puntos para construirla<\/a>. Y la pasi\u00f3n juega un rol crucial.<\/p>\n<p>El fundador de Walmart, <a href=\"https:\/\/en.wikipedia.org\/wiki\/Sam_Walton\">Sam Walton<\/a> lo explic\u00f3 f\u00e1cilmente en una sola frase:<\/p>\n<blockquote><p>\u00abSi adoras tu trabajo, estar\u00e1s ah\u00ed todos los d\u00edas tratando de hacerlo lo mejor posible, y muy pronto todos a tu alrededor ser\u00e1n contagiados por esa pasi\u00f3n como si de una fiebre se tratara.\u00bb<\/p><\/blockquote>\n<p>\u00bfQu\u00e9 necesitas para encontrar y trabajar tu pasi\u00f3n? Eso ser\u00e1 materia de un siguiente post.<\/p>\n<figure id=\"attachment_939\" aria-describedby=\"caption-attachment-939\" style=\"width: 850px\" class=\"wp-caption alignnone\"><a href=\"http:\/\/nelsonrazo.com\/wp-content\/uploads\/2017\/06\/pic_passion.jpg\"><img loading=\"lazy\" decoding=\"async\" class=\"size-full wp-image-939\" src=\"http:\/\/nelsonrazo.com\/wp-content\/uploads\/2017\/06\/pic_passion.jpg\" alt=\"Gary Vaynerchuk\" width=\"850\" height=\"250\" \/><\/a><figcaption id=\"caption-attachment-939\" class=\"wp-caption-text\">Gary Vaynerchuk es un gran ejemplo de pasi\u00f3n por lo que hace y de marca personal exitosa.<\/figcaption><\/figure>\n","protected":false},"excerpt":{"rendered":"<p>Sin pasi\u00f3n no hay branding real. Es la pasi\u00f3n por lo que hacen lo que hace a las personas con destacables marcas personales lo que les ayuda a catapultar y desarrollar esa marca tan atrayente y funcional.<\/p>\n","protected":false},"author":3,"featured_media":1517,"comment_status":"open","ping_status":"open","sticky":false,"template":"","format":"standard","meta":{"_themeisle_gutenberg_block_has_review":false,"_jetpack_memberships_contains_paid_content":false,"footnotes":""},"categories":[4],"tags":[51,55,121,212,216,254,260,262,285,337],"class_list":["post-933","post","type-post","status-publish","format-standard","has-post-thumbnail","hentry","category-branding-personal","tag-branding","tag-branding-personal","tag-enprendedurismo","tag-marca-personal","tag-marketing","tag-pasion","tag-personal-branding","tag-personalidad","tag-profesionista","tag-trabajo"],"yoast_head":"<!-- This site is optimized with the Yoast SEO plugin v27.5 - https:\/\/yoast.com\/product\/yoast-seo-wordpress\/ -->\n<title>Tu marca personal depende de tu pasi\u00f3n - Nelson Razo | Branding Expert<\/title>\n<meta name=\"description\" content=\"La pasi\u00f3n por lo que haces es clave para desarrollar tu marca personal. En otras palabras, sin pasi\u00f3n no hay branging personal de verdad.\" \/>\n<meta name=\"robots\" content=\"index, follow, max-snippet:-1, max-image-preview:large, max-video-preview:-1\" \/>\n<link rel=\"canonical\" href=\"https:\/\/nelsonrazo.com\/branding\/2017\/06\/16\/marca-personal-depende-pasion\/\" \/>\n<meta property=\"og:locale\" content=\"es_ES\" \/>\n<meta property=\"og:type\" content=\"article\" \/>\n<meta property=\"og:title\" content=\"Tu marca personal depende de tu pasi\u00f3n - Nelson Razo | Branding Expert\" \/>\n<meta property=\"og:description\" content=\"La pasi\u00f3n por lo que haces es clave para desarrollar tu marca personal. En otras palabras, sin pasi\u00f3n no hay branging personal de verdad.\" \/>\n<meta property=\"og:url\" content=\"https:\/\/nelsonrazo.com\/branding\/2017\/06\/16\/marca-personal-depende-pasion\/\" \/>\n<meta property=\"og:site_name\" content=\"Nelson Razo | Branding Expert\" \/>\n<meta property=\"article:published_time\" content=\"2017-06-16T15:30:06+00:00\" \/>\n<meta property=\"article:modified_time\" content=\"2024-02-14T06:02:40+00:00\" \/>\n<meta property=\"og:image\" content=\"https:\/\/nelsonrazo.com\/branding\/wp-content\/uploads\/sites\/3\/2017\/06\/post_pic_passion.jpg\" \/>\n\t<meta property=\"og:image:width\" content=\"1024\" \/>\n\t<meta property=\"og:image:height\" content=\"590\" \/>\n\t<meta property=\"og:image:type\" content=\"image\/jpeg\" \/>\n<meta name=\"author\" content=\"branding\" \/>\n<meta name=\"twitter:card\" content=\"summary_large_image\" \/>\n<meta name=\"twitter:label1\" content=\"Escrito por\" \/>\n\t<meta name=\"twitter:data1\" content=\"branding\" \/>\n\t<meta name=\"twitter:label2\" content=\"Tiempo de lectura\" \/>\n\t<meta name=\"twitter:data2\" content=\"4 minutos\" \/>\n<script type=\"application\/ld+json\" class=\"yoast-schema-graph\">{\"@context\":\"https:\\\/\\\/schema.org\",\"@graph\":[{\"@type\":\"Article\",\"@id\":\"https:\\\/\\\/nelsonrazo.com\\\/branding\\\/2017\\\/06\\\/16\\\/marca-personal-depende-pasion\\\/#article\",\"isPartOf\":{\"@id\":\"https:\\\/\\\/nelsonrazo.com\\\/branding\\\/2017\\\/06\\\/16\\\/marca-personal-depende-pasion\\\/\"},\"author\":{\"name\":\"branding\",\"@id\":\"https:\\\/\\\/nelsonrazo.com\\\/branding\\\/#\\\/schema\\\/person\\\/ceb6f312abbbc713f92923cc55955221\"},\"headline\":\"Tu marca personal depende de tu pasi\u00f3n\",\"datePublished\":\"2017-06-16T15:30:06+00:00\",\"dateModified\":\"2024-02-14T06:02:40+00:00\",\"mainEntityOfPage\":{\"@id\":\"https:\\\/\\\/nelsonrazo.com\\\/branding\\\/2017\\\/06\\\/16\\\/marca-personal-depende-pasion\\\/\"},\"wordCount\":806,\"commentCount\":0,\"publisher\":{\"@id\":\"https:\\\/\\\/nelsonrazo.com\\\/branding\\\/#\\\/schema\\\/person\\\/ceb6f312abbbc713f92923cc55955221\"},\"image\":{\"@id\":\"https:\\\/\\\/nelsonrazo.com\\\/branding\\\/2017\\\/06\\\/16\\\/marca-personal-depende-pasion\\\/#primaryimage\"},\"thumbnailUrl\":\"https:\\\/\\\/nelsonrazo.com\\\/branding\\\/wp-content\\\/uploads\\\/sites\\\/3\\\/2017\\\/06\\\/post_pic_passion.jpg\",\"keywords\":[\"branding\",\"branding personal\",\"enprendedurismo\",\"marca personal\",\"marketing\",\"pasion\",\"personal branding\",\"personalidad\",\"profesionista\",\"trabajo\"],\"articleSection\":[\"Branding Personal\"],\"inLanguage\":\"es\",\"potentialAction\":[{\"@type\":\"CommentAction\",\"name\":\"Comment\",\"target\":[\"https:\\\/\\\/nelsonrazo.com\\\/branding\\\/2017\\\/06\\\/16\\\/marca-personal-depende-pasion\\\/#respond\"]}]},{\"@type\":\"WebPage\",\"@id\":\"https:\\\/\\\/nelsonrazo.com\\\/branding\\\/2017\\\/06\\\/16\\\/marca-personal-depende-pasion\\\/\",\"url\":\"https:\\\/\\\/nelsonrazo.com\\\/branding\\\/2017\\\/06\\\/16\\\/marca-personal-depende-pasion\\\/\",\"name\":\"Tu marca personal depende de tu pasi\u00f3n - Nelson Razo | Branding Expert\",\"isPartOf\":{\"@id\":\"https:\\\/\\\/nelsonrazo.com\\\/branding\\\/#website\"},\"primaryImageOfPage\":{\"@id\":\"https:\\\/\\\/nelsonrazo.com\\\/branding\\\/2017\\\/06\\\/16\\\/marca-personal-depende-pasion\\\/#primaryimage\"},\"image\":{\"@id\":\"https:\\\/\\\/nelsonrazo.com\\\/branding\\\/2017\\\/06\\\/16\\\/marca-personal-depende-pasion\\\/#primaryimage\"},\"thumbnailUrl\":\"https:\\\/\\\/nelsonrazo.com\\\/branding\\\/wp-content\\\/uploads\\\/sites\\\/3\\\/2017\\\/06\\\/post_pic_passion.jpg\",\"datePublished\":\"2017-06-16T15:30:06+00:00\",\"dateModified\":\"2024-02-14T06:02:40+00:00\",\"description\":\"La pasi\u00f3n por lo que haces es clave para desarrollar tu marca personal. En otras palabras, sin pasi\u00f3n no hay branging personal de verdad.\",\"breadcrumb\":{\"@id\":\"https:\\\/\\\/nelsonrazo.com\\\/branding\\\/2017\\\/06\\\/16\\\/marca-personal-depende-pasion\\\/#breadcrumb\"},\"inLanguage\":\"es\",\"potentialAction\":[{\"@type\":\"ReadAction\",\"target\":[\"https:\\\/\\\/nelsonrazo.com\\\/branding\\\/2017\\\/06\\\/16\\\/marca-personal-depende-pasion\\\/\"]}]},{\"@type\":\"ImageObject\",\"inLanguage\":\"es\",\"@id\":\"https:\\\/\\\/nelsonrazo.com\\\/branding\\\/2017\\\/06\\\/16\\\/marca-personal-depende-pasion\\\/#primaryimage\",\"url\":\"https:\\\/\\\/nelsonrazo.com\\\/branding\\\/wp-content\\\/uploads\\\/sites\\\/3\\\/2017\\\/06\\\/post_pic_passion.jpg\",\"contentUrl\":\"https:\\\/\\\/nelsonrazo.com\\\/branding\\\/wp-content\\\/uploads\\\/sites\\\/3\\\/2017\\\/06\\\/post_pic_passion.jpg\",\"width\":1024,\"height\":590,\"caption\":\"Tu marca personal depende de tu pasi\u00f3n\"},{\"@type\":\"BreadcrumbList\",\"@id\":\"https:\\\/\\\/nelsonrazo.com\\\/branding\\\/2017\\\/06\\\/16\\\/marca-personal-depende-pasion\\\/#breadcrumb\",\"itemListElement\":[{\"@type\":\"ListItem\",\"position\":1,\"name\":\"Portada\",\"item\":\"https:\\\/\\\/nelsonrazo.com\\\/branding\\\/\"},{\"@type\":\"ListItem\",\"position\":2,\"name\":\"Tu marca personal depende de tu pasi\u00f3n\"}]},{\"@type\":\"WebSite\",\"@id\":\"https:\\\/\\\/nelsonrazo.com\\\/branding\\\/#website\",\"url\":\"https:\\\/\\\/nelsonrazo.com\\\/branding\\\/\",\"name\":\"Nelson Razo | Branding Expert\",\"description\":\"Experto en Branding y Marketing Digital\",\"publisher\":{\"@id\":\"https:\\\/\\\/nelsonrazo.com\\\/branding\\\/#\\\/schema\\\/person\\\/ceb6f312abbbc713f92923cc55955221\"},\"alternateName\":\"Nelson Razo | Experto en Branding\",\"potentialAction\":[{\"@type\":\"SearchAction\",\"target\":{\"@type\":\"EntryPoint\",\"urlTemplate\":\"https:\\\/\\\/nelsonrazo.com\\\/branding\\\/?s={search_term_string}\"},\"query-input\":{\"@type\":\"PropertyValueSpecification\",\"valueRequired\":true,\"valueName\":\"search_term_string\"}}],\"inLanguage\":\"es\"},{\"@type\":[\"Person\",\"Organization\"],\"@id\":\"https:\\\/\\\/nelsonrazo.com\\\/branding\\\/#\\\/schema\\\/person\\\/ceb6f312abbbc713f92923cc55955221\",\"name\":\"branding\",\"image\":{\"@type\":\"ImageObject\",\"inLanguage\":\"es\",\"@id\":\"https:\\\/\\\/nelsonrazo.com\\\/branding\\\/wp-content\\\/uploads\\\/sites\\\/3\\\/2024\\\/01\\\/nelsonrazo_branding.png\",\"url\":\"https:\\\/\\\/nelsonrazo.com\\\/branding\\\/wp-content\\\/uploads\\\/sites\\\/3\\\/2024\\\/01\\\/nelsonrazo_branding.png\",\"contentUrl\":\"https:\\\/\\\/nelsonrazo.com\\\/branding\\\/wp-content\\\/uploads\\\/sites\\\/3\\\/2024\\\/01\\\/nelsonrazo_branding.png\",\"width\":400,\"height\":97,\"caption\":\"branding\"},\"logo\":{\"@id\":\"https:\\\/\\\/nelsonrazo.com\\\/branding\\\/wp-content\\\/uploads\\\/sites\\\/3\\\/2024\\\/01\\\/nelsonrazo_branding.png\"},\"url\":\"https:\\\/\\\/nelsonrazo.com\\\/branding\\\/author\\\/branding\\\/\"}]}<\/script>\n<!-- \/ Yoast SEO plugin. -->","yoast_head_json":{"title":"Tu marca personal depende de tu pasi\u00f3n - Nelson Razo | Branding Expert","description":"La pasi\u00f3n por lo que haces es clave para desarrollar tu marca personal. En otras palabras, sin pasi\u00f3n no hay branging personal de verdad.","robots":{"index":"index","follow":"follow","max-snippet":"max-snippet:-1","max-image-preview":"max-image-preview:large","max-video-preview":"max-video-preview:-1"},"canonical":"https:\/\/nelsonrazo.com\/branding\/2017\/06\/16\/marca-personal-depende-pasion\/","og_locale":"es_ES","og_type":"article","og_title":"Tu marca personal depende de tu pasi\u00f3n - Nelson Razo | Branding Expert","og_description":"La pasi\u00f3n por lo que haces es clave para desarrollar tu marca personal. En otras palabras, sin pasi\u00f3n no hay branging personal de verdad.","og_url":"https:\/\/nelsonrazo.com\/branding\/2017\/06\/16\/marca-personal-depende-pasion\/","og_site_name":"Nelson Razo | Branding Expert","article_published_time":"2017-06-16T15:30:06+00:00","article_modified_time":"2024-02-14T06:02:40+00:00","og_image":[{"width":1024,"height":590,"url":"https:\/\/nelsonrazo.com\/branding\/wp-content\/uploads\/sites\/3\/2017\/06\/post_pic_passion.jpg","type":"image\/jpeg"}],"author":"branding","twitter_card":"summary_large_image","twitter_misc":{"Escrito por":"branding","Tiempo de lectura":"4 minutos"},"schema":{"@context":"https:\/\/schema.org","@graph":[{"@type":"Article","@id":"https:\/\/nelsonrazo.com\/branding\/2017\/06\/16\/marca-personal-depende-pasion\/#article","isPartOf":{"@id":"https:\/\/nelsonrazo.com\/branding\/2017\/06\/16\/marca-personal-depende-pasion\/"},"author":{"name":"branding","@id":"https:\/\/nelsonrazo.com\/branding\/#\/schema\/person\/ceb6f312abbbc713f92923cc55955221"},"headline":"Tu marca personal depende de tu pasi\u00f3n","datePublished":"2017-06-16T15:30:06+00:00","dateModified":"2024-02-14T06:02:40+00:00","mainEntityOfPage":{"@id":"https:\/\/nelsonrazo.com\/branding\/2017\/06\/16\/marca-personal-depende-pasion\/"},"wordCount":806,"commentCount":0,"publisher":{"@id":"https:\/\/nelsonrazo.com\/branding\/#\/schema\/person\/ceb6f312abbbc713f92923cc55955221"},"image":{"@id":"https:\/\/nelsonrazo.com\/branding\/2017\/06\/16\/marca-personal-depende-pasion\/#primaryimage"},"thumbnailUrl":"https:\/\/nelsonrazo.com\/branding\/wp-content\/uploads\/sites\/3\/2017\/06\/post_pic_passion.jpg","keywords":["branding","branding personal","enprendedurismo","marca personal","marketing","pasion","personal branding","personalidad","profesionista","trabajo"],"articleSection":["Branding Personal"],"inLanguage":"es","potentialAction":[{"@type":"CommentAction","name":"Comment","target":["https:\/\/nelsonrazo.com\/branding\/2017\/06\/16\/marca-personal-depende-pasion\/#respond"]}]},{"@type":"WebPage","@id":"https:\/\/nelsonrazo.com\/branding\/2017\/06\/16\/marca-personal-depende-pasion\/","url":"https:\/\/nelsonrazo.com\/branding\/2017\/06\/16\/marca-personal-depende-pasion\/","name":"Tu marca personal depende de tu pasi\u00f3n - Nelson Razo | Branding Expert","isPartOf":{"@id":"https:\/\/nelsonrazo.com\/branding\/#website"},"primaryImageOfPage":{"@id":"https:\/\/nelsonrazo.com\/branding\/2017\/06\/16\/marca-personal-depende-pasion\/#primaryimage"},"image":{"@id":"https:\/\/nelsonrazo.com\/branding\/2017\/06\/16\/marca-personal-depende-pasion\/#primaryimage"},"thumbnailUrl":"https:\/\/nelsonrazo.com\/branding\/wp-content\/uploads\/sites\/3\/2017\/06\/post_pic_passion.jpg","datePublished":"2017-06-16T15:30:06+00:00","dateModified":"2024-02-14T06:02:40+00:00","description":"La pasi\u00f3n por lo que haces es clave para desarrollar tu marca personal. En otras palabras, sin pasi\u00f3n no hay branging personal de verdad.","breadcrumb":{"@id":"https:\/\/nelsonrazo.com\/branding\/2017\/06\/16\/marca-personal-depende-pasion\/#breadcrumb"},"inLanguage":"es","potentialAction":[{"@type":"ReadAction","target":["https:\/\/nelsonrazo.com\/branding\/2017\/06\/16\/marca-personal-depende-pasion\/"]}]},{"@type":"ImageObject","inLanguage":"es","@id":"https:\/\/nelsonrazo.com\/branding\/2017\/06\/16\/marca-personal-depende-pasion\/#primaryimage","url":"https:\/\/nelsonrazo.com\/branding\/wp-content\/uploads\/sites\/3\/2017\/06\/post_pic_passion.jpg","contentUrl":"https:\/\/nelsonrazo.com\/branding\/wp-content\/uploads\/sites\/3\/2017\/06\/post_pic_passion.jpg","width":1024,"height":590,"caption":"Tu marca personal depende de tu pasi\u00f3n"},{"@type":"BreadcrumbList","@id":"https:\/\/nelsonrazo.com\/branding\/2017\/06\/16\/marca-personal-depende-pasion\/#breadcrumb","itemListElement":[{"@type":"ListItem","position":1,"name":"Portada","item":"https:\/\/nelsonrazo.com\/branding\/"},{"@type":"ListItem","position":2,"name":"Tu marca personal depende de tu pasi\u00f3n"}]},{"@type":"WebSite","@id":"https:\/\/nelsonrazo.com\/branding\/#website","url":"https:\/\/nelsonrazo.com\/branding\/","name":"Nelson Razo | Branding Expert","description":"Experto en Branding y Marketing Digital","publisher":{"@id":"https:\/\/nelsonrazo.com\/branding\/#\/schema\/person\/ceb6f312abbbc713f92923cc55955221"},"alternateName":"Nelson Razo | Experto en Branding","potentialAction":[{"@type":"SearchAction","target":{"@type":"EntryPoint","urlTemplate":"https:\/\/nelsonrazo.com\/branding\/?s={search_term_string}"},"query-input":{"@type":"PropertyValueSpecification","valueRequired":true,"valueName":"search_term_string"}}],"inLanguage":"es"},{"@type":["Person","Organization"],"@id":"https:\/\/nelsonrazo.com\/branding\/#\/schema\/person\/ceb6f312abbbc713f92923cc55955221","name":"branding","image":{"@type":"ImageObject","inLanguage":"es","@id":"https:\/\/nelsonrazo.com\/branding\/wp-content\/uploads\/sites\/3\/2024\/01\/nelsonrazo_branding.png","url":"https:\/\/nelsonrazo.com\/branding\/wp-content\/uploads\/sites\/3\/2024\/01\/nelsonrazo_branding.png","contentUrl":"https:\/\/nelsonrazo.com\/branding\/wp-content\/uploads\/sites\/3\/2024\/01\/nelsonrazo_branding.png","width":400,"height":97,"caption":"branding"},"logo":{"@id":"https:\/\/nelsonrazo.com\/branding\/wp-content\/uploads\/sites\/3\/2024\/01\/nelsonrazo_branding.png"},"url":"https:\/\/nelsonrazo.com\/branding\/author\/branding\/"}]}},"jetpack_featured_media_url":"https:\/\/nelsonrazo.com\/branding\/wp-content\/uploads\/sites\/3\/2017\/06\/post_pic_passion.jpg","jetpack_shortlink":"https:\/\/wp.me\/pfweVl-f3","jetpack_sharing_enabled":true,"_links":{"self":[{"href":"https:\/\/nelsonrazo.com\/branding\/wp-json\/wp\/v2\/posts\/933","targetHints":{"allow":["GET"]}}],"collection":[{"href":"https:\/\/nelsonrazo.com\/branding\/wp-json\/wp\/v2\/posts"}],"about":[{"href":"https:\/\/nelsonrazo.com\/branding\/wp-json\/wp\/v2\/types\/post"}],"author":[{"embeddable":true,"href":"https:\/\/nelsonrazo.com\/branding\/wp-json\/wp\/v2\/users\/3"}],"replies":[{"embeddable":true,"href":"https:\/\/nelsonrazo.com\/branding\/wp-json\/wp\/v2\/comments?post=933"}],"version-history":[{"count":1,"href":"https:\/\/nelsonrazo.com\/branding\/wp-json\/wp\/v2\/posts\/933\/revisions"}],"predecessor-version":[{"id":1519,"href":"https:\/\/nelsonrazo.com\/branding\/wp-json\/wp\/v2\/posts\/933\/revisions\/1519"}],"wp:featuredmedia":[{"embeddable":true,"href":"https:\/\/nelsonrazo.com\/branding\/wp-json\/wp\/v2\/media\/1517"}],"wp:attachment":[{"href":"https:\/\/nelsonrazo.com\/branding\/wp-json\/wp\/v2\/media?parent=933"}],"wp:term":[{"taxonomy":"category","embeddable":true,"href":"https:\/\/nelsonrazo.com\/branding\/wp-json\/wp\/v2\/categories?post=933"},{"taxonomy":"post_tag","embeddable":true,"href":"https:\/\/nelsonrazo.com\/branding\/wp-json\/wp\/v2\/tags?post=933"}],"curies":[{"name":"wp","href":"https:\/\/api.w.org\/{rel}","templated":true}]}}