{"id":881,"date":"2017-03-08T08:55:53","date_gmt":"2017-03-08T16:55:53","guid":{"rendered":"http:\/\/nelsonrazo.com\/?p=881"},"modified":"2017-03-08T08:55:53","modified_gmt":"2017-03-08T16:55:53","slug":"7-puntos-marca-personal-facebook","status":"publish","type":"post","link":"https:\/\/nelsonrazo.com\/branding\/2017\/03\/08\/7-puntos-marca-personal-facebook\/","title":{"rendered":"7 puntos para constru\u00edr tu marca personal en Facebook"},"content":{"rendered":"<p>Facebook definitivamente puede ser una de tus m\u00e1s \u00fatiles herramientas en la construcci\u00f3n de <a href=\"http:\/\/nelsonrazo.com\/blog\/2016\/03\/23\/construir-tu-marca-personal\/\">tu marca personal<\/a>. Aunque LinkedIn es la red social <a href=\"http:\/\/nelsonrazo.com\/blog\/2016\/09\/21\/linkedin-marca-personal\/\">espec\u00edfica para los profesionistas<\/a>, Facebook sigue siendo la red social web con m\u00e1s usuarios, y dif\u00edcilmente dejar\u00e1 de serlo.<\/p>\n<p>Aun as\u00ed, muchos profesionales la relevan a segundo plano despu\u00e9s de LinkedIn, pero debido a su tama\u00f1o y constante y r\u00e1pida evoluci\u00f3n, Facebook no puede ser ignorada a la hora de formar parte de la mezcla promocional de tu marca personal.<\/p>\n<h3>Una herramienta vers\u00e1til<\/h3>\n<p>La red social fundada por Mark Zuckerberg te puede ser \u00fatil, como lo ha hecho y sigue haciendo para muchos, como un medio no solamente para darte a conocer ante tu red de amigos, sino para compartir tus ideas, conectarte con m\u00e1s personas y empresas, establecerte como un experto en tu profesi\u00f3n, educar a tu audiencia sobre los temas que te interesan, y hasta promover directamente tu negocio.<\/p>\n<p>El reto en cuanto a la construcci\u00f3n de tu marca personal es dominar el hecho de que Facebook, de la misma forma que puede ser de ayuda para tu imagen profesional, puede convertirse en un obst\u00e1culo si no sabes c\u00f3mo utilizarla.<\/p>\n<p>Es decir, una cosa es utilizar Facebook con <a href=\"http:\/\/nelsonrazo.com\/blog\/2016\/08\/10\/las-redes-sociales-branding-personal\/\">visi\u00f3n de marca personal<\/a>, y otra muy diferente es utilizarlo sin visi\u00f3n alguna. Y s\u00ed tu visi\u00f3n ya no es la de un adolescente interesado solamente en llamar la atenci\u00f3n, es hora de aprovechar esa red para tu futuro profesional.<\/p>\n<h3>C\u00f3mo manejar tu marca personal en Facebook<\/h3>\n<p>Adem\u00e1s de clarificar tu prop\u00f3sito, compartir el contenido correcto y peri\u00f3dicamente, as\u00ed como tener tu sitio web personal aparte de cuenta en Facebook (puntos que ya tratamos <a href=\"http:\/\/nelsonrazo.com\/blog\/2016\/12\/05\/6-errores-cometes-en-facebook\/\">en un post anterior<\/a>), el uso de la red social web m\u00e1s famosa como una herramienta para tu branding personal conlleva una serie de puntos que debes tomar en cuenta y poner en acci\u00f3n para aprovecharla con efectividad.<\/p>\n<ol>\n<li><strong>Utiliza la foto de perfil adecuada. <\/strong>Olvida la foto de tu perro o de tu gato como foto de perfil. Ning\u00fan profesional proyectar\u00e1 seriedad con otra imagen que no sea la de su persona en su foto de perfil. Adem\u00e1s oc\u00fapate de que sea una foto lo m\u00e1s profesional posible y que transmita la esencia de tu personalidad que consideras se adapta mejor a tu marca personal. No tiene que ser una foto profesional, pero si puedes consigue una sesi\u00f3n fotogr\u00e1fica para esto.<\/li>\n<li><strong>Llena todo lo necesario de la secci\u00f3n Sobre M\u00ed.<\/strong> \u00a0No dejes en blanco ninguna informaci\u00f3n relevante para tu audiencia, tus clientes, tus posibles empleadores o gente influyente en tu mercado. Adem\u00e1s mantenla actualizada. D\u00f3nde trabajas, d\u00f3nde has trabajado, qu\u00e9 y d\u00f3nde estudiaste, tus intereses y todas esas cosas, son m\u00e1s relevantes de lo que crees para ayudarle a la gente a familiarizarse con y a reforzar tu marca personal.<\/li>\n<li><strong>Crea tu URL personalizado. <\/strong>Un aspecto muy importante a la hora de compartir tu perfil no solo en l\u00ednea sino en el mundo real. Nunca te olvides de establecer tu URL personalizado lo m\u00e1s apegado posible a tu nombre personal, de empresa o art\u00edstico que deseas sea por el que te conozcan. Nunca\u00a0 olvides que tu perfil de Facebook debe aparecer en tu tarjeta de presentaci\u00f3n impresa.<\/li>\n<li><strong>Ajusta la privacidad.<\/strong> Debido a que al final Facebook es una red concebida para hacer amigos y convivir con ellos, utilizar esta red para tu branding personal es un juego de balanceo entre lo p\u00fablico y lo privado. Por eso debes aprender a determinar cu\u00e1les contenidos podr\u00e1n ver tus amigos solamente y cu\u00e1les el p\u00fablico en general. Qui\u00e9nes te puede contactar, qui\u00e9nes pueden ver tus publicaciones, qui\u00e9nes pueden publicar en tu perfil, quienes pueden saber a qu\u00e9 escuela fuiste, te podr\u00e1n o no etiquetar, y todas esas cosas. La foto de tu fiesta le puede ser de muy poco inter\u00e9s a tus colegas pero de mucho inter\u00e9s a tu familia.<\/li>\n<li><strong>Planea tus publicaciones. \u00a0<\/strong>Adem\u00e1s de la consistencia, las otras reglas para establecer tu marca personal en las redes sociales es la definici\u00f3n y la periodicidad de lo que publicas. Define de antemano la informaci\u00f3n que consideras importante establecer peri\u00f3dicamente y que te ayudar\u00e1 para que los dem\u00e1s reconozcan tu marca personal. Los lunes de esto, los viernes de aquello. Conforme acostumbres a tu audiencia al contenido correcto de manera peri\u00f3dica, tu marca personal en l\u00ednea se cimentar\u00e1. No siempre ser\u00e1 posible, pero debe ser tu objetivo.<\/li>\n<li><strong>Cuida tu reputaci\u00f3n en l\u00ednea.<\/strong> Tu madre estaba en lo correcto: cuida con qui\u00e9nes te juntas y tus palabras tanto en privado como en p\u00fablico. Escoge a tus amigos cuidadosamente. No aceptes invitaciones de amistad de cualquiera y si lo hiciste es recomendable filtrarlas y no tener amigos solamente para aumentar el n\u00famero. Adem\u00e1s, sigue siempre la regla de respirar y esperar 30 segundos antes de emocionalmente c<a href=\"http:\/\/nelsonrazo.com\/raptorblog\/2016\/12\/09\/eres-lo-publicas-en-facebook\/\">ompartir alguna publicaci\u00f3n o comentario<\/a>. La mayor\u00eda de las veces un comentario emocional solamente le causar\u00e1 da\u00f1o a tu marca personal. No te involucres en pol\u00e9micas innecesarias ni contestes emocionalmente a comentarios o ataques personales<\/li>\n<li><strong>80% contribuye y 20% promueve.<\/strong> La esencia del branding personal en la era digital del marketing de contenidos es la de contribuir y ayudar a los dem\u00e1s de manera que esto te establezca como una autoridad o experto en tu ramo. Adem\u00e1s, las personas son m\u00e1s susceptibles de acudir profesionalmente a alguien que ya les demostr\u00f3 antes sin pedirles nada a cabio que a alguien que en la primera oportunidad se hace publicidad a s\u00ed mismo. Claro que Facebook tambi\u00e9n es una herramienta para vender, pero tu marca personal no se forma ofreciendo tus servicios, sino demostrando tus ganas de ayudar a los dem\u00e1s con lo que sabes o haces. As\u00ed que, como dice <a href=\"https:\/\/twitter.com\/garyvee\">Gary Vaynerchuck<\/a>, \u00abDa, da, da, da, luego pide\u00bb.<\/li>\n<\/ol>\n","protected":false},"excerpt":{"rendered":"<p>Facebook puede ser una \u00fatil herramienta en la construcci\u00f3n de tu marca personal en l\u00ednea. Sin embargo, existen varios puntos que debes considerar y dominar para aprovecharla de manera correcta.<\/p>\n","protected":false},"author":3,"featured_media":882,"comment_status":"open","ping_status":"open","sticky":false,"template":"","format":"standard","meta":{"_themeisle_gutenberg_block_has_review":false,"_jetpack_memberships_contains_paid_content":false,"footnotes":""},"categories":[4],"tags":[118,141,176,212,216,260,296,297],"class_list":["post-881","post","type-post","status-publish","format-standard","has-post-thumbnail","hentry","category-branding-personal","tag-en-linea","tag-facebook","tag-internet","tag-marca-personal","tag-marketing","tag-personal-branding","tag-redes","tag-redes-sociales"],"yoast_head":"<!-- This site is optimized with the Yoast SEO plugin v27.5 - https:\/\/yoast.com\/product\/yoast-seo-wordpress\/ -->\n<title>7 puntos para constru\u00edr tu marca personal en Facebook - Nelson Razo | Branding Expert<\/title>\n<meta name=\"description\" content=\"Facebook puede ser una \u00fatil herramienta en la construcci\u00f3n de tu marca personal. Y existen varios puntos que debes considerar y dominar para aprovecharla.\" \/>\n<meta name=\"robots\" content=\"index, follow, max-snippet:-1, max-image-preview:large, max-video-preview:-1\" \/>\n<link rel=\"canonical\" href=\"https:\/\/nelsonrazo.com\/branding\/2017\/03\/08\/7-puntos-marca-personal-facebook\/\" \/>\n<meta property=\"og:locale\" content=\"es_ES\" \/>\n<meta property=\"og:type\" content=\"article\" \/>\n<meta property=\"og:title\" content=\"7 puntos para constru\u00edr tu marca personal en Facebook - Nelson Razo | Branding Expert\" \/>\n<meta property=\"og:description\" content=\"Facebook puede ser una \u00fatil herramienta en la construcci\u00f3n de tu marca personal. Y existen varios puntos que debes considerar y dominar para aprovecharla.\" \/>\n<meta property=\"og:url\" content=\"https:\/\/nelsonrazo.com\/branding\/2017\/03\/08\/7-puntos-marca-personal-facebook\/\" \/>\n<meta property=\"og:site_name\" content=\"Nelson Razo | Branding Expert\" \/>\n<meta property=\"article:published_time\" content=\"2017-03-08T16:55:53+00:00\" \/>\n<meta name=\"author\" content=\"branding\" \/>\n<meta name=\"twitter:card\" content=\"summary_large_image\" \/>\n<meta name=\"twitter:label1\" content=\"Escrito por\" \/>\n\t<meta name=\"twitter:data1\" content=\"branding\" \/>\n\t<meta name=\"twitter:label2\" content=\"Tiempo de lectura\" \/>\n\t<meta name=\"twitter:data2\" content=\"5 minutos\" \/>\n<script type=\"application\/ld+json\" class=\"yoast-schema-graph\">{\"@context\":\"https:\\\/\\\/schema.org\",\"@graph\":[{\"@type\":\"Article\",\"@id\":\"https:\\\/\\\/nelsonrazo.com\\\/branding\\\/2017\\\/03\\\/08\\\/7-puntos-marca-personal-facebook\\\/#article\",\"isPartOf\":{\"@id\":\"https:\\\/\\\/nelsonrazo.com\\\/branding\\\/2017\\\/03\\\/08\\\/7-puntos-marca-personal-facebook\\\/\"},\"author\":{\"name\":\"branding\",\"@id\":\"https:\\\/\\\/nelsonrazo.com\\\/branding\\\/#\\\/schema\\\/person\\\/ceb6f312abbbc713f92923cc55955221\"},\"headline\":\"7 puntos para constru\u00edr tu marca personal en Facebook\",\"datePublished\":\"2017-03-08T16:55:53+00:00\",\"mainEntityOfPage\":{\"@id\":\"https:\\\/\\\/nelsonrazo.com\\\/branding\\\/2017\\\/03\\\/08\\\/7-puntos-marca-personal-facebook\\\/\"},\"wordCount\":1035,\"commentCount\":1,\"publisher\":{\"@id\":\"https:\\\/\\\/nelsonrazo.com\\\/branding\\\/#\\\/schema\\\/person\\\/ceb6f312abbbc713f92923cc55955221\"},\"image\":{\"@id\":\"https:\\\/\\\/nelsonrazo.com\\\/branding\\\/2017\\\/03\\\/08\\\/7-puntos-marca-personal-facebook\\\/#primaryimage\"},\"thumbnailUrl\":\"\",\"keywords\":[\"en linea\",\"facebook\",\"internet\",\"marca personal\",\"marketing\",\"personal branding\",\"redes\",\"redes sociales\"],\"articleSection\":[\"Branding Personal\"],\"inLanguage\":\"es\",\"potentialAction\":[{\"@type\":\"CommentAction\",\"name\":\"Comment\",\"target\":[\"https:\\\/\\\/nelsonrazo.com\\\/branding\\\/2017\\\/03\\\/08\\\/7-puntos-marca-personal-facebook\\\/#respond\"]}]},{\"@type\":\"WebPage\",\"@id\":\"https:\\\/\\\/nelsonrazo.com\\\/branding\\\/2017\\\/03\\\/08\\\/7-puntos-marca-personal-facebook\\\/\",\"url\":\"https:\\\/\\\/nelsonrazo.com\\\/branding\\\/2017\\\/03\\\/08\\\/7-puntos-marca-personal-facebook\\\/\",\"name\":\"7 puntos para constru\u00edr tu marca personal en Facebook - Nelson Razo | Branding Expert\",\"isPartOf\":{\"@id\":\"https:\\\/\\\/nelsonrazo.com\\\/branding\\\/#website\"},\"primaryImageOfPage\":{\"@id\":\"https:\\\/\\\/nelsonrazo.com\\\/branding\\\/2017\\\/03\\\/08\\\/7-puntos-marca-personal-facebook\\\/#primaryimage\"},\"image\":{\"@id\":\"https:\\\/\\\/nelsonrazo.com\\\/branding\\\/2017\\\/03\\\/08\\\/7-puntos-marca-personal-facebook\\\/#primaryimage\"},\"thumbnailUrl\":\"\",\"datePublished\":\"2017-03-08T16:55:53+00:00\",\"description\":\"Facebook puede ser una \u00fatil herramienta en la construcci\u00f3n de tu marca personal. Y existen varios puntos que debes considerar y dominar para aprovecharla.\",\"breadcrumb\":{\"@id\":\"https:\\\/\\\/nelsonrazo.com\\\/branding\\\/2017\\\/03\\\/08\\\/7-puntos-marca-personal-facebook\\\/#breadcrumb\"},\"inLanguage\":\"es\",\"potentialAction\":[{\"@type\":\"ReadAction\",\"target\":[\"https:\\\/\\\/nelsonrazo.com\\\/branding\\\/2017\\\/03\\\/08\\\/7-puntos-marca-personal-facebook\\\/\"]}]},{\"@type\":\"ImageObject\",\"inLanguage\":\"es\",\"@id\":\"https:\\\/\\\/nelsonrazo.com\\\/branding\\\/2017\\\/03\\\/08\\\/7-puntos-marca-personal-facebook\\\/#primaryimage\",\"url\":\"\",\"contentUrl\":\"\"},{\"@type\":\"BreadcrumbList\",\"@id\":\"https:\\\/\\\/nelsonrazo.com\\\/branding\\\/2017\\\/03\\\/08\\\/7-puntos-marca-personal-facebook\\\/#breadcrumb\",\"itemListElement\":[{\"@type\":\"ListItem\",\"position\":1,\"name\":\"Portada\",\"item\":\"https:\\\/\\\/nelsonrazo.com\\\/branding\\\/\"},{\"@type\":\"ListItem\",\"position\":2,\"name\":\"7 puntos para constru\u00edr tu marca personal en Facebook\"}]},{\"@type\":\"WebSite\",\"@id\":\"https:\\\/\\\/nelsonrazo.com\\\/branding\\\/#website\",\"url\":\"https:\\\/\\\/nelsonrazo.com\\\/branding\\\/\",\"name\":\"Nelson Razo | Branding Expert\",\"description\":\"Experto en Branding y Marketing Digital\",\"publisher\":{\"@id\":\"https:\\\/\\\/nelsonrazo.com\\\/branding\\\/#\\\/schema\\\/person\\\/ceb6f312abbbc713f92923cc55955221\"},\"alternateName\":\"Nelson Razo | Experto en Branding\",\"potentialAction\":[{\"@type\":\"SearchAction\",\"target\":{\"@type\":\"EntryPoint\",\"urlTemplate\":\"https:\\\/\\\/nelsonrazo.com\\\/branding\\\/?s={search_term_string}\"},\"query-input\":{\"@type\":\"PropertyValueSpecification\",\"valueRequired\":true,\"valueName\":\"search_term_string\"}}],\"inLanguage\":\"es\"},{\"@type\":[\"Person\",\"Organization\"],\"@id\":\"https:\\\/\\\/nelsonrazo.com\\\/branding\\\/#\\\/schema\\\/person\\\/ceb6f312abbbc713f92923cc55955221\",\"name\":\"branding\",\"image\":{\"@type\":\"ImageObject\",\"inLanguage\":\"es\",\"@id\":\"https:\\\/\\\/nelsonrazo.com\\\/branding\\\/wp-content\\\/uploads\\\/sites\\\/3\\\/2024\\\/01\\\/nelsonrazo_branding.png\",\"url\":\"https:\\\/\\\/nelsonrazo.com\\\/branding\\\/wp-content\\\/uploads\\\/sites\\\/3\\\/2024\\\/01\\\/nelsonrazo_branding.png\",\"contentUrl\":\"https:\\\/\\\/nelsonrazo.com\\\/branding\\\/wp-content\\\/uploads\\\/sites\\\/3\\\/2024\\\/01\\\/nelsonrazo_branding.png\",\"width\":400,\"height\":97,\"caption\":\"branding\"},\"logo\":{\"@id\":\"https:\\\/\\\/nelsonrazo.com\\\/branding\\\/wp-content\\\/uploads\\\/sites\\\/3\\\/2024\\\/01\\\/nelsonrazo_branding.png\"},\"url\":\"https:\\\/\\\/nelsonrazo.com\\\/branding\\\/author\\\/branding\\\/\"}]}<\/script>\n<!-- \/ Yoast SEO plugin. -->","yoast_head_json":{"title":"7 puntos para constru\u00edr tu marca personal en Facebook - Nelson Razo | Branding Expert","description":"Facebook puede ser una \u00fatil herramienta en la construcci\u00f3n de tu marca personal. Y existen varios puntos que debes considerar y dominar para aprovecharla.","robots":{"index":"index","follow":"follow","max-snippet":"max-snippet:-1","max-image-preview":"max-image-preview:large","max-video-preview":"max-video-preview:-1"},"canonical":"https:\/\/nelsonrazo.com\/branding\/2017\/03\/08\/7-puntos-marca-personal-facebook\/","og_locale":"es_ES","og_type":"article","og_title":"7 puntos para constru\u00edr tu marca personal en Facebook - Nelson Razo | Branding Expert","og_description":"Facebook puede ser una \u00fatil herramienta en la construcci\u00f3n de tu marca personal. Y existen varios puntos que debes considerar y dominar para aprovecharla.","og_url":"https:\/\/nelsonrazo.com\/branding\/2017\/03\/08\/7-puntos-marca-personal-facebook\/","og_site_name":"Nelson Razo | Branding Expert","article_published_time":"2017-03-08T16:55:53+00:00","author":"branding","twitter_card":"summary_large_image","twitter_misc":{"Escrito por":"branding","Tiempo de lectura":"5 minutos"},"schema":{"@context":"https:\/\/schema.org","@graph":[{"@type":"Article","@id":"https:\/\/nelsonrazo.com\/branding\/2017\/03\/08\/7-puntos-marca-personal-facebook\/#article","isPartOf":{"@id":"https:\/\/nelsonrazo.com\/branding\/2017\/03\/08\/7-puntos-marca-personal-facebook\/"},"author":{"name":"branding","@id":"https:\/\/nelsonrazo.com\/branding\/#\/schema\/person\/ceb6f312abbbc713f92923cc55955221"},"headline":"7 puntos para constru\u00edr tu marca personal en Facebook","datePublished":"2017-03-08T16:55:53+00:00","mainEntityOfPage":{"@id":"https:\/\/nelsonrazo.com\/branding\/2017\/03\/08\/7-puntos-marca-personal-facebook\/"},"wordCount":1035,"commentCount":1,"publisher":{"@id":"https:\/\/nelsonrazo.com\/branding\/#\/schema\/person\/ceb6f312abbbc713f92923cc55955221"},"image":{"@id":"https:\/\/nelsonrazo.com\/branding\/2017\/03\/08\/7-puntos-marca-personal-facebook\/#primaryimage"},"thumbnailUrl":"","keywords":["en linea","facebook","internet","marca personal","marketing","personal branding","redes","redes sociales"],"articleSection":["Branding Personal"],"inLanguage":"es","potentialAction":[{"@type":"CommentAction","name":"Comment","target":["https:\/\/nelsonrazo.com\/branding\/2017\/03\/08\/7-puntos-marca-personal-facebook\/#respond"]}]},{"@type":"WebPage","@id":"https:\/\/nelsonrazo.com\/branding\/2017\/03\/08\/7-puntos-marca-personal-facebook\/","url":"https:\/\/nelsonrazo.com\/branding\/2017\/03\/08\/7-puntos-marca-personal-facebook\/","name":"7 puntos para constru\u00edr tu marca personal en Facebook - Nelson Razo | Branding Expert","isPartOf":{"@id":"https:\/\/nelsonrazo.com\/branding\/#website"},"primaryImageOfPage":{"@id":"https:\/\/nelsonrazo.com\/branding\/2017\/03\/08\/7-puntos-marca-personal-facebook\/#primaryimage"},"image":{"@id":"https:\/\/nelsonrazo.com\/branding\/2017\/03\/08\/7-puntos-marca-personal-facebook\/#primaryimage"},"thumbnailUrl":"","datePublished":"2017-03-08T16:55:53+00:00","description":"Facebook puede ser una \u00fatil herramienta en la construcci\u00f3n de tu marca personal. Y existen varios puntos que debes considerar y dominar para aprovecharla.","breadcrumb":{"@id":"https:\/\/nelsonrazo.com\/branding\/2017\/03\/08\/7-puntos-marca-personal-facebook\/#breadcrumb"},"inLanguage":"es","potentialAction":[{"@type":"ReadAction","target":["https:\/\/nelsonrazo.com\/branding\/2017\/03\/08\/7-puntos-marca-personal-facebook\/"]}]},{"@type":"ImageObject","inLanguage":"es","@id":"https:\/\/nelsonrazo.com\/branding\/2017\/03\/08\/7-puntos-marca-personal-facebook\/#primaryimage","url":"","contentUrl":""},{"@type":"BreadcrumbList","@id":"https:\/\/nelsonrazo.com\/branding\/2017\/03\/08\/7-puntos-marca-personal-facebook\/#breadcrumb","itemListElement":[{"@type":"ListItem","position":1,"name":"Portada","item":"https:\/\/nelsonrazo.com\/branding\/"},{"@type":"ListItem","position":2,"name":"7 puntos para constru\u00edr tu marca personal en Facebook"}]},{"@type":"WebSite","@id":"https:\/\/nelsonrazo.com\/branding\/#website","url":"https:\/\/nelsonrazo.com\/branding\/","name":"Nelson Razo | Branding Expert","description":"Experto en Branding y Marketing Digital","publisher":{"@id":"https:\/\/nelsonrazo.com\/branding\/#\/schema\/person\/ceb6f312abbbc713f92923cc55955221"},"alternateName":"Nelson Razo | Experto en Branding","potentialAction":[{"@type":"SearchAction","target":{"@type":"EntryPoint","urlTemplate":"https:\/\/nelsonrazo.com\/branding\/?s={search_term_string}"},"query-input":{"@type":"PropertyValueSpecification","valueRequired":true,"valueName":"search_term_string"}}],"inLanguage":"es"},{"@type":["Person","Organization"],"@id":"https:\/\/nelsonrazo.com\/branding\/#\/schema\/person\/ceb6f312abbbc713f92923cc55955221","name":"branding","image":{"@type":"ImageObject","inLanguage":"es","@id":"https:\/\/nelsonrazo.com\/branding\/wp-content\/uploads\/sites\/3\/2024\/01\/nelsonrazo_branding.png","url":"https:\/\/nelsonrazo.com\/branding\/wp-content\/uploads\/sites\/3\/2024\/01\/nelsonrazo_branding.png","contentUrl":"https:\/\/nelsonrazo.com\/branding\/wp-content\/uploads\/sites\/3\/2024\/01\/nelsonrazo_branding.png","width":400,"height":97,"caption":"branding"},"logo":{"@id":"https:\/\/nelsonrazo.com\/branding\/wp-content\/uploads\/sites\/3\/2024\/01\/nelsonrazo_branding.png"},"url":"https:\/\/nelsonrazo.com\/branding\/author\/branding\/"}]}},"jetpack_featured_media_url":"","jetpack_shortlink":"https:\/\/wp.me\/pfweVl-ed","jetpack_sharing_enabled":true,"_links":{"self":[{"href":"https:\/\/nelsonrazo.com\/branding\/wp-json\/wp\/v2\/posts\/881","targetHints":{"allow":["GET"]}}],"collection":[{"href":"https:\/\/nelsonrazo.com\/branding\/wp-json\/wp\/v2\/posts"}],"about":[{"href":"https:\/\/nelsonrazo.com\/branding\/wp-json\/wp\/v2\/types\/post"}],"author":[{"embeddable":true,"href":"https:\/\/nelsonrazo.com\/branding\/wp-json\/wp\/v2\/users\/3"}],"replies":[{"embeddable":true,"href":"https:\/\/nelsonrazo.com\/branding\/wp-json\/wp\/v2\/comments?post=881"}],"version-history":[{"count":0,"href":"https:\/\/nelsonrazo.com\/branding\/wp-json\/wp\/v2\/posts\/881\/revisions"}],"wp:featuredmedia":[{"embeddable":true,"href":"https:\/\/nelsonrazo.com\/branding\/wp-json\/"}],"wp:attachment":[{"href":"https:\/\/nelsonrazo.com\/branding\/wp-json\/wp\/v2\/media?parent=881"}],"wp:term":[{"taxonomy":"category","embeddable":true,"href":"https:\/\/nelsonrazo.com\/branding\/wp-json\/wp\/v2\/categories?post=881"},{"taxonomy":"post_tag","embeddable":true,"href":"https:\/\/nelsonrazo.com\/branding\/wp-json\/wp\/v2\/tags?post=881"}],"curies":[{"name":"wp","href":"https:\/\/api.w.org\/{rel}","templated":true}]}}