{"id":846,"date":"2016-12-05T09:35:35","date_gmt":"2016-12-05T17:35:35","guid":{"rendered":"http:\/\/nelsonrazo.com\/?p=846"},"modified":"2016-12-05T09:35:35","modified_gmt":"2016-12-05T17:35:35","slug":"6-errores-cometes-en-facebook","status":"publish","type":"post","link":"https:\/\/nelsonrazo.com\/branding\/2016\/12\/05\/6-errores-cometes-en-facebook\/","title":{"rendered":"6 errores que cometes en Facebook"},"content":{"rendered":"<p>\u201cLa realidad es que internet es una alberca de talento mundial\u201d, dice <a href=\"http:\/\/danschawbel.com\/\">Dan Schawbel<\/a>, fundador de Millennial Branding y autor de <em>Promote Yourself<\/em>. Este experto en branding personal tambi\u00e9n opina que si quieres competir en esta econom\u00eda, debes tener la presencia correcta en l\u00ednea. \u201cEs hacerlo o dejar que otros lo hagan antes de ti.\u201d<\/p>\n<h3>El poder de las redes sociales para tu marca personal<\/h3>\n<p>Ya por varios a\u00f1os, desde que comenz\u00f3 el auge de <a href=\"http:\/\/nelsonrazo.com\/blog\/2016\/08\/10\/las-redes-sociales-branding-personal\/\">las redes sociales en internet<\/a>, sabemos que pueden ser un conjunto de herramientas poderosas para catapultar y mantener tu carrera profesional y tu marca personal.<\/p>\n<p>El contacto constante con tu audiencia y la facilidad con la que pueden acceder al contenido en perfiles web hace a las redes sociales uno de los actuales m\u00e9todos de encontrar a los expertos en los temas que les interesa a la gente, al punto de\u00a0ser cada vez m\u00e1s una herramienta utilizada para el reclutamiento de personal de muchas empresas.<\/p>\n<p>Y es que esas empresas est\u00e1n tomando mucho en cuenta que la clave para seleccionar el personal apropiado ya no es solamente el curr\u00edculo profesional o siquiera la t\u00edpica entrevista de trabajo, sino contratar a la persona con el enfoque de vida y la visi\u00f3n personal y profesional correcta.<\/p>\n<p>Y los\u00a0perfiles de redes sociales, especialmente en Facebook, dicen mucho m\u00e1s de lo que muchos creen sobre su\u00a0visi\u00f3n de la vida y de su\u00a0personalidad.<\/p>\n<h3>6 errores que debes evitar en Facebook<\/h3>\n<p>Precisamente tomando en cuenta lo anterior, es muy com\u00fan que cometamos ciertos errores que afectar\u00e1n de una forma u otra <a href=\"http:\/\/nelsonrazo.com\/blog\/2016\/10\/04\/la-importancia-del-branding-personal\/\">nuestra marca personal<\/a> y la concepci\u00f3n que nuestros amigos, seguidores y audiencia en general puede tener de nosotros.<\/p>\n<p>Espec\u00edficamente en Facebook, como <a href=\"https:\/\/www.facebook.com\/\">la principal red social<\/a> con sus m\u00e1s 1500 millones de usuarios activos mundialmente, estos son los primeros errores que debes evitar si no quieres que tu marca personal sufra.<\/p>\n<ol>\n<li><strong>No has clarificado tu prop\u00f3sito.<\/strong>\u00a0Parece un consejo innecesario, pero la realidad es que para dar a conocer la marca personal correcta, lo primero que debes hacer es <a href=\"http:\/\/nelsonrazo.com\/blog\/2016\/09\/12\/definiendo-tu-marca-personal\/\">aclarar cu\u00e1l ser\u00e1 esa marca<\/a>. Demasiadas personas deciden dar a conocer una marca que no es la m\u00e1s apropiada y, en los peores de los casos, una marca que transmite el mensaje contrario y solamente les afecta para mal. As\u00ed que, si no lo has hecho, si\u00e9ntate a definir primero c\u00f3mo quieres que te vean los dem\u00e1s de manera que te beneficie personal y profesionalmente.<\/li>\n<li><strong>No compartes el contenido correcto.<\/strong>\u00a0Despu\u00e9s del punto anterior, este es el error m\u00e1s com\u00fan que vemos en Facebook y nos tomar\u00eda varios art\u00edculos completos abordarlo detalladamente pero, en resumen, cometes este error cuando:\n<ul>\n<li><strong>Sobrepublicas.<\/strong> Facebook no necesita actualizaciones constantes de tu perfil. No es Twitter. En promedio, 2 publicaciones al d\u00eda es lo necesario para que tus seguidores te tengan presente en sus\u00a0<em>news feeds<\/em>\u00a0y para que no piensen que no tienes otra cosa que hacer que estar publicando en tus redes. Y para que no los hagas bloquear tus actualizaciones.<\/li>\n<li><strong>Publicas muy poco.<\/strong> El problema contrario es igual de contraproducente: publicar poco. La capacidad de retenci\u00f3n del ser humano, mucho m\u00e1s en el caso de la abundancia de informaci\u00f3n, es muy baja, de modo que para estar en la mente de la gente es necesario la constancia en la publicaci\u00f3n de tu contenido. Puede que no necesites publicar ni siquiera diariamente, pero lo que si necesitas es periodicidad constante de modo que tus seguidores se acostumbren a esperar y recibir tu contenido.<\/li>\n<li><strong>No lo analizas.<\/strong> El problema m\u00e1s grave para muchos es que, aunque publiquen con la regularidad necesaria, lo que publican sea el contenido incorrecto. Demasiados son los casos de posibles clientes o empleadores que visitan el perfil de Facebook de un candidato solo para darse cuenta de que le gustan las parrandas o publicar fotos demasiado provocadoras como para tomarl@ en serio como un profesionista en su campo. El mejor tip que te puede hacer analizar lo que vas a publicar es el preguntarte siempre antes \u201c\u00bfEstar\u00e9 orgullos@ de esta publicaci\u00f3n cuando tenga m\u00e1s de 35 a\u00f1os?\u201d Si la respuesta te hace dudar\u2026 es muy probable que no debas presionar PUBLICAR.<\/li>\n<\/ul>\n<\/li>\n<li><strong>No cuidas la privacidad del contenido.<\/strong>\u00a0Todos tenemos contenido m\u00e1s personal que, sin afectar nuestra marca personal, est\u00e1 m\u00e1s dirigido a los amigos y conocidos que al p\u00fablico en general. Ese chiste que te gust\u00f3, ese meme que no puedes evitar compartir. Para eso existen los niveles de privacidad y debes aprender a utilizarlos adecuadamente. No todas tus publicaciones deben ser p\u00fablicas, de modo que debes categorizar como \u00ab<em>s\u00f3lo para tus amigos<\/em>\u00bb ese contenido que no es tan conveniente que todos sepan publicaste o que solo entender\u00e1n de ti tus amistades.<\/li>\n<li><strong>Publicas sobre tu trabajo, no sobre tu vocaci\u00f3n.<\/strong>\u00a0Acept\u00e9moslo: para much@s, no necesariamente lo que haces para vivir es tu verdadera vocaci\u00f3n. Demasiadas veces publicar sobre tu trabajo y tu profesi\u00f3n no ser\u00e1 lo m\u00e1s adecuado si est\u00e1s <a href=\"http:\/\/nelsonrazo.com\/blog\/2016\/03\/23\/construir-tu-marca-personal\/\">trabajando una marca personal <\/a>que en un futuro quieras sea por lo que te conozcan. Adem\u00e1s, hay que tomar siempre en cuanta que tu marca personal no se trata de tu trabajo directamente, sino que es la concepci\u00f3n que los dem\u00e1s tendr\u00e1n de tu persona, independientemente de donde o en qu\u00e9 te desarrolles profesionalmente. As\u00ed que, es probable que publicar sobre tu profesi\u00f3n actual no sea lo m\u00e1s adecuado para tu futuro personal y profesional, y que con esto solamente aburras a tu audiencia.<\/li>\n<li><strong>A veces tardas en publicar.<\/strong>\u00a0Precisamente muchas veces el trabajo puede evitar que publiques tan seguido como deseas o necesitas. Despu\u00e9s de todo, hay prioridades que cambian de manera inmediata y relevan a tu presencia en l\u00ednea a un segundo plano. Sin embargo, la falta de constancia puede afectarte en el momento menos pensado y por eso es necesario que, si tomar\u00e1s con seriedad tu marca personal, incluyas en tu agenda oficialmente el tiempo suficiente para no dejar que las vicisitudes de la vida o el trabajo te impidan estar presente en las\u00a0<em>news feeds<\/em>\u00a0de tu audiencia. El mismo Dan Schawbel lo deja muy claro: \u201cSi tu nombre no est\u00e1 ah\u00ed afuera, el de alguien m\u00e1s s\u00ed estar\u00e1.\u201d<\/li>\n<li><strong>No tienes tu propio sitio web o blog personal<\/strong>. Y por \u00faltimo, pero no menos importante, si te interesa mucho trabajar lo m\u00e1s profesionalmente posible tu presencia en l\u00ednea y tu marca personal, muchas de tus publicaciones deben llevar a la gente a tu propio sitio web. Este punto requiere mucho mayor compromiso y una agenda m\u00e1s especializada pero que eventualmente te redundar\u00e1 en mayor y mejor exposici\u00f3n a una audiencia que valora el contenido de calidad. <a href=\"http:\/\/nelsonrazo.com\/servicios\/\">Ases\u00f3rate al respecto<\/a>, inicia con un <a href=\"https:\/\/medium.com\/\">blog personal<\/a> si es necesario, pero siempre debes tener en mente que si quieres te conozcan como expert@ en alg\u00fan tema, tu sitio web propio es una obligaci\u00f3n.<\/li>\n<\/ol>\n<h3>La vida no est\u00e1 en la web<\/h3>\n<p>Aunque para muchos pueda parecerlo, al final recuerda que ni tu negocio real, ni tu vida real est\u00e1n solamente en l\u00ednea. Tu marca personal est\u00e1 tambi\u00e9n en la vida real.<\/p>\n<p>Internet y las redes sociales son solo herramientas: muy poderosas, pero simplemente herramientas que te ayudar\u00e1n a trabajar y empoderar tu marca personal.<\/p>\n<p>Sin embargo, tu marca personal es eso: PERSONAL. Y eso implica estar list@ y preparad@ ah\u00ed afuera en contacto directo\u00a0con tu audiencia y especialmente tu mercado, clientes, socios, colegas, etc.<\/p>\n<p>Y para esto tambi\u00e9n existen sus reglas y errores. Lo que ya hemos abordado <a href=\"http:\/\/nelsonrazo.com\/blog\/2016\/08\/29\/la-marca-personal-enganosa\/\">en publicaciones anteriores<\/a> que <a href=\"http:\/\/nelsonrazo.com\/blog\/2016\/03\/23\/construir-tu-marca-personal\/\">deber\u00edas leer o recordar<\/a>.<\/p>\n","protected":false},"excerpt":{"rendered":"<p>Toma en cuenta los seis errores que cometes en la m\u00e1s popular de las redes sociales, Facebook, y que afectan a tu marca personal de maneras que ni hab\u00edas pensado.<\/p>\n","protected":false},"author":3,"featured_media":850,"comment_status":"open","ping_status":"open","sticky":false,"template":"","format":"standard","meta":{"_themeisle_gutenberg_block_has_review":false,"_jetpack_memberships_contains_paid_content":false,"footnotes":""},"categories":[4],"tags":[51,55,125,141,167,297],"class_list":["post-846","post","type-post","status-publish","format-standard","has-post-thumbnail","hentry","category-branding-personal","tag-branding","tag-branding-personal","tag-errores-en-facebook","tag-facebook","tag-imagen","tag-redes-sociales"],"yoast_head":"<!-- This site is optimized with the Yoast SEO plugin v27.5 - https:\/\/yoast.com\/product\/yoast-seo-wordpress\/ -->\n<title>6 errores que cometes en Facebook - Nelson Razo | Branding Expert<\/title>\n<meta name=\"description\" content=\"Anota los 6 errores que cometes en la m\u00e1s popular de las redes sociales, Facebook, y que afectan a tu marca personal de maneras que ni hab\u00edas pensado.\" \/>\n<meta name=\"robots\" content=\"index, follow, max-snippet:-1, max-image-preview:large, max-video-preview:-1\" \/>\n<link rel=\"canonical\" href=\"https:\/\/nelsonrazo.com\/branding\/2016\/12\/05\/6-errores-cometes-en-facebook\/\" \/>\n<meta property=\"og:locale\" content=\"es_ES\" \/>\n<meta property=\"og:type\" content=\"article\" \/>\n<meta property=\"og:title\" content=\"6 errores que cometes en Facebook - Nelson Razo | Branding Expert\" \/>\n<meta property=\"og:description\" content=\"Anota los 6 errores que cometes en la m\u00e1s popular de las redes sociales, Facebook, y que afectan a tu marca personal de maneras que ni hab\u00edas pensado.\" \/>\n<meta property=\"og:url\" content=\"https:\/\/nelsonrazo.com\/branding\/2016\/12\/05\/6-errores-cometes-en-facebook\/\" \/>\n<meta property=\"og:site_name\" content=\"Nelson Razo | Branding Expert\" \/>\n<meta property=\"article:published_time\" content=\"2016-12-05T17:35:35+00:00\" \/>\n<meta name=\"author\" content=\"branding\" \/>\n<meta name=\"twitter:card\" content=\"summary_large_image\" \/>\n<meta name=\"twitter:label1\" content=\"Escrito por\" \/>\n\t<meta name=\"twitter:data1\" content=\"branding\" \/>\n\t<meta name=\"twitter:label2\" content=\"Tiempo de lectura\" \/>\n\t<meta name=\"twitter:data2\" content=\"7 minutos\" \/>\n<script type=\"application\/ld+json\" class=\"yoast-schema-graph\">{\"@context\":\"https:\\\/\\\/schema.org\",\"@graph\":[{\"@type\":\"Article\",\"@id\":\"https:\\\/\\\/nelsonrazo.com\\\/branding\\\/2016\\\/12\\\/05\\\/6-errores-cometes-en-facebook\\\/#article\",\"isPartOf\":{\"@id\":\"https:\\\/\\\/nelsonrazo.com\\\/branding\\\/2016\\\/12\\\/05\\\/6-errores-cometes-en-facebook\\\/\"},\"author\":{\"name\":\"branding\",\"@id\":\"https:\\\/\\\/nelsonrazo.com\\\/branding\\\/#\\\/schema\\\/person\\\/ceb6f312abbbc713f92923cc55955221\"},\"headline\":\"6 errores que cometes en Facebook\",\"datePublished\":\"2016-12-05T17:35:35+00:00\",\"mainEntityOfPage\":{\"@id\":\"https:\\\/\\\/nelsonrazo.com\\\/branding\\\/2016\\\/12\\\/05\\\/6-errores-cometes-en-facebook\\\/\"},\"wordCount\":1324,\"commentCount\":0,\"publisher\":{\"@id\":\"https:\\\/\\\/nelsonrazo.com\\\/branding\\\/#\\\/schema\\\/person\\\/ceb6f312abbbc713f92923cc55955221\"},\"image\":{\"@id\":\"https:\\\/\\\/nelsonrazo.com\\\/branding\\\/2016\\\/12\\\/05\\\/6-errores-cometes-en-facebook\\\/#primaryimage\"},\"thumbnailUrl\":\"\",\"keywords\":[\"branding\",\"branding personal\",\"errores en facebook\",\"facebook\",\"imagen\",\"redes sociales\"],\"articleSection\":[\"Branding Personal\"],\"inLanguage\":\"es\",\"potentialAction\":[{\"@type\":\"CommentAction\",\"name\":\"Comment\",\"target\":[\"https:\\\/\\\/nelsonrazo.com\\\/branding\\\/2016\\\/12\\\/05\\\/6-errores-cometes-en-facebook\\\/#respond\"]}]},{\"@type\":\"WebPage\",\"@id\":\"https:\\\/\\\/nelsonrazo.com\\\/branding\\\/2016\\\/12\\\/05\\\/6-errores-cometes-en-facebook\\\/\",\"url\":\"https:\\\/\\\/nelsonrazo.com\\\/branding\\\/2016\\\/12\\\/05\\\/6-errores-cometes-en-facebook\\\/\",\"name\":\"6 errores que cometes en Facebook - Nelson Razo | Branding Expert\",\"isPartOf\":{\"@id\":\"https:\\\/\\\/nelsonrazo.com\\\/branding\\\/#website\"},\"primaryImageOfPage\":{\"@id\":\"https:\\\/\\\/nelsonrazo.com\\\/branding\\\/2016\\\/12\\\/05\\\/6-errores-cometes-en-facebook\\\/#primaryimage\"},\"image\":{\"@id\":\"https:\\\/\\\/nelsonrazo.com\\\/branding\\\/2016\\\/12\\\/05\\\/6-errores-cometes-en-facebook\\\/#primaryimage\"},\"thumbnailUrl\":\"\",\"datePublished\":\"2016-12-05T17:35:35+00:00\",\"description\":\"Anota los 6 errores que cometes en la m\u00e1s popular de las redes sociales, Facebook, y que afectan a tu marca personal de maneras que ni hab\u00edas pensado.\",\"breadcrumb\":{\"@id\":\"https:\\\/\\\/nelsonrazo.com\\\/branding\\\/2016\\\/12\\\/05\\\/6-errores-cometes-en-facebook\\\/#breadcrumb\"},\"inLanguage\":\"es\",\"potentialAction\":[{\"@type\":\"ReadAction\",\"target\":[\"https:\\\/\\\/nelsonrazo.com\\\/branding\\\/2016\\\/12\\\/05\\\/6-errores-cometes-en-facebook\\\/\"]}]},{\"@type\":\"ImageObject\",\"inLanguage\":\"es\",\"@id\":\"https:\\\/\\\/nelsonrazo.com\\\/branding\\\/2016\\\/12\\\/05\\\/6-errores-cometes-en-facebook\\\/#primaryimage\",\"url\":\"\",\"contentUrl\":\"\"},{\"@type\":\"BreadcrumbList\",\"@id\":\"https:\\\/\\\/nelsonrazo.com\\\/branding\\\/2016\\\/12\\\/05\\\/6-errores-cometes-en-facebook\\\/#breadcrumb\",\"itemListElement\":[{\"@type\":\"ListItem\",\"position\":1,\"name\":\"Portada\",\"item\":\"https:\\\/\\\/nelsonrazo.com\\\/branding\\\/\"},{\"@type\":\"ListItem\",\"position\":2,\"name\":\"6 errores que cometes en Facebook\"}]},{\"@type\":\"WebSite\",\"@id\":\"https:\\\/\\\/nelsonrazo.com\\\/branding\\\/#website\",\"url\":\"https:\\\/\\\/nelsonrazo.com\\\/branding\\\/\",\"name\":\"Nelson Razo | Branding Expert\",\"description\":\"Experto en Branding y Marketing Digital\",\"publisher\":{\"@id\":\"https:\\\/\\\/nelsonrazo.com\\\/branding\\\/#\\\/schema\\\/person\\\/ceb6f312abbbc713f92923cc55955221\"},\"alternateName\":\"Nelson Razo | Experto en Branding\",\"potentialAction\":[{\"@type\":\"SearchAction\",\"target\":{\"@type\":\"EntryPoint\",\"urlTemplate\":\"https:\\\/\\\/nelsonrazo.com\\\/branding\\\/?s={search_term_string}\"},\"query-input\":{\"@type\":\"PropertyValueSpecification\",\"valueRequired\":true,\"valueName\":\"search_term_string\"}}],\"inLanguage\":\"es\"},{\"@type\":[\"Person\",\"Organization\"],\"@id\":\"https:\\\/\\\/nelsonrazo.com\\\/branding\\\/#\\\/schema\\\/person\\\/ceb6f312abbbc713f92923cc55955221\",\"name\":\"branding\",\"image\":{\"@type\":\"ImageObject\",\"inLanguage\":\"es\",\"@id\":\"https:\\\/\\\/nelsonrazo.com\\\/branding\\\/wp-content\\\/uploads\\\/sites\\\/3\\\/2024\\\/01\\\/nelsonrazo_branding.png\",\"url\":\"https:\\\/\\\/nelsonrazo.com\\\/branding\\\/wp-content\\\/uploads\\\/sites\\\/3\\\/2024\\\/01\\\/nelsonrazo_branding.png\",\"contentUrl\":\"https:\\\/\\\/nelsonrazo.com\\\/branding\\\/wp-content\\\/uploads\\\/sites\\\/3\\\/2024\\\/01\\\/nelsonrazo_branding.png\",\"width\":400,\"height\":97,\"caption\":\"branding\"},\"logo\":{\"@id\":\"https:\\\/\\\/nelsonrazo.com\\\/branding\\\/wp-content\\\/uploads\\\/sites\\\/3\\\/2024\\\/01\\\/nelsonrazo_branding.png\"},\"url\":\"https:\\\/\\\/nelsonrazo.com\\\/branding\\\/author\\\/branding\\\/\"}]}<\/script>\n<!-- \/ Yoast SEO plugin. -->","yoast_head_json":{"title":"6 errores que cometes en Facebook - Nelson Razo | Branding Expert","description":"Anota los 6 errores que cometes en la m\u00e1s popular de las redes sociales, Facebook, y que afectan a tu marca personal de maneras que ni hab\u00edas pensado.","robots":{"index":"index","follow":"follow","max-snippet":"max-snippet:-1","max-image-preview":"max-image-preview:large","max-video-preview":"max-video-preview:-1"},"canonical":"https:\/\/nelsonrazo.com\/branding\/2016\/12\/05\/6-errores-cometes-en-facebook\/","og_locale":"es_ES","og_type":"article","og_title":"6 errores que cometes en Facebook - Nelson Razo | Branding Expert","og_description":"Anota los 6 errores que cometes en la m\u00e1s popular de las redes sociales, Facebook, y que afectan a tu marca personal de maneras que ni hab\u00edas pensado.","og_url":"https:\/\/nelsonrazo.com\/branding\/2016\/12\/05\/6-errores-cometes-en-facebook\/","og_site_name":"Nelson Razo | Branding Expert","article_published_time":"2016-12-05T17:35:35+00:00","author":"branding","twitter_card":"summary_large_image","twitter_misc":{"Escrito por":"branding","Tiempo de lectura":"7 minutos"},"schema":{"@context":"https:\/\/schema.org","@graph":[{"@type":"Article","@id":"https:\/\/nelsonrazo.com\/branding\/2016\/12\/05\/6-errores-cometes-en-facebook\/#article","isPartOf":{"@id":"https:\/\/nelsonrazo.com\/branding\/2016\/12\/05\/6-errores-cometes-en-facebook\/"},"author":{"name":"branding","@id":"https:\/\/nelsonrazo.com\/branding\/#\/schema\/person\/ceb6f312abbbc713f92923cc55955221"},"headline":"6 errores que cometes en Facebook","datePublished":"2016-12-05T17:35:35+00:00","mainEntityOfPage":{"@id":"https:\/\/nelsonrazo.com\/branding\/2016\/12\/05\/6-errores-cometes-en-facebook\/"},"wordCount":1324,"commentCount":0,"publisher":{"@id":"https:\/\/nelsonrazo.com\/branding\/#\/schema\/person\/ceb6f312abbbc713f92923cc55955221"},"image":{"@id":"https:\/\/nelsonrazo.com\/branding\/2016\/12\/05\/6-errores-cometes-en-facebook\/#primaryimage"},"thumbnailUrl":"","keywords":["branding","branding personal","errores en facebook","facebook","imagen","redes sociales"],"articleSection":["Branding Personal"],"inLanguage":"es","potentialAction":[{"@type":"CommentAction","name":"Comment","target":["https:\/\/nelsonrazo.com\/branding\/2016\/12\/05\/6-errores-cometes-en-facebook\/#respond"]}]},{"@type":"WebPage","@id":"https:\/\/nelsonrazo.com\/branding\/2016\/12\/05\/6-errores-cometes-en-facebook\/","url":"https:\/\/nelsonrazo.com\/branding\/2016\/12\/05\/6-errores-cometes-en-facebook\/","name":"6 errores que cometes en Facebook - Nelson Razo | Branding Expert","isPartOf":{"@id":"https:\/\/nelsonrazo.com\/branding\/#website"},"primaryImageOfPage":{"@id":"https:\/\/nelsonrazo.com\/branding\/2016\/12\/05\/6-errores-cometes-en-facebook\/#primaryimage"},"image":{"@id":"https:\/\/nelsonrazo.com\/branding\/2016\/12\/05\/6-errores-cometes-en-facebook\/#primaryimage"},"thumbnailUrl":"","datePublished":"2016-12-05T17:35:35+00:00","description":"Anota los 6 errores que cometes en la m\u00e1s popular de las redes sociales, Facebook, y que afectan a tu marca personal de maneras que ni hab\u00edas pensado.","breadcrumb":{"@id":"https:\/\/nelsonrazo.com\/branding\/2016\/12\/05\/6-errores-cometes-en-facebook\/#breadcrumb"},"inLanguage":"es","potentialAction":[{"@type":"ReadAction","target":["https:\/\/nelsonrazo.com\/branding\/2016\/12\/05\/6-errores-cometes-en-facebook\/"]}]},{"@type":"ImageObject","inLanguage":"es","@id":"https:\/\/nelsonrazo.com\/branding\/2016\/12\/05\/6-errores-cometes-en-facebook\/#primaryimage","url":"","contentUrl":""},{"@type":"BreadcrumbList","@id":"https:\/\/nelsonrazo.com\/branding\/2016\/12\/05\/6-errores-cometes-en-facebook\/#breadcrumb","itemListElement":[{"@type":"ListItem","position":1,"name":"Portada","item":"https:\/\/nelsonrazo.com\/branding\/"},{"@type":"ListItem","position":2,"name":"6 errores que cometes en Facebook"}]},{"@type":"WebSite","@id":"https:\/\/nelsonrazo.com\/branding\/#website","url":"https:\/\/nelsonrazo.com\/branding\/","name":"Nelson Razo | Branding Expert","description":"Experto en Branding y Marketing Digital","publisher":{"@id":"https:\/\/nelsonrazo.com\/branding\/#\/schema\/person\/ceb6f312abbbc713f92923cc55955221"},"alternateName":"Nelson Razo | Experto en Branding","potentialAction":[{"@type":"SearchAction","target":{"@type":"EntryPoint","urlTemplate":"https:\/\/nelsonrazo.com\/branding\/?s={search_term_string}"},"query-input":{"@type":"PropertyValueSpecification","valueRequired":true,"valueName":"search_term_string"}}],"inLanguage":"es"},{"@type":["Person","Organization"],"@id":"https:\/\/nelsonrazo.com\/branding\/#\/schema\/person\/ceb6f312abbbc713f92923cc55955221","name":"branding","image":{"@type":"ImageObject","inLanguage":"es","@id":"https:\/\/nelsonrazo.com\/branding\/wp-content\/uploads\/sites\/3\/2024\/01\/nelsonrazo_branding.png","url":"https:\/\/nelsonrazo.com\/branding\/wp-content\/uploads\/sites\/3\/2024\/01\/nelsonrazo_branding.png","contentUrl":"https:\/\/nelsonrazo.com\/branding\/wp-content\/uploads\/sites\/3\/2024\/01\/nelsonrazo_branding.png","width":400,"height":97,"caption":"branding"},"logo":{"@id":"https:\/\/nelsonrazo.com\/branding\/wp-content\/uploads\/sites\/3\/2024\/01\/nelsonrazo_branding.png"},"url":"https:\/\/nelsonrazo.com\/branding\/author\/branding\/"}]}},"jetpack_featured_media_url":"","jetpack_shortlink":"https:\/\/wp.me\/pfweVl-dE","jetpack_sharing_enabled":true,"_links":{"self":[{"href":"https:\/\/nelsonrazo.com\/branding\/wp-json\/wp\/v2\/posts\/846","targetHints":{"allow":["GET"]}}],"collection":[{"href":"https:\/\/nelsonrazo.com\/branding\/wp-json\/wp\/v2\/posts"}],"about":[{"href":"https:\/\/nelsonrazo.com\/branding\/wp-json\/wp\/v2\/types\/post"}],"author":[{"embeddable":true,"href":"https:\/\/nelsonrazo.com\/branding\/wp-json\/wp\/v2\/users\/3"}],"replies":[{"embeddable":true,"href":"https:\/\/nelsonrazo.com\/branding\/wp-json\/wp\/v2\/comments?post=846"}],"version-history":[{"count":0,"href":"https:\/\/nelsonrazo.com\/branding\/wp-json\/wp\/v2\/posts\/846\/revisions"}],"wp:featuredmedia":[{"embeddable":true,"href":"https:\/\/nelsonrazo.com\/branding\/wp-json\/"}],"wp:attachment":[{"href":"https:\/\/nelsonrazo.com\/branding\/wp-json\/wp\/v2\/media?parent=846"}],"wp:term":[{"taxonomy":"category","embeddable":true,"href":"https:\/\/nelsonrazo.com\/branding\/wp-json\/wp\/v2\/categories?post=846"},{"taxonomy":"post_tag","embeddable":true,"href":"https:\/\/nelsonrazo.com\/branding\/wp-json\/wp\/v2\/tags?post=846"}],"curies":[{"name":"wp","href":"https:\/\/api.w.org\/{rel}","templated":true}]}}