{"id":799,"date":"2016-10-12T09:20:37","date_gmt":"2016-10-12T17:20:37","guid":{"rendered":"http:\/\/nelsonrazo.com\/?p=799"},"modified":"2024-02-12T05:24:39","modified_gmt":"2024-02-12T04:24:39","slug":"por-que-necesitamos-lideres","status":"publish","type":"post","link":"https:\/\/nelsonrazo.com\/branding\/2016\/10\/12\/por-que-necesitamos-lideres\/","title":{"rendered":"Por qu\u00e9 necesitamos l\u00edderes"},"content":{"rendered":"<p>En varias ocasiones ya hemos abordado el tema del liderazgo; desde <a href=\"http:\/\/nelsonrazo.com\/blog\/2016\/07\/25\/los-lideres-y-el-estres\/\">qu\u00e9 significa<\/a> ser l\u00edder a c\u00f3mo <a href=\"http:\/\/nelsonrazo.com\/blog\/2016\/03\/14\/10-puntos-para-ser-un-mejor-lider\/\">mejorar nuestras habilidades<\/a> en ese respecto. Despu\u00e9s de todo los l\u00edderes est\u00e1n ligados\u00a0a una bien trabajada marca personal.<\/p>\n<p>Sin embargo, para conocer m\u00e1s al respecto y utilizarlo en nuestro crecimiento personal como marcas en nuestro ramo y como individuos en la sociedad, es necesario preguntarnos \u00bfy por qu\u00e9 necesitamos l\u00edderes?<\/p>\n<p>En probable querer pensar que no deber\u00eda haber divisiones sociales tan marcadas como la que existe entre l\u00edderes y seguidores pero, para bien o para mal, este es un aspecto inherente en la psicolog\u00eda de nuestra especie.<\/p>\n<p>Necesitamos l\u00edderes porque los hemos necesitado.<\/p>\n<p><a href=\"http:\/\/nelsonrazo.com\/wp-content\/uploads\/2016\/10\/necesidadlideres2.jpg\"><img loading=\"lazy\" decoding=\"async\" class=\"alignnone size-full wp-image-803\" src=\"http:\/\/nelsonrazo.com\/wp-content\/uploads\/2016\/10\/necesidadlideres2.jpg\" alt=\"El alfa del grupo\" width=\"850\" height=\"300\" \/><\/a><\/p>\n<h4>El l\u00edder evolutivo<\/h4>\n<p>Desde que nuestros ancestros comunes con los chimpanc\u00e9s comenzaron a dejar la relativa seguridad de las copas de los \u00e1rboles para aventurarse a conseguir sus alimentos en el suelo de la creciente sabana africana, algo que tuvo que evolucionar en su comportamiento fue su capacidad de vivir en grupos.<\/p>\n<p>Por cientos de miles de a\u00f1os, nuestros ancestros evolucionaron <a href=\"http:\/\/nelsonrazo.com\/raptorblog\/2016\/09\/23\/ambiente-de-adaptabilidad-evolutiva\/\">en un ambiente rodeado de peligros<\/a> para cualquier especie que no fuera excepcionalmente fuerte o r\u00e1pida, as\u00ed que una de las primeras soluciones de la selecci\u00f3n natural fue integrar la capacidad de vivir en sociedad y as\u00ed compartir las actividades necesarias para sobrevivir.<\/p>\n<p>Adem\u00e1s, seguido de la capacidad de ser un animal social evolucion\u00f3 tambi\u00e9n <a href=\"http:\/\/nelsonrazo.com\/raptorblog\/2010\/05\/12\/las-redes-sociales-web\/\">la capacidad de comunicaci\u00f3n<\/a> cada vez m\u00e1s compleja, de modo que cooperando entre todos, un grupo de nuestros ancestros ten\u00eda mucha mayor posibilidad de conseguir comida y evitar a los depredadores.<\/p>\n<p>Sin embargo, el problema de vivir en grupos (de 150 individuos en promedios) surge a la hora de decidir qu\u00e9 hacer, cu\u00e1ndo hacer y c\u00f3mo hacer, es decir en la necesidad de ponerse de acuerdo.<\/p>\n<p>Sin embrago, antes de que existieran los m\u00e9todos de elecci\u00f3n democr\u00e1tica, la naturaleza solucion\u00f3 el problema de la coordinaci\u00f3n social con el m\u00e9todo del Macho Alfa.<\/p>\n<h4>Los privilegios de ser Alfa<\/h4>\n<p>Con la diferenciaci\u00f3n de unos cuantos miembros del grupo (o a veces uno solo) como Alfas, un grupo que depende de la decisi\u00f3n del \u00abm\u00e1s fuerte\u00bb pod\u00eda organizarse mejor de manera que, por ejemplo, a la hora de comer nadie se quedara sin alimentarse debido a que el Alfa, despu\u00e9s de comer primero, dictaba la jerarqu\u00eda de acceso al alimento, siempre cuidando que todos comieran.<\/p>\n<p>As\u00ed es como los Alfa, por ser miembros muy importantes en grupo, reciben los privilegios no solo de comida, sino de opciones de pareja, por el simple y l\u00f3gico hecho de que al grupo le conviene que sean los Alfas quienes est\u00e9n mejor alimentados y tengan la mayor posibilidad de reproducirse.<\/p>\n<p>Puede parecer, en nuestros tiempos modernos, este sistema de los machos (o hembras) Alfa algo injusto, pero sin embargo ni la naturaleza ni el grupo social son tontos.<\/p>\n<p><img loading=\"lazy\" decoding=\"async\" class=\"alignnone size-full wp-image-1366\" src=\"https:\/\/nelsonrazo.com\/branding\/wp-content\/uploads\/sites\/3\/2018\/04\/lider02.jpg\" alt=\"Liderazgo\" width=\"850\" height=\"279\" srcset=\"https:\/\/nelsonrazo.com\/branding\/wp-content\/uploads\/sites\/3\/2018\/04\/lider02.jpg 850w, https:\/\/nelsonrazo.com\/branding\/wp-content\/uploads\/sites\/3\/2018\/04\/lider02-300x98.jpg 300w, https:\/\/nelsonrazo.com\/branding\/wp-content\/uploads\/sites\/3\/2018\/04\/lider02-768x252.jpg 768w\" sizes=\"auto, (max-width: 850px) 100vw, 850px\" \/><\/p>\n<h4>La condici\u00f3n por ser l\u00edderes<\/h4>\n<p>Ser un Alfa en el grupo no viene sin sus compromisos.<\/p>\n<p>Si bien los alfas son los primeros en disfrutar de la comida y de las parejas, tambi\u00e9n deben ser los primeros en defender al grupo de amenazas.\u00a0Despu\u00e9s de todo, \u00bfqui\u00e9n ser\u00eda el primero de nuestros ancestros que el grupo espera que reaccione ante, por ejemplo, el ataque de una manada de hienas?<\/p>\n<p>El mejor alimentado y quien ya haya dejado su descendencia con sus genes de liderazgo.\u00a0As\u00ed de simple. Aunque a muchos pueda sonarles rudo.<\/p>\n<p>Los beneficios del liderazgo vienen con la responsabilidad de enfrentar primero el peligro, en beneficio del grupo.<\/p>\n<p>\u00bfAhora comprenden por qu\u00e9 cuando un l\u00edder se aprovecha de sus seguidores sin hacerse responsable de sus obligaciones la sociedad lo aborrece tanto?\u00a0Porque al igual que nuestros ancestros, hoy esperamos que un l\u00edder nos responda a los beneficios que le ofrecemos.<\/p>\n<p>Y mucho m\u00e1s en tiempos de crisis.<\/p>\n","protected":false},"excerpt":{"rendered":"<p>El liderazgo tiene sus beneficios. Pero tambi\u00e9n sus obligaciones. Y cumplirlas no es tan f\u00e1cil como muchos se imaginan. \u00bfPor qu\u00e9 crees que s\u00f3lo pocos son l\u00edderes?<\/p>\n","protected":false},"author":3,"featured_media":1470,"comment_status":"open","ping_status":"open","sticky":false,"template":"","format":"standard","meta":{"_themeisle_gutenberg_block_has_review":false,"_jetpack_memberships_contains_paid_content":false,"footnotes":""},"categories":[7],"tags":[30,34,137,155,187,190,200,241,320],"class_list":["post-799","post","type-post","status-publish","format-standard","has-post-thumbnail","hentry","category-liderazgo","tag-alfa","tag-ancestros","tag-evolucion","tag-grupo","tag-liderazgo","tag-lideres","tag-macho-alfa","tag-necesidad","tag-sociedad"],"yoast_head":"<!-- This site is optimized with the Yoast SEO plugin v27.5 - https:\/\/yoast.com\/product\/yoast-seo-wordpress\/ -->\n<title>Por qu\u00e9 necesitamos l\u00edderes - Nelson Razo | Branding Expert<\/title>\n<meta name=\"description\" content=\"El liderazgo tiene sus beneficios, pero tambi\u00e9n sus obligaciones. Y cumplirlas no es tan f\u00e1cil como muchos se imaginan. \u00bfPor qu\u00e9 s\u00f3lo pocos son l\u00edderes?\" \/>\n<meta name=\"robots\" content=\"index, follow, max-snippet:-1, max-image-preview:large, max-video-preview:-1\" \/>\n<link rel=\"canonical\" href=\"https:\/\/nelsonrazo.com\/branding\/2016\/10\/12\/por-que-necesitamos-lideres\/\" \/>\n<meta property=\"og:locale\" content=\"es_ES\" \/>\n<meta property=\"og:type\" content=\"article\" \/>\n<meta property=\"og:title\" content=\"Por qu\u00e9 necesitamos l\u00edderes - Nelson Razo | Branding Expert\" \/>\n<meta property=\"og:description\" content=\"El liderazgo tiene sus beneficios, pero tambi\u00e9n sus obligaciones. Y cumplirlas no es tan f\u00e1cil como muchos se imaginan. \u00bfPor qu\u00e9 s\u00f3lo pocos son l\u00edderes?\" \/>\n<meta property=\"og:url\" content=\"https:\/\/nelsonrazo.com\/branding\/2016\/10\/12\/por-que-necesitamos-lideres\/\" \/>\n<meta property=\"og:site_name\" content=\"Nelson Razo | Branding Expert\" \/>\n<meta property=\"article:published_time\" content=\"2016-10-12T17:20:37+00:00\" \/>\n<meta property=\"article:modified_time\" content=\"2024-02-12T04:24:39+00:00\" \/>\n<meta property=\"og:image\" content=\"https:\/\/nelsonrazo.com\/branding\/wp-content\/uploads\/sites\/3\/2016\/10\/post_image_rebranding.jpg\" \/>\n\t<meta property=\"og:image:width\" content=\"1024\" \/>\n\t<meta property=\"og:image:height\" content=\"590\" \/>\n\t<meta property=\"og:image:type\" content=\"image\/jpeg\" \/>\n<meta name=\"author\" content=\"branding\" \/>\n<meta name=\"twitter:card\" content=\"summary_large_image\" \/>\n<meta name=\"twitter:label1\" content=\"Escrito por\" \/>\n\t<meta name=\"twitter:data1\" content=\"branding\" \/>\n\t<meta name=\"twitter:label2\" content=\"Tiempo de lectura\" \/>\n\t<meta name=\"twitter:data2\" content=\"4 minutos\" \/>\n<script type=\"application\/ld+json\" class=\"yoast-schema-graph\">{\"@context\":\"https:\\\/\\\/schema.org\",\"@graph\":[{\"@type\":\"Article\",\"@id\":\"https:\\\/\\\/nelsonrazo.com\\\/branding\\\/2016\\\/10\\\/12\\\/por-que-necesitamos-lideres\\\/#article\",\"isPartOf\":{\"@id\":\"https:\\\/\\\/nelsonrazo.com\\\/branding\\\/2016\\\/10\\\/12\\\/por-que-necesitamos-lideres\\\/\"},\"author\":{\"name\":\"branding\",\"@id\":\"https:\\\/\\\/nelsonrazo.com\\\/branding\\\/#\\\/schema\\\/person\\\/ceb6f312abbbc713f92923cc55955221\"},\"headline\":\"Por qu\u00e9 necesitamos l\u00edderes\",\"datePublished\":\"2016-10-12T17:20:37+00:00\",\"dateModified\":\"2024-02-12T04:24:39+00:00\",\"mainEntityOfPage\":{\"@id\":\"https:\\\/\\\/nelsonrazo.com\\\/branding\\\/2016\\\/10\\\/12\\\/por-que-necesitamos-lideres\\\/\"},\"wordCount\":676,\"commentCount\":12,\"publisher\":{\"@id\":\"https:\\\/\\\/nelsonrazo.com\\\/branding\\\/#\\\/schema\\\/person\\\/ceb6f312abbbc713f92923cc55955221\"},\"image\":{\"@id\":\"https:\\\/\\\/nelsonrazo.com\\\/branding\\\/2016\\\/10\\\/12\\\/por-que-necesitamos-lideres\\\/#primaryimage\"},\"thumbnailUrl\":\"https:\\\/\\\/nelsonrazo.com\\\/branding\\\/wp-content\\\/uploads\\\/sites\\\/3\\\/2016\\\/10\\\/post_image_rebranding.jpg\",\"keywords\":[\"alfa\",\"ancestros\",\"evolucion\",\"grupo\",\"liderazgo\",\"l\u00edderes\",\"macho alfa\",\"necesidad\",\"sociedad\"],\"articleSection\":[\"Liderazgo\"],\"inLanguage\":\"es\",\"potentialAction\":[{\"@type\":\"CommentAction\",\"name\":\"Comment\",\"target\":[\"https:\\\/\\\/nelsonrazo.com\\\/branding\\\/2016\\\/10\\\/12\\\/por-que-necesitamos-lideres\\\/#respond\"]}]},{\"@type\":\"WebPage\",\"@id\":\"https:\\\/\\\/nelsonrazo.com\\\/branding\\\/2016\\\/10\\\/12\\\/por-que-necesitamos-lideres\\\/\",\"url\":\"https:\\\/\\\/nelsonrazo.com\\\/branding\\\/2016\\\/10\\\/12\\\/por-que-necesitamos-lideres\\\/\",\"name\":\"Por qu\u00e9 necesitamos l\u00edderes - Nelson Razo | Branding Expert\",\"isPartOf\":{\"@id\":\"https:\\\/\\\/nelsonrazo.com\\\/branding\\\/#website\"},\"primaryImageOfPage\":{\"@id\":\"https:\\\/\\\/nelsonrazo.com\\\/branding\\\/2016\\\/10\\\/12\\\/por-que-necesitamos-lideres\\\/#primaryimage\"},\"image\":{\"@id\":\"https:\\\/\\\/nelsonrazo.com\\\/branding\\\/2016\\\/10\\\/12\\\/por-que-necesitamos-lideres\\\/#primaryimage\"},\"thumbnailUrl\":\"https:\\\/\\\/nelsonrazo.com\\\/branding\\\/wp-content\\\/uploads\\\/sites\\\/3\\\/2016\\\/10\\\/post_image_rebranding.jpg\",\"datePublished\":\"2016-10-12T17:20:37+00:00\",\"dateModified\":\"2024-02-12T04:24:39+00:00\",\"description\":\"El liderazgo tiene sus beneficios, pero tambi\u00e9n sus obligaciones. Y cumplirlas no es tan f\u00e1cil como muchos se imaginan. \u00bfPor qu\u00e9 s\u00f3lo pocos son l\u00edderes?\",\"breadcrumb\":{\"@id\":\"https:\\\/\\\/nelsonrazo.com\\\/branding\\\/2016\\\/10\\\/12\\\/por-que-necesitamos-lideres\\\/#breadcrumb\"},\"inLanguage\":\"es\",\"potentialAction\":[{\"@type\":\"ReadAction\",\"target\":[\"https:\\\/\\\/nelsonrazo.com\\\/branding\\\/2016\\\/10\\\/12\\\/por-que-necesitamos-lideres\\\/\"]}]},{\"@type\":\"ImageObject\",\"inLanguage\":\"es\",\"@id\":\"https:\\\/\\\/nelsonrazo.com\\\/branding\\\/2016\\\/10\\\/12\\\/por-que-necesitamos-lideres\\\/#primaryimage\",\"url\":\"https:\\\/\\\/nelsonrazo.com\\\/branding\\\/wp-content\\\/uploads\\\/sites\\\/3\\\/2016\\\/10\\\/post_image_rebranding.jpg\",\"contentUrl\":\"https:\\\/\\\/nelsonrazo.com\\\/branding\\\/wp-content\\\/uploads\\\/sites\\\/3\\\/2016\\\/10\\\/post_image_rebranding.jpg\",\"width\":1024,\"height\":590,\"caption\":\"Es hora de un rebranding\"},{\"@type\":\"BreadcrumbList\",\"@id\":\"https:\\\/\\\/nelsonrazo.com\\\/branding\\\/2016\\\/10\\\/12\\\/por-que-necesitamos-lideres\\\/#breadcrumb\",\"itemListElement\":[{\"@type\":\"ListItem\",\"position\":1,\"name\":\"Portada\",\"item\":\"https:\\\/\\\/nelsonrazo.com\\\/branding\\\/\"},{\"@type\":\"ListItem\",\"position\":2,\"name\":\"Por qu\u00e9 necesitamos l\u00edderes\"}]},{\"@type\":\"WebSite\",\"@id\":\"https:\\\/\\\/nelsonrazo.com\\\/branding\\\/#website\",\"url\":\"https:\\\/\\\/nelsonrazo.com\\\/branding\\\/\",\"name\":\"Nelson Razo | Branding Expert\",\"description\":\"Experto en Branding y Marketing Digital\",\"publisher\":{\"@id\":\"https:\\\/\\\/nelsonrazo.com\\\/branding\\\/#\\\/schema\\\/person\\\/ceb6f312abbbc713f92923cc55955221\"},\"alternateName\":\"Nelson Razo | Experto en Branding\",\"potentialAction\":[{\"@type\":\"SearchAction\",\"target\":{\"@type\":\"EntryPoint\",\"urlTemplate\":\"https:\\\/\\\/nelsonrazo.com\\\/branding\\\/?s={search_term_string}\"},\"query-input\":{\"@type\":\"PropertyValueSpecification\",\"valueRequired\":true,\"valueName\":\"search_term_string\"}}],\"inLanguage\":\"es\"},{\"@type\":[\"Person\",\"Organization\"],\"@id\":\"https:\\\/\\\/nelsonrazo.com\\\/branding\\\/#\\\/schema\\\/person\\\/ceb6f312abbbc713f92923cc55955221\",\"name\":\"branding\",\"image\":{\"@type\":\"ImageObject\",\"inLanguage\":\"es\",\"@id\":\"https:\\\/\\\/nelsonrazo.com\\\/branding\\\/wp-content\\\/uploads\\\/sites\\\/3\\\/2024\\\/01\\\/nelsonrazo_branding.png\",\"url\":\"https:\\\/\\\/nelsonrazo.com\\\/branding\\\/wp-content\\\/uploads\\\/sites\\\/3\\\/2024\\\/01\\\/nelsonrazo_branding.png\",\"contentUrl\":\"https:\\\/\\\/nelsonrazo.com\\\/branding\\\/wp-content\\\/uploads\\\/sites\\\/3\\\/2024\\\/01\\\/nelsonrazo_branding.png\",\"width\":400,\"height\":97,\"caption\":\"branding\"},\"logo\":{\"@id\":\"https:\\\/\\\/nelsonrazo.com\\\/branding\\\/wp-content\\\/uploads\\\/sites\\\/3\\\/2024\\\/01\\\/nelsonrazo_branding.png\"},\"url\":\"https:\\\/\\\/nelsonrazo.com\\\/branding\\\/author\\\/branding\\\/\"}]}<\/script>\n<!-- \/ Yoast SEO plugin. -->","yoast_head_json":{"title":"Por qu\u00e9 necesitamos l\u00edderes - Nelson Razo | Branding Expert","description":"El liderazgo tiene sus beneficios, pero tambi\u00e9n sus obligaciones. Y cumplirlas no es tan f\u00e1cil como muchos se imaginan. \u00bfPor qu\u00e9 s\u00f3lo pocos son l\u00edderes?","robots":{"index":"index","follow":"follow","max-snippet":"max-snippet:-1","max-image-preview":"max-image-preview:large","max-video-preview":"max-video-preview:-1"},"canonical":"https:\/\/nelsonrazo.com\/branding\/2016\/10\/12\/por-que-necesitamos-lideres\/","og_locale":"es_ES","og_type":"article","og_title":"Por qu\u00e9 necesitamos l\u00edderes - Nelson Razo | Branding Expert","og_description":"El liderazgo tiene sus beneficios, pero tambi\u00e9n sus obligaciones. Y cumplirlas no es tan f\u00e1cil como muchos se imaginan. \u00bfPor qu\u00e9 s\u00f3lo pocos son l\u00edderes?","og_url":"https:\/\/nelsonrazo.com\/branding\/2016\/10\/12\/por-que-necesitamos-lideres\/","og_site_name":"Nelson Razo | Branding Expert","article_published_time":"2016-10-12T17:20:37+00:00","article_modified_time":"2024-02-12T04:24:39+00:00","og_image":[{"width":1024,"height":590,"url":"https:\/\/nelsonrazo.com\/branding\/wp-content\/uploads\/sites\/3\/2016\/10\/post_image_rebranding.jpg","type":"image\/jpeg"}],"author":"branding","twitter_card":"summary_large_image","twitter_misc":{"Escrito por":"branding","Tiempo de lectura":"4 minutos"},"schema":{"@context":"https:\/\/schema.org","@graph":[{"@type":"Article","@id":"https:\/\/nelsonrazo.com\/branding\/2016\/10\/12\/por-que-necesitamos-lideres\/#article","isPartOf":{"@id":"https:\/\/nelsonrazo.com\/branding\/2016\/10\/12\/por-que-necesitamos-lideres\/"},"author":{"name":"branding","@id":"https:\/\/nelsonrazo.com\/branding\/#\/schema\/person\/ceb6f312abbbc713f92923cc55955221"},"headline":"Por qu\u00e9 necesitamos l\u00edderes","datePublished":"2016-10-12T17:20:37+00:00","dateModified":"2024-02-12T04:24:39+00:00","mainEntityOfPage":{"@id":"https:\/\/nelsonrazo.com\/branding\/2016\/10\/12\/por-que-necesitamos-lideres\/"},"wordCount":676,"commentCount":12,"publisher":{"@id":"https:\/\/nelsonrazo.com\/branding\/#\/schema\/person\/ceb6f312abbbc713f92923cc55955221"},"image":{"@id":"https:\/\/nelsonrazo.com\/branding\/2016\/10\/12\/por-que-necesitamos-lideres\/#primaryimage"},"thumbnailUrl":"https:\/\/nelsonrazo.com\/branding\/wp-content\/uploads\/sites\/3\/2016\/10\/post_image_rebranding.jpg","keywords":["alfa","ancestros","evolucion","grupo","liderazgo","l\u00edderes","macho alfa","necesidad","sociedad"],"articleSection":["Liderazgo"],"inLanguage":"es","potentialAction":[{"@type":"CommentAction","name":"Comment","target":["https:\/\/nelsonrazo.com\/branding\/2016\/10\/12\/por-que-necesitamos-lideres\/#respond"]}]},{"@type":"WebPage","@id":"https:\/\/nelsonrazo.com\/branding\/2016\/10\/12\/por-que-necesitamos-lideres\/","url":"https:\/\/nelsonrazo.com\/branding\/2016\/10\/12\/por-que-necesitamos-lideres\/","name":"Por qu\u00e9 necesitamos l\u00edderes - Nelson Razo | Branding Expert","isPartOf":{"@id":"https:\/\/nelsonrazo.com\/branding\/#website"},"primaryImageOfPage":{"@id":"https:\/\/nelsonrazo.com\/branding\/2016\/10\/12\/por-que-necesitamos-lideres\/#primaryimage"},"image":{"@id":"https:\/\/nelsonrazo.com\/branding\/2016\/10\/12\/por-que-necesitamos-lideres\/#primaryimage"},"thumbnailUrl":"https:\/\/nelsonrazo.com\/branding\/wp-content\/uploads\/sites\/3\/2016\/10\/post_image_rebranding.jpg","datePublished":"2016-10-12T17:20:37+00:00","dateModified":"2024-02-12T04:24:39+00:00","description":"El liderazgo tiene sus beneficios, pero tambi\u00e9n sus obligaciones. Y cumplirlas no es tan f\u00e1cil como muchos se imaginan. \u00bfPor qu\u00e9 s\u00f3lo pocos son l\u00edderes?","breadcrumb":{"@id":"https:\/\/nelsonrazo.com\/branding\/2016\/10\/12\/por-que-necesitamos-lideres\/#breadcrumb"},"inLanguage":"es","potentialAction":[{"@type":"ReadAction","target":["https:\/\/nelsonrazo.com\/branding\/2016\/10\/12\/por-que-necesitamos-lideres\/"]}]},{"@type":"ImageObject","inLanguage":"es","@id":"https:\/\/nelsonrazo.com\/branding\/2016\/10\/12\/por-que-necesitamos-lideres\/#primaryimage","url":"https:\/\/nelsonrazo.com\/branding\/wp-content\/uploads\/sites\/3\/2016\/10\/post_image_rebranding.jpg","contentUrl":"https:\/\/nelsonrazo.com\/branding\/wp-content\/uploads\/sites\/3\/2016\/10\/post_image_rebranding.jpg","width":1024,"height":590,"caption":"Es hora de un rebranding"},{"@type":"BreadcrumbList","@id":"https:\/\/nelsonrazo.com\/branding\/2016\/10\/12\/por-que-necesitamos-lideres\/#breadcrumb","itemListElement":[{"@type":"ListItem","position":1,"name":"Portada","item":"https:\/\/nelsonrazo.com\/branding\/"},{"@type":"ListItem","position":2,"name":"Por qu\u00e9 necesitamos l\u00edderes"}]},{"@type":"WebSite","@id":"https:\/\/nelsonrazo.com\/branding\/#website","url":"https:\/\/nelsonrazo.com\/branding\/","name":"Nelson Razo | Branding Expert","description":"Experto en Branding y Marketing Digital","publisher":{"@id":"https:\/\/nelsonrazo.com\/branding\/#\/schema\/person\/ceb6f312abbbc713f92923cc55955221"},"alternateName":"Nelson Razo | Experto en Branding","potentialAction":[{"@type":"SearchAction","target":{"@type":"EntryPoint","urlTemplate":"https:\/\/nelsonrazo.com\/branding\/?s={search_term_string}"},"query-input":{"@type":"PropertyValueSpecification","valueRequired":true,"valueName":"search_term_string"}}],"inLanguage":"es"},{"@type":["Person","Organization"],"@id":"https:\/\/nelsonrazo.com\/branding\/#\/schema\/person\/ceb6f312abbbc713f92923cc55955221","name":"branding","image":{"@type":"ImageObject","inLanguage":"es","@id":"https:\/\/nelsonrazo.com\/branding\/wp-content\/uploads\/sites\/3\/2024\/01\/nelsonrazo_branding.png","url":"https:\/\/nelsonrazo.com\/branding\/wp-content\/uploads\/sites\/3\/2024\/01\/nelsonrazo_branding.png","contentUrl":"https:\/\/nelsonrazo.com\/branding\/wp-content\/uploads\/sites\/3\/2024\/01\/nelsonrazo_branding.png","width":400,"height":97,"caption":"branding"},"logo":{"@id":"https:\/\/nelsonrazo.com\/branding\/wp-content\/uploads\/sites\/3\/2024\/01\/nelsonrazo_branding.png"},"url":"https:\/\/nelsonrazo.com\/branding\/author\/branding\/"}]}},"jetpack_featured_media_url":"https:\/\/nelsonrazo.com\/branding\/wp-content\/uploads\/sites\/3\/2016\/10\/post_image_rebranding.jpg","jetpack_shortlink":"https:\/\/wp.me\/pfweVl-cT","jetpack_sharing_enabled":true,"_links":{"self":[{"href":"https:\/\/nelsonrazo.com\/branding\/wp-json\/wp\/v2\/posts\/799","targetHints":{"allow":["GET"]}}],"collection":[{"href":"https:\/\/nelsonrazo.com\/branding\/wp-json\/wp\/v2\/posts"}],"about":[{"href":"https:\/\/nelsonrazo.com\/branding\/wp-json\/wp\/v2\/types\/post"}],"author":[{"embeddable":true,"href":"https:\/\/nelsonrazo.com\/branding\/wp-json\/wp\/v2\/users\/3"}],"replies":[{"embeddable":true,"href":"https:\/\/nelsonrazo.com\/branding\/wp-json\/wp\/v2\/comments?post=799"}],"version-history":[{"count":1,"href":"https:\/\/nelsonrazo.com\/branding\/wp-json\/wp\/v2\/posts\/799\/revisions"}],"predecessor-version":[{"id":1473,"href":"https:\/\/nelsonrazo.com\/branding\/wp-json\/wp\/v2\/posts\/799\/revisions\/1473"}],"wp:featuredmedia":[{"embeddable":true,"href":"https:\/\/nelsonrazo.com\/branding\/wp-json\/wp\/v2\/media\/1470"}],"wp:attachment":[{"href":"https:\/\/nelsonrazo.com\/branding\/wp-json\/wp\/v2\/media?parent=799"}],"wp:term":[{"taxonomy":"category","embeddable":true,"href":"https:\/\/nelsonrazo.com\/branding\/wp-json\/wp\/v2\/categories?post=799"},{"taxonomy":"post_tag","embeddable":true,"href":"https:\/\/nelsonrazo.com\/branding\/wp-json\/wp\/v2\/tags?post=799"}],"curies":[{"name":"wp","href":"https:\/\/api.w.org\/{rel}","templated":true}]}}