{"id":757,"date":"2016-08-29T09:45:25","date_gmt":"2016-08-29T17:45:25","guid":{"rendered":"http:\/\/nelsonrazo.com\/?p=757"},"modified":"2016-08-29T09:45:25","modified_gmt":"2016-08-29T17:45:25","slug":"la-marca-personal-enganosa","status":"publish","type":"post","link":"https:\/\/nelsonrazo.com\/branding\/2016\/08\/29\/la-marca-personal-enganosa\/","title":{"rendered":"La marca personal enga\u00f1osa"},"content":{"rendered":"<p>Seguro que en tu vida profesional y personal te has encontrado con personas que te transmitieron una marca personal espec\u00edfica (de liderazgo, conocimiento, profesionalismo, experto, etc.), pero tarde o temprano te diste cuenta de que no cumpl\u00eda en realidad con lo que te hizo pensar.<\/p>\n<p>Precisamente el punto #1 de <a href=\"http:\/\/nelsonrazo.com\/blog\/2016\/03\/23\/construir-tu-marca-personal\/\">Los 5 puntos<\/a> para construir tu marca personal, conocerte a t\u00ed mism@, es el que esas personas no tomaron en cuenta. O no quisieron tomar en cuenta. O su equipo no quiso tomar en cuenta.<\/p>\n<p>Y para muestra, un presidente.<\/p>\n<h3>El presidente olvidable<\/h3>\n<p><a href=\"http:\/\/nelsonrazo.com\/wp-content\/uploads\/2016\/08\/wharding.jpg\"><img loading=\"lazy\" decoding=\"async\" class=\"alignright size-medium wp-image-760\" src=\"http:\/\/nelsonrazo.com\/wp-content\/uploads\/2016\/08\/wharding-235x300.jpg\" alt=\"Warren G Harding\" width=\"235\" height=\"300\" \/><\/a>Un d\u00eda, por all\u00e1 en 1920, se le ocurri\u00f3 a un pol\u00edtico republicano que la opci\u00f3n perfecta para ser el siguiente presidente de Estados Unidos era un tipo atractivo, con una presencia destacable naturalmente, carism\u00e1tico, con una voz y un aura de liderazgo que captivaba a la gente.<\/p>\n<p>Sin embargo, y a pesar de haber sido ya senador, nunca hab\u00eda sido conocido como un buen pol\u00edtico. Se le conoc\u00eda m\u00e1s por ser muy social, gustarle el p\u00f3ker, y las mujeres.<\/p>\n<p>Pero esto no detuvo el plan de convertirlo en presidente. Fue presentado a su equipo y a su partido y, efectivamente, los convenci\u00f3. Para ellos ser\u00eda sin duda el presidente #29.<\/p>\n<p>Y lo fue. Warren G,. Harding tambi\u00e9n convenci\u00f3 al electorado y lo eligieron mandatario de su naci\u00f3n. Pero \u00bfhoy qui\u00e9n se acuerda de \u00e9l a pesar de haber sido en su tiempo muy popular?<\/p>\n<p>Quienes lo recuerdan, es muy probable que solo recuerden los esc\u00e1ndalos que se generaron durante su mandato por su pobre selecci\u00f3n de servidores p\u00fablicos, oficiales corruptos y acusaciones de adulterio. Y que muri\u00f3 siendo aun presidente, de hemorragia cerebral.<\/p>\n<p>Hoy, <a href=\"http:\/\/content.time.com\/time\/specials\/packages\/article\/0,28804,1879648_1879646_1879696,00.html\">Warren G. Hardinng<\/a> es considerado uno de los peores presidentes en la historia de su pa\u00eds.<\/p>\n<h3>Conclusiones sin pensar<\/h3>\n<p>\u00bfQu\u00e9 nos lleva a votar por un mal pol\u00edtico pero con mucho carisma? En su libro, <a href=\"https:\/\/www.amazon.com\/Blink-Power-Thinking-Without\/dp\/0316010669\/ref=sr_1_1?ie=UTF8&amp;qid=1472492553&amp;sr=8-1&amp;keywords=blink\">Blink<\/a>, Malcolm Gladwell lo resume como nuestro instinto primitivo de relacionar a \u201ctipos altos y guapos\u201d con la capacidad de liderazgo.<\/p>\n<p>A\u00f1\u00e1danle a eso carisma y una voz convincente, y tendr\u00e1n a un f\u00e1cilmente dise\u00f1ado l\u00edder. Al menos superficialmente.<\/p>\n<p>\u00bfPor qu\u00e9 seguimos cayendo en la trampa?<\/p>\n<p>Estas situaciones siempre han pasado porque por mucho tiempo funcionaron. Espec\u00edficamente les funcionaron a nuestros ancestros.<\/p>\n<p>En un ambiente paleol\u00edtico, obviamente un tipo alto y guapo tendr\u00eda m\u00e1s capacidad de sobrevivir y ayudar a sobrevivir a otros. Por eso, en un solo vistazo, se consideraban m\u00e1s l\u00edderes simplemente por sus caracter\u00edsticas f\u00edsicas. No ten\u00edan nuestros ancestros tiempo para evaluar mucho m\u00e1s.<\/p>\n<p>Y esa tendencia <a href=\"http:\/\/nelsonrazo.com\/raptorblog\/2012\/01\/29\/las-tecnicas-mercadologicas-politicas\/\">sigue enraizada en nuestros genes<\/a> hasta hoy.<\/p>\n<p>Pero, en los tiempos modernos, ese es un instinto que puede y es mal utilizado porque ya no vivimos en el ambiente en el que \u00e9ste fue funcional.<\/p>\n<p>En pocas palabras, hoy m\u00e1s que nunca es un arma de doble filo. Y el peor enemigo de la marca personal.<\/p>\n<p>\u00bfPor qu\u00e9?<\/p>\n<ol>\n<li><strong> Porque demerita toda la profesi\u00f3n.<\/strong> Cuando se descubre que un l\u00edder de alg\u00fan ramo no era m\u00e1s que fachada, y despu\u00e9s de meter en problemas a su empresa, instituci\u00f3n y as\u00ed mismo, no solo \u00e9l mismo pierde credibilidad, sino toda su profesi\u00f3n. Por ejemplo, \u00bf<a href=\"http:\/\/nelsonrazo.com\/raptorblog\/2011\/06\/13\/la-psicologia-de-los-politicos\/\">Qu\u00e9 piensa de los pol\u00edticos<\/a> la gente en general? \u00bfO de los abogados?<\/li>\n<\/ol>\n<ol start=\"2\">\n<li><strong> Porque demerita las t\u00e9cnicas del branding personal<\/strong>. As\u00ed como demerita la imagen de la persona y su profesi\u00f3n, utilizar las bases del branding personal para enga\u00f1ar al mercado o audiencia, fomenta la idea de que un buen marketing no es m\u00e1s que mentiras para vender y afecta a quienes s\u00ed est\u00e1n haciendo correcto (y moral) uso de sus t\u00e9cnicas.<\/li>\n<\/ol>\n<ol start=\"3\">\n<li><strong> Porque enga\u00f1a al mercado\/audiencia\/comunidad. <\/strong>Obviamente, tu audiencia o mercado no se sentir\u00e1 c\u00f3moda al saber que el aura de liderazgo y profesionalismo fue solo una cortina de humo para una persona poco profesional y hasta deplorable. Y ya sabes que una decepci\u00f3n promueve muchas m\u00e1s quejas que lo que un acierto promueve buenas recomendaciones.<\/li>\n<\/ol>\n<h3>Tu marca personal: lo que eres en realidad<\/h3>\n<p>As\u00ed que, antes de aprovechar las herramientas y ventajas de un buen proceso de branding personal y marketing, cumple con el primer punto: conocerte a ti mismo, lo m\u00e1s racionalmente posible.<\/p>\n<p>Ofrece a tu audiencia lo mejor de lo que eres. Tus verdaderas fortalezas y capacidades. Y <a href=\"http:\/\/nelsonrazo.com\/blog\/2016\/03\/14\/10-puntos-para-ser-un-mejor-lider\/\">trabaja en tus debilidades<\/a>, no trates de esconderlas bajo un manto de lo contrario.<\/p>\n<p>Porque la verdad, hoy (en la era de las redes sociales y la comunicaci\u00f3n instant\u00e1nea al alcance de todos) la verdad sale a la luz m\u00e1s temprano que tarde.<\/p>\n","protected":false},"excerpt":{"rendered":"<p>El dise\u00f1o de una marca personal puede enga\u00f1ar a tu audiencia. Conoce las razones por las que debes evitarlo. No te pase lo que a Warren Harding.<\/p>\n","protected":false},"author":3,"featured_media":758,"comment_status":"open","ping_status":"open","sticky":false,"template":"","format":"standard","meta":{"_themeisle_gutenberg_block_has_review":false,"_jetpack_memberships_contains_paid_content":false,"footnotes":""},"categories":[4],"tags":[54,119,120,187,212,216,269,283,292,354],"class_list":["post-757","post","type-post","status-publish","format-standard","has-post-thumbnail","hentry","category-branding-personal","tag-branding-persona","tag-engano","tag-enganosa","tag-liderazgo","tag-marca-personal","tag-marketing","tag-politica","tag-profesion","tag-puntos","tag-warren-harding"],"yoast_head":"<!-- This site is optimized with the Yoast SEO plugin v27.4 - https:\/\/yoast.com\/product\/yoast-seo-wordpress\/ -->\n<title>La marca personal enga\u00f1osa - Nelson Razo | Branding Expert<\/title>\n<meta name=\"description\" content=\"El dise\u00f1o de una marca personal puede enga\u00f1ar a tu audiencia. Conoce las razones por las que debes evitarlo. No te pase lo que a Warren Harding.\" \/>\n<meta name=\"robots\" content=\"index, follow, max-snippet:-1, max-image-preview:large, max-video-preview:-1\" \/>\n<link rel=\"canonical\" href=\"https:\/\/nelsonrazo.com\/branding\/2016\/08\/29\/la-marca-personal-enganosa\/\" \/>\n<meta property=\"og:locale\" content=\"es_ES\" \/>\n<meta property=\"og:type\" content=\"article\" \/>\n<meta property=\"og:title\" content=\"La marca personal enga\u00f1osa - Nelson Razo | Branding Expert\" \/>\n<meta property=\"og:description\" content=\"El dise\u00f1o de una marca personal puede enga\u00f1ar a tu audiencia. Conoce las razones por las que debes evitarlo. No te pase lo que a Warren Harding.\" \/>\n<meta property=\"og:url\" content=\"https:\/\/nelsonrazo.com\/branding\/2016\/08\/29\/la-marca-personal-enganosa\/\" \/>\n<meta property=\"og:site_name\" content=\"Nelson Razo | Branding Expert\" \/>\n<meta property=\"article:published_time\" content=\"2016-08-29T17:45:25+00:00\" \/>\n<meta name=\"author\" content=\"branding\" \/>\n<meta name=\"twitter:card\" content=\"summary_large_image\" \/>\n<meta name=\"twitter:label1\" content=\"Escrito por\" \/>\n\t<meta name=\"twitter:data1\" content=\"branding\" \/>\n\t<meta name=\"twitter:label2\" content=\"Tiempo de lectura\" \/>\n\t<meta name=\"twitter:data2\" content=\"4 minutos\" \/>\n<script type=\"application\/ld+json\" class=\"yoast-schema-graph\">{\"@context\":\"https:\\\/\\\/schema.org\",\"@graph\":[{\"@type\":\"Article\",\"@id\":\"https:\\\/\\\/nelsonrazo.com\\\/branding\\\/2016\\\/08\\\/29\\\/la-marca-personal-enganosa\\\/#article\",\"isPartOf\":{\"@id\":\"https:\\\/\\\/nelsonrazo.com\\\/branding\\\/2016\\\/08\\\/29\\\/la-marca-personal-enganosa\\\/\"},\"author\":{\"name\":\"branding\",\"@id\":\"https:\\\/\\\/nelsonrazo.com\\\/branding\\\/#\\\/schema\\\/person\\\/ceb6f312abbbc713f92923cc55955221\"},\"headline\":\"La marca personal enga\u00f1osa\",\"datePublished\":\"2016-08-29T17:45:25+00:00\",\"mainEntityOfPage\":{\"@id\":\"https:\\\/\\\/nelsonrazo.com\\\/branding\\\/2016\\\/08\\\/29\\\/la-marca-personal-enganosa\\\/\"},\"wordCount\":810,\"commentCount\":1,\"publisher\":{\"@id\":\"https:\\\/\\\/nelsonrazo.com\\\/branding\\\/#\\\/schema\\\/person\\\/ceb6f312abbbc713f92923cc55955221\"},\"image\":{\"@id\":\"https:\\\/\\\/nelsonrazo.com\\\/branding\\\/2016\\\/08\\\/29\\\/la-marca-personal-enganosa\\\/#primaryimage\"},\"thumbnailUrl\":\"\",\"keywords\":[\"branding persona\",\"enga\u00f1o\",\"enga\u00f1osa\",\"liderazgo\",\"marca personal\",\"marketing\",\"politica\",\"profesion\",\"puntos\",\"warren harding\"],\"articleSection\":[\"Branding Personal\"],\"inLanguage\":\"es\",\"potentialAction\":[{\"@type\":\"CommentAction\",\"name\":\"Comment\",\"target\":[\"https:\\\/\\\/nelsonrazo.com\\\/branding\\\/2016\\\/08\\\/29\\\/la-marca-personal-enganosa\\\/#respond\"]}]},{\"@type\":\"WebPage\",\"@id\":\"https:\\\/\\\/nelsonrazo.com\\\/branding\\\/2016\\\/08\\\/29\\\/la-marca-personal-enganosa\\\/\",\"url\":\"https:\\\/\\\/nelsonrazo.com\\\/branding\\\/2016\\\/08\\\/29\\\/la-marca-personal-enganosa\\\/\",\"name\":\"La marca personal enga\u00f1osa - Nelson Razo | Branding Expert\",\"isPartOf\":{\"@id\":\"https:\\\/\\\/nelsonrazo.com\\\/branding\\\/#website\"},\"primaryImageOfPage\":{\"@id\":\"https:\\\/\\\/nelsonrazo.com\\\/branding\\\/2016\\\/08\\\/29\\\/la-marca-personal-enganosa\\\/#primaryimage\"},\"image\":{\"@id\":\"https:\\\/\\\/nelsonrazo.com\\\/branding\\\/2016\\\/08\\\/29\\\/la-marca-personal-enganosa\\\/#primaryimage\"},\"thumbnailUrl\":\"\",\"datePublished\":\"2016-08-29T17:45:25+00:00\",\"description\":\"El dise\u00f1o de una marca personal puede enga\u00f1ar a tu audiencia. Conoce las razones por las que debes evitarlo. No te pase lo que a Warren Harding.\",\"breadcrumb\":{\"@id\":\"https:\\\/\\\/nelsonrazo.com\\\/branding\\\/2016\\\/08\\\/29\\\/la-marca-personal-enganosa\\\/#breadcrumb\"},\"inLanguage\":\"es\",\"potentialAction\":[{\"@type\":\"ReadAction\",\"target\":[\"https:\\\/\\\/nelsonrazo.com\\\/branding\\\/2016\\\/08\\\/29\\\/la-marca-personal-enganosa\\\/\"]}]},{\"@type\":\"ImageObject\",\"inLanguage\":\"es\",\"@id\":\"https:\\\/\\\/nelsonrazo.com\\\/branding\\\/2016\\\/08\\\/29\\\/la-marca-personal-enganosa\\\/#primaryimage\",\"url\":\"\",\"contentUrl\":\"\"},{\"@type\":\"BreadcrumbList\",\"@id\":\"https:\\\/\\\/nelsonrazo.com\\\/branding\\\/2016\\\/08\\\/29\\\/la-marca-personal-enganosa\\\/#breadcrumb\",\"itemListElement\":[{\"@type\":\"ListItem\",\"position\":1,\"name\":\"Portada\",\"item\":\"https:\\\/\\\/nelsonrazo.com\\\/branding\\\/\"},{\"@type\":\"ListItem\",\"position\":2,\"name\":\"La marca personal enga\u00f1osa\"}]},{\"@type\":\"WebSite\",\"@id\":\"https:\\\/\\\/nelsonrazo.com\\\/branding\\\/#website\",\"url\":\"https:\\\/\\\/nelsonrazo.com\\\/branding\\\/\",\"name\":\"Nelson Razo | Branding Expert\",\"description\":\"Experto en Branding y Marketing Digital\",\"publisher\":{\"@id\":\"https:\\\/\\\/nelsonrazo.com\\\/branding\\\/#\\\/schema\\\/person\\\/ceb6f312abbbc713f92923cc55955221\"},\"alternateName\":\"Nelson Razo | Experto en Branding\",\"potentialAction\":[{\"@type\":\"SearchAction\",\"target\":{\"@type\":\"EntryPoint\",\"urlTemplate\":\"https:\\\/\\\/nelsonrazo.com\\\/branding\\\/?s={search_term_string}\"},\"query-input\":{\"@type\":\"PropertyValueSpecification\",\"valueRequired\":true,\"valueName\":\"search_term_string\"}}],\"inLanguage\":\"es\"},{\"@type\":[\"Person\",\"Organization\"],\"@id\":\"https:\\\/\\\/nelsonrazo.com\\\/branding\\\/#\\\/schema\\\/person\\\/ceb6f312abbbc713f92923cc55955221\",\"name\":\"branding\",\"image\":{\"@type\":\"ImageObject\",\"inLanguage\":\"es\",\"@id\":\"https:\\\/\\\/nelsonrazo.com\\\/branding\\\/wp-content\\\/uploads\\\/sites\\\/3\\\/2024\\\/01\\\/nelsonrazo_branding.png\",\"url\":\"https:\\\/\\\/nelsonrazo.com\\\/branding\\\/wp-content\\\/uploads\\\/sites\\\/3\\\/2024\\\/01\\\/nelsonrazo_branding.png\",\"contentUrl\":\"https:\\\/\\\/nelsonrazo.com\\\/branding\\\/wp-content\\\/uploads\\\/sites\\\/3\\\/2024\\\/01\\\/nelsonrazo_branding.png\",\"width\":400,\"height\":97,\"caption\":\"branding\"},\"logo\":{\"@id\":\"https:\\\/\\\/nelsonrazo.com\\\/branding\\\/wp-content\\\/uploads\\\/sites\\\/3\\\/2024\\\/01\\\/nelsonrazo_branding.png\"},\"url\":\"https:\\\/\\\/nelsonrazo.com\\\/branding\\\/author\\\/branding\\\/\"}]}<\/script>\n<!-- \/ Yoast SEO plugin. -->","yoast_head_json":{"title":"La marca personal enga\u00f1osa - Nelson Razo | Branding Expert","description":"El dise\u00f1o de una marca personal puede enga\u00f1ar a tu audiencia. Conoce las razones por las que debes evitarlo. No te pase lo que a Warren Harding.","robots":{"index":"index","follow":"follow","max-snippet":"max-snippet:-1","max-image-preview":"max-image-preview:large","max-video-preview":"max-video-preview:-1"},"canonical":"https:\/\/nelsonrazo.com\/branding\/2016\/08\/29\/la-marca-personal-enganosa\/","og_locale":"es_ES","og_type":"article","og_title":"La marca personal enga\u00f1osa - Nelson Razo | Branding Expert","og_description":"El dise\u00f1o de una marca personal puede enga\u00f1ar a tu audiencia. Conoce las razones por las que debes evitarlo. No te pase lo que a Warren Harding.","og_url":"https:\/\/nelsonrazo.com\/branding\/2016\/08\/29\/la-marca-personal-enganosa\/","og_site_name":"Nelson Razo | Branding Expert","article_published_time":"2016-08-29T17:45:25+00:00","author":"branding","twitter_card":"summary_large_image","twitter_misc":{"Escrito por":"branding","Tiempo de lectura":"4 minutos"},"schema":{"@context":"https:\/\/schema.org","@graph":[{"@type":"Article","@id":"https:\/\/nelsonrazo.com\/branding\/2016\/08\/29\/la-marca-personal-enganosa\/#article","isPartOf":{"@id":"https:\/\/nelsonrazo.com\/branding\/2016\/08\/29\/la-marca-personal-enganosa\/"},"author":{"name":"branding","@id":"https:\/\/nelsonrazo.com\/branding\/#\/schema\/person\/ceb6f312abbbc713f92923cc55955221"},"headline":"La marca personal enga\u00f1osa","datePublished":"2016-08-29T17:45:25+00:00","mainEntityOfPage":{"@id":"https:\/\/nelsonrazo.com\/branding\/2016\/08\/29\/la-marca-personal-enganosa\/"},"wordCount":810,"commentCount":1,"publisher":{"@id":"https:\/\/nelsonrazo.com\/branding\/#\/schema\/person\/ceb6f312abbbc713f92923cc55955221"},"image":{"@id":"https:\/\/nelsonrazo.com\/branding\/2016\/08\/29\/la-marca-personal-enganosa\/#primaryimage"},"thumbnailUrl":"","keywords":["branding persona","enga\u00f1o","enga\u00f1osa","liderazgo","marca personal","marketing","politica","profesion","puntos","warren harding"],"articleSection":["Branding Personal"],"inLanguage":"es","potentialAction":[{"@type":"CommentAction","name":"Comment","target":["https:\/\/nelsonrazo.com\/branding\/2016\/08\/29\/la-marca-personal-enganosa\/#respond"]}]},{"@type":"WebPage","@id":"https:\/\/nelsonrazo.com\/branding\/2016\/08\/29\/la-marca-personal-enganosa\/","url":"https:\/\/nelsonrazo.com\/branding\/2016\/08\/29\/la-marca-personal-enganosa\/","name":"La marca personal enga\u00f1osa - Nelson Razo | Branding Expert","isPartOf":{"@id":"https:\/\/nelsonrazo.com\/branding\/#website"},"primaryImageOfPage":{"@id":"https:\/\/nelsonrazo.com\/branding\/2016\/08\/29\/la-marca-personal-enganosa\/#primaryimage"},"image":{"@id":"https:\/\/nelsonrazo.com\/branding\/2016\/08\/29\/la-marca-personal-enganosa\/#primaryimage"},"thumbnailUrl":"","datePublished":"2016-08-29T17:45:25+00:00","description":"El dise\u00f1o de una marca personal puede enga\u00f1ar a tu audiencia. Conoce las razones por las que debes evitarlo. No te pase lo que a Warren Harding.","breadcrumb":{"@id":"https:\/\/nelsonrazo.com\/branding\/2016\/08\/29\/la-marca-personal-enganosa\/#breadcrumb"},"inLanguage":"es","potentialAction":[{"@type":"ReadAction","target":["https:\/\/nelsonrazo.com\/branding\/2016\/08\/29\/la-marca-personal-enganosa\/"]}]},{"@type":"ImageObject","inLanguage":"es","@id":"https:\/\/nelsonrazo.com\/branding\/2016\/08\/29\/la-marca-personal-enganosa\/#primaryimage","url":"","contentUrl":""},{"@type":"BreadcrumbList","@id":"https:\/\/nelsonrazo.com\/branding\/2016\/08\/29\/la-marca-personal-enganosa\/#breadcrumb","itemListElement":[{"@type":"ListItem","position":1,"name":"Portada","item":"https:\/\/nelsonrazo.com\/branding\/"},{"@type":"ListItem","position":2,"name":"La marca personal enga\u00f1osa"}]},{"@type":"WebSite","@id":"https:\/\/nelsonrazo.com\/branding\/#website","url":"https:\/\/nelsonrazo.com\/branding\/","name":"Nelson Razo | Branding Expert","description":"Experto en Branding y Marketing Digital","publisher":{"@id":"https:\/\/nelsonrazo.com\/branding\/#\/schema\/person\/ceb6f312abbbc713f92923cc55955221"},"alternateName":"Nelson Razo | Experto en Branding","potentialAction":[{"@type":"SearchAction","target":{"@type":"EntryPoint","urlTemplate":"https:\/\/nelsonrazo.com\/branding\/?s={search_term_string}"},"query-input":{"@type":"PropertyValueSpecification","valueRequired":true,"valueName":"search_term_string"}}],"inLanguage":"es"},{"@type":["Person","Organization"],"@id":"https:\/\/nelsonrazo.com\/branding\/#\/schema\/person\/ceb6f312abbbc713f92923cc55955221","name":"branding","image":{"@type":"ImageObject","inLanguage":"es","@id":"https:\/\/nelsonrazo.com\/branding\/wp-content\/uploads\/sites\/3\/2024\/01\/nelsonrazo_branding.png","url":"https:\/\/nelsonrazo.com\/branding\/wp-content\/uploads\/sites\/3\/2024\/01\/nelsonrazo_branding.png","contentUrl":"https:\/\/nelsonrazo.com\/branding\/wp-content\/uploads\/sites\/3\/2024\/01\/nelsonrazo_branding.png","width":400,"height":97,"caption":"branding"},"logo":{"@id":"https:\/\/nelsonrazo.com\/branding\/wp-content\/uploads\/sites\/3\/2024\/01\/nelsonrazo_branding.png"},"url":"https:\/\/nelsonrazo.com\/branding\/author\/branding\/"}]}},"jetpack_featured_media_url":"","jetpack_shortlink":"https:\/\/wp.me\/pfweVl-cd","jetpack_sharing_enabled":true,"_links":{"self":[{"href":"https:\/\/nelsonrazo.com\/branding\/wp-json\/wp\/v2\/posts\/757","targetHints":{"allow":["GET"]}}],"collection":[{"href":"https:\/\/nelsonrazo.com\/branding\/wp-json\/wp\/v2\/posts"}],"about":[{"href":"https:\/\/nelsonrazo.com\/branding\/wp-json\/wp\/v2\/types\/post"}],"author":[{"embeddable":true,"href":"https:\/\/nelsonrazo.com\/branding\/wp-json\/wp\/v2\/users\/3"}],"replies":[{"embeddable":true,"href":"https:\/\/nelsonrazo.com\/branding\/wp-json\/wp\/v2\/comments?post=757"}],"version-history":[{"count":0,"href":"https:\/\/nelsonrazo.com\/branding\/wp-json\/wp\/v2\/posts\/757\/revisions"}],"wp:featuredmedia":[{"embeddable":true,"href":"https:\/\/nelsonrazo.com\/branding\/wp-json\/"}],"wp:attachment":[{"href":"https:\/\/nelsonrazo.com\/branding\/wp-json\/wp\/v2\/media?parent=757"}],"wp:term":[{"taxonomy":"category","embeddable":true,"href":"https:\/\/nelsonrazo.com\/branding\/wp-json\/wp\/v2\/categories?post=757"},{"taxonomy":"post_tag","embeddable":true,"href":"https:\/\/nelsonrazo.com\/branding\/wp-json\/wp\/v2\/tags?post=757"}],"curies":[{"name":"wp","href":"https:\/\/api.w.org\/{rel}","templated":true}]}}