{"id":746,"date":"2016-08-19T10:51:22","date_gmt":"2016-08-19T18:51:22","guid":{"rendered":"http:\/\/nelsonrazo.com\/?p=746"},"modified":"2016-08-19T10:51:22","modified_gmt":"2016-08-19T18:51:22","slug":"tu-personalidad-y-tu-empleo","status":"publish","type":"post","link":"https:\/\/nelsonrazo.com\/branding\/2016\/08\/19\/tu-personalidad-y-tu-empleo\/","title":{"rendered":"Tu personalidad y tu empleo"},"content":{"rendered":"<blockquote><p>\u00abElige un empleo que ames, y no tendr\u00e1s que trabajar ni un d\u00eda de tu vida.\u00bb<br \/>\n-Confusio<\/p><\/blockquote>\n<p>El trabajo al que te dediques, idealmente, no debe ser simplemente una actividad que llevas a cabo por necesidad econ\u00f3mica.<\/p>\n<p>Aunque esta lamentablemente es la concepci\u00f3n que tienen de y la manera en que demasiadas personas ven su empleo independientemente del tama\u00f1o de su remuneraci\u00f3n.<\/p>\n<p>Pero la realidad es que la falta de una formaci\u00f3n acad\u00e9mica no es necesariamente impedimento para que el empleo del cual vivas sea una actividad que disfrutes. Porque hay que recordar que disfrutar tu trabajo es uno de los mayores beneficios para una buena salud mental y emocional, asi como para una mejor relaci\u00f3n familiar.<\/p>\n<p>As\u00ed que, ya sea que est\u00e9s redefiniendo a lo que te dedicar\u00e1s o de hecho apenas est\u00e1s iniciando a concebir el espectro profesional en el que te pudieras desempe\u00f1ar, el siguiente infogr\u00e1fico te puede ser de gran ayuda.<\/p>\n<p><img loading=\"lazy\" decoding=\"async\" class=\"aligncenter wp-image-748 size-full\" src=\"http:\/\/nelsonrazo.com\/wp-content\/uploads\/2016\/08\/personalidades_empleos_e.jpg\" alt=\"Los mejores empleos para cada tipo de personalidad\" width=\"1200\" height=\"1541\" \/><\/p>\n<h3>Los 16 Tipos de Personalidad<\/h3>\n<p>Basado en el Indicador de <a href=\"http:\/\/nelsonrazo.com\/raptorblog\/2011\/01\/11\/los-16-tipos-de-personalidad\/\">Tipo la Personalidad de Myers-Briggs<\/a> (MBTI), el cual a su vez se basa en la teor\u00eda de la tipolog\u00eda del pionero psic\u00f3logo Carl Jung, este diagrama es utilizado por innumerables reclutadores y entrenadores de personal alrededor del mundo para ayudarles a definir las capacidades de cada tipo de persona y as\u00ed tomar decisiones en cuanto a su campo de acci\u00f3n en el cual son m\u00e1s afectivas.<\/p>\n<p>La versi\u00f3n de la cual se extraen las designaciones de cada tipo de personalidad, y la informaci\u00f3n adicional de los 4 grandes tipos proviene del libro <a href=\"http:\/\/www.keirsey.com\/pum_2.aspx\">Please Understand Me II<\/a> de David Keirsey.<\/p>\n<p>Es importante dejar claro que no porque el tipo de personalidad de alguien sea uno espec\u00edfico quiera decir que no puede dedicarse a otra actividad. Los empleos en cada tipo solamente especifican que ese tipo de personalidad sacar\u00e1 m\u00e1s ventaja de sus carateristicas t\u00edpicas si se dedica a esos empleos.<\/p>\n<p>Adem\u00e1s, una persona no siempre pertenece a un tipo de personalidad espec\u00edfico solamente. Existen mezclas y porcentajes que pueden hacer a algunas personas solamente tendientes a una u otra personalidad, en ciertos grados.<\/p>\n<h3>Toma el test de personalidad<\/h3>\n<p>\u00bfQuieres sabes m\u00e1s de a cu\u00e1l tipo de personalidad perteneces? Puedes tomar alguno o ambos de estos tests:<\/p>\n<ul>\n<li><a href=\"http:\/\/www.humanmetrics.com\/cgi-win\/jtypes2.asp\">Jung Typology Test<\/a> de\u00a0Human Metrics.<\/li>\n<li><a href=\"http:\/\/www.keirsey.com\/sorter\/register.aspx\">Keirsey Temperament Sorter<\/a>.<\/li>\n<\/ul>\n<p>Un tip: s\u00e9 lo m\u00e1s honesto contigo mism@ posible. La efectividad del test depende de que te auto-conozcas muy bien. Si, adicionalmente, alguien que te conozca muy bien puede contestarlo por t\u00ed, mejor.<\/p>\n<p>Para <a href=\"http:\/\/nelsonrazo.com\/raptorblog\/2016\/08\/24\/conociendo-tu-personalidad\/\">conocer m\u00e1s sobre el tema<\/a>, puedes visitar <a href=\"http:\/\/nelsonrazo.com\/raptorblog\/\">El Raptor Blog<\/a>, donde peri\u00f3dicamente publico sobre <a href=\"http:\/\/nelsonrazo.com\/raptorblog\/2010\/06\/29\/la-personalidad\/\">aspectos psicol\u00f3gicos<\/a> de nuestra interacci\u00f3n con los dem\u00e1s y el mundo.<\/p>\n","protected":false},"excerpt":{"rendered":"<p>Ya sea que est\u00e9s redefiniendo a lo que te dedicar\u00e1s o apenas est\u00e9s iniciando a concebir el espectro profesional en el que te pudieras desempe\u00f1ar, el siguiente infogr\u00e1fico te puede ser de gran ayuda.<\/p>\n","protected":false},"author":3,"featured_media":747,"comment_status":"open","ping_status":"open","sticky":false,"template":"","format":"standard","meta":{"_themeisle_gutenberg_block_has_review":false,"_jetpack_memberships_contains_paid_content":false,"footnotes":""},"categories":[4],"tags":[112,178,221,262,333,337],"class_list":["post-746","post","type-post","status-publish","format-standard","has-post-thumbnail","hentry","category-branding-personal","tag-empleo","tag-keirsey","tag-mbti","tag-personalidad","tag-teoria-de-la-personalidad","tag-trabajo"],"yoast_head":"<!-- This site is optimized with the Yoast SEO plugin v27.5 - https:\/\/yoast.com\/product\/yoast-seo-wordpress\/ -->\n<title>Tu personalidad y tu empleo - Nelson Razo | Branding Expert<\/title>\n<meta name=\"description\" content=\"El trabajo al que te dediques no debe ser simplemente una actividad que llevas a cabo por necesidad econ\u00f3mica. Disfrutarlo depende de tu personalidad.\" \/>\n<meta name=\"robots\" content=\"index, follow, max-snippet:-1, max-image-preview:large, max-video-preview:-1\" \/>\n<link rel=\"canonical\" href=\"https:\/\/nelsonrazo.com\/branding\/2016\/08\/19\/tu-personalidad-y-tu-empleo\/\" \/>\n<meta property=\"og:locale\" content=\"es_ES\" \/>\n<meta property=\"og:type\" content=\"article\" \/>\n<meta property=\"og:title\" content=\"Tu personalidad y tu empleo - Nelson Razo | Branding Expert\" \/>\n<meta property=\"og:description\" content=\"El trabajo al que te dediques no debe ser simplemente una actividad que llevas a cabo por necesidad econ\u00f3mica. Disfrutarlo depende de tu personalidad.\" \/>\n<meta property=\"og:url\" content=\"https:\/\/nelsonrazo.com\/branding\/2016\/08\/19\/tu-personalidad-y-tu-empleo\/\" \/>\n<meta property=\"og:site_name\" content=\"Nelson Razo | Branding Expert\" \/>\n<meta property=\"article:published_time\" content=\"2016-08-19T18:51:22+00:00\" \/>\n<meta name=\"author\" content=\"branding\" \/>\n<meta name=\"twitter:card\" content=\"summary_large_image\" \/>\n<meta name=\"twitter:label1\" content=\"Escrito por\" \/>\n\t<meta name=\"twitter:data1\" content=\"branding\" \/>\n\t<meta name=\"twitter:label2\" content=\"Tiempo de lectura\" \/>\n\t<meta name=\"twitter:data2\" content=\"2 minutos\" \/>\n<script type=\"application\/ld+json\" class=\"yoast-schema-graph\">{\"@context\":\"https:\\\/\\\/schema.org\",\"@graph\":[{\"@type\":\"Article\",\"@id\":\"https:\\\/\\\/nelsonrazo.com\\\/branding\\\/2016\\\/08\\\/19\\\/tu-personalidad-y-tu-empleo\\\/#article\",\"isPartOf\":{\"@id\":\"https:\\\/\\\/nelsonrazo.com\\\/branding\\\/2016\\\/08\\\/19\\\/tu-personalidad-y-tu-empleo\\\/\"},\"author\":{\"name\":\"branding\",\"@id\":\"https:\\\/\\\/nelsonrazo.com\\\/branding\\\/#\\\/schema\\\/person\\\/ceb6f312abbbc713f92923cc55955221\"},\"headline\":\"Tu personalidad y tu empleo\",\"datePublished\":\"2016-08-19T18:51:22+00:00\",\"mainEntityOfPage\":{\"@id\":\"https:\\\/\\\/nelsonrazo.com\\\/branding\\\/2016\\\/08\\\/19\\\/tu-personalidad-y-tu-empleo\\\/\"},\"wordCount\":475,\"commentCount\":3,\"publisher\":{\"@id\":\"https:\\\/\\\/nelsonrazo.com\\\/branding\\\/#\\\/schema\\\/person\\\/ceb6f312abbbc713f92923cc55955221\"},\"image\":{\"@id\":\"https:\\\/\\\/nelsonrazo.com\\\/branding\\\/2016\\\/08\\\/19\\\/tu-personalidad-y-tu-empleo\\\/#primaryimage\"},\"thumbnailUrl\":\"\",\"keywords\":[\"empleo\",\"keirsey\",\"mbti\",\"personalidad\",\"teoria de la personalidad\",\"trabajo\"],\"articleSection\":[\"Branding Personal\"],\"inLanguage\":\"es\",\"potentialAction\":[{\"@type\":\"CommentAction\",\"name\":\"Comment\",\"target\":[\"https:\\\/\\\/nelsonrazo.com\\\/branding\\\/2016\\\/08\\\/19\\\/tu-personalidad-y-tu-empleo\\\/#respond\"]}]},{\"@type\":\"WebPage\",\"@id\":\"https:\\\/\\\/nelsonrazo.com\\\/branding\\\/2016\\\/08\\\/19\\\/tu-personalidad-y-tu-empleo\\\/\",\"url\":\"https:\\\/\\\/nelsonrazo.com\\\/branding\\\/2016\\\/08\\\/19\\\/tu-personalidad-y-tu-empleo\\\/\",\"name\":\"Tu personalidad y tu empleo - Nelson Razo | Branding Expert\",\"isPartOf\":{\"@id\":\"https:\\\/\\\/nelsonrazo.com\\\/branding\\\/#website\"},\"primaryImageOfPage\":{\"@id\":\"https:\\\/\\\/nelsonrazo.com\\\/branding\\\/2016\\\/08\\\/19\\\/tu-personalidad-y-tu-empleo\\\/#primaryimage\"},\"image\":{\"@id\":\"https:\\\/\\\/nelsonrazo.com\\\/branding\\\/2016\\\/08\\\/19\\\/tu-personalidad-y-tu-empleo\\\/#primaryimage\"},\"thumbnailUrl\":\"\",\"datePublished\":\"2016-08-19T18:51:22+00:00\",\"description\":\"El trabajo al que te dediques no debe ser simplemente una actividad que llevas a cabo por necesidad econ\u00f3mica. Disfrutarlo depende de tu personalidad.\",\"breadcrumb\":{\"@id\":\"https:\\\/\\\/nelsonrazo.com\\\/branding\\\/2016\\\/08\\\/19\\\/tu-personalidad-y-tu-empleo\\\/#breadcrumb\"},\"inLanguage\":\"es\",\"potentialAction\":[{\"@type\":\"ReadAction\",\"target\":[\"https:\\\/\\\/nelsonrazo.com\\\/branding\\\/2016\\\/08\\\/19\\\/tu-personalidad-y-tu-empleo\\\/\"]}]},{\"@type\":\"ImageObject\",\"inLanguage\":\"es\",\"@id\":\"https:\\\/\\\/nelsonrazo.com\\\/branding\\\/2016\\\/08\\\/19\\\/tu-personalidad-y-tu-empleo\\\/#primaryimage\",\"url\":\"\",\"contentUrl\":\"\"},{\"@type\":\"BreadcrumbList\",\"@id\":\"https:\\\/\\\/nelsonrazo.com\\\/branding\\\/2016\\\/08\\\/19\\\/tu-personalidad-y-tu-empleo\\\/#breadcrumb\",\"itemListElement\":[{\"@type\":\"ListItem\",\"position\":1,\"name\":\"Portada\",\"item\":\"https:\\\/\\\/nelsonrazo.com\\\/branding\\\/\"},{\"@type\":\"ListItem\",\"position\":2,\"name\":\"Tu personalidad y tu empleo\"}]},{\"@type\":\"WebSite\",\"@id\":\"https:\\\/\\\/nelsonrazo.com\\\/branding\\\/#website\",\"url\":\"https:\\\/\\\/nelsonrazo.com\\\/branding\\\/\",\"name\":\"Nelson Razo | Branding Expert\",\"description\":\"Experto en Branding y Marketing Digital\",\"publisher\":{\"@id\":\"https:\\\/\\\/nelsonrazo.com\\\/branding\\\/#\\\/schema\\\/person\\\/ceb6f312abbbc713f92923cc55955221\"},\"alternateName\":\"Nelson Razo | Experto en Branding\",\"potentialAction\":[{\"@type\":\"SearchAction\",\"target\":{\"@type\":\"EntryPoint\",\"urlTemplate\":\"https:\\\/\\\/nelsonrazo.com\\\/branding\\\/?s={search_term_string}\"},\"query-input\":{\"@type\":\"PropertyValueSpecification\",\"valueRequired\":true,\"valueName\":\"search_term_string\"}}],\"inLanguage\":\"es\"},{\"@type\":[\"Person\",\"Organization\"],\"@id\":\"https:\\\/\\\/nelsonrazo.com\\\/branding\\\/#\\\/schema\\\/person\\\/ceb6f312abbbc713f92923cc55955221\",\"name\":\"branding\",\"image\":{\"@type\":\"ImageObject\",\"inLanguage\":\"es\",\"@id\":\"https:\\\/\\\/nelsonrazo.com\\\/branding\\\/wp-content\\\/uploads\\\/sites\\\/3\\\/2024\\\/01\\\/nelsonrazo_branding.png\",\"url\":\"https:\\\/\\\/nelsonrazo.com\\\/branding\\\/wp-content\\\/uploads\\\/sites\\\/3\\\/2024\\\/01\\\/nelsonrazo_branding.png\",\"contentUrl\":\"https:\\\/\\\/nelsonrazo.com\\\/branding\\\/wp-content\\\/uploads\\\/sites\\\/3\\\/2024\\\/01\\\/nelsonrazo_branding.png\",\"width\":400,\"height\":97,\"caption\":\"branding\"},\"logo\":{\"@id\":\"https:\\\/\\\/nelsonrazo.com\\\/branding\\\/wp-content\\\/uploads\\\/sites\\\/3\\\/2024\\\/01\\\/nelsonrazo_branding.png\"},\"url\":\"https:\\\/\\\/nelsonrazo.com\\\/branding\\\/author\\\/branding\\\/\"}]}<\/script>\n<!-- \/ Yoast SEO plugin. -->","yoast_head_json":{"title":"Tu personalidad y tu empleo - Nelson Razo | Branding Expert","description":"El trabajo al que te dediques no debe ser simplemente una actividad que llevas a cabo por necesidad econ\u00f3mica. Disfrutarlo depende de tu personalidad.","robots":{"index":"index","follow":"follow","max-snippet":"max-snippet:-1","max-image-preview":"max-image-preview:large","max-video-preview":"max-video-preview:-1"},"canonical":"https:\/\/nelsonrazo.com\/branding\/2016\/08\/19\/tu-personalidad-y-tu-empleo\/","og_locale":"es_ES","og_type":"article","og_title":"Tu personalidad y tu empleo - Nelson Razo | Branding Expert","og_description":"El trabajo al que te dediques no debe ser simplemente una actividad que llevas a cabo por necesidad econ\u00f3mica. Disfrutarlo depende de tu personalidad.","og_url":"https:\/\/nelsonrazo.com\/branding\/2016\/08\/19\/tu-personalidad-y-tu-empleo\/","og_site_name":"Nelson Razo | Branding Expert","article_published_time":"2016-08-19T18:51:22+00:00","author":"branding","twitter_card":"summary_large_image","twitter_misc":{"Escrito por":"branding","Tiempo de lectura":"2 minutos"},"schema":{"@context":"https:\/\/schema.org","@graph":[{"@type":"Article","@id":"https:\/\/nelsonrazo.com\/branding\/2016\/08\/19\/tu-personalidad-y-tu-empleo\/#article","isPartOf":{"@id":"https:\/\/nelsonrazo.com\/branding\/2016\/08\/19\/tu-personalidad-y-tu-empleo\/"},"author":{"name":"branding","@id":"https:\/\/nelsonrazo.com\/branding\/#\/schema\/person\/ceb6f312abbbc713f92923cc55955221"},"headline":"Tu personalidad y tu empleo","datePublished":"2016-08-19T18:51:22+00:00","mainEntityOfPage":{"@id":"https:\/\/nelsonrazo.com\/branding\/2016\/08\/19\/tu-personalidad-y-tu-empleo\/"},"wordCount":475,"commentCount":3,"publisher":{"@id":"https:\/\/nelsonrazo.com\/branding\/#\/schema\/person\/ceb6f312abbbc713f92923cc55955221"},"image":{"@id":"https:\/\/nelsonrazo.com\/branding\/2016\/08\/19\/tu-personalidad-y-tu-empleo\/#primaryimage"},"thumbnailUrl":"","keywords":["empleo","keirsey","mbti","personalidad","teoria de la personalidad","trabajo"],"articleSection":["Branding Personal"],"inLanguage":"es","potentialAction":[{"@type":"CommentAction","name":"Comment","target":["https:\/\/nelsonrazo.com\/branding\/2016\/08\/19\/tu-personalidad-y-tu-empleo\/#respond"]}]},{"@type":"WebPage","@id":"https:\/\/nelsonrazo.com\/branding\/2016\/08\/19\/tu-personalidad-y-tu-empleo\/","url":"https:\/\/nelsonrazo.com\/branding\/2016\/08\/19\/tu-personalidad-y-tu-empleo\/","name":"Tu personalidad y tu empleo - Nelson Razo | Branding Expert","isPartOf":{"@id":"https:\/\/nelsonrazo.com\/branding\/#website"},"primaryImageOfPage":{"@id":"https:\/\/nelsonrazo.com\/branding\/2016\/08\/19\/tu-personalidad-y-tu-empleo\/#primaryimage"},"image":{"@id":"https:\/\/nelsonrazo.com\/branding\/2016\/08\/19\/tu-personalidad-y-tu-empleo\/#primaryimage"},"thumbnailUrl":"","datePublished":"2016-08-19T18:51:22+00:00","description":"El trabajo al que te dediques no debe ser simplemente una actividad que llevas a cabo por necesidad econ\u00f3mica. Disfrutarlo depende de tu personalidad.","breadcrumb":{"@id":"https:\/\/nelsonrazo.com\/branding\/2016\/08\/19\/tu-personalidad-y-tu-empleo\/#breadcrumb"},"inLanguage":"es","potentialAction":[{"@type":"ReadAction","target":["https:\/\/nelsonrazo.com\/branding\/2016\/08\/19\/tu-personalidad-y-tu-empleo\/"]}]},{"@type":"ImageObject","inLanguage":"es","@id":"https:\/\/nelsonrazo.com\/branding\/2016\/08\/19\/tu-personalidad-y-tu-empleo\/#primaryimage","url":"","contentUrl":""},{"@type":"BreadcrumbList","@id":"https:\/\/nelsonrazo.com\/branding\/2016\/08\/19\/tu-personalidad-y-tu-empleo\/#breadcrumb","itemListElement":[{"@type":"ListItem","position":1,"name":"Portada","item":"https:\/\/nelsonrazo.com\/branding\/"},{"@type":"ListItem","position":2,"name":"Tu personalidad y tu empleo"}]},{"@type":"WebSite","@id":"https:\/\/nelsonrazo.com\/branding\/#website","url":"https:\/\/nelsonrazo.com\/branding\/","name":"Nelson Razo | Branding Expert","description":"Experto en Branding y Marketing Digital","publisher":{"@id":"https:\/\/nelsonrazo.com\/branding\/#\/schema\/person\/ceb6f312abbbc713f92923cc55955221"},"alternateName":"Nelson Razo | Experto en Branding","potentialAction":[{"@type":"SearchAction","target":{"@type":"EntryPoint","urlTemplate":"https:\/\/nelsonrazo.com\/branding\/?s={search_term_string}"},"query-input":{"@type":"PropertyValueSpecification","valueRequired":true,"valueName":"search_term_string"}}],"inLanguage":"es"},{"@type":["Person","Organization"],"@id":"https:\/\/nelsonrazo.com\/branding\/#\/schema\/person\/ceb6f312abbbc713f92923cc55955221","name":"branding","image":{"@type":"ImageObject","inLanguage":"es","@id":"https:\/\/nelsonrazo.com\/branding\/wp-content\/uploads\/sites\/3\/2024\/01\/nelsonrazo_branding.png","url":"https:\/\/nelsonrazo.com\/branding\/wp-content\/uploads\/sites\/3\/2024\/01\/nelsonrazo_branding.png","contentUrl":"https:\/\/nelsonrazo.com\/branding\/wp-content\/uploads\/sites\/3\/2024\/01\/nelsonrazo_branding.png","width":400,"height":97,"caption":"branding"},"logo":{"@id":"https:\/\/nelsonrazo.com\/branding\/wp-content\/uploads\/sites\/3\/2024\/01\/nelsonrazo_branding.png"},"url":"https:\/\/nelsonrazo.com\/branding\/author\/branding\/"}]}},"jetpack_featured_media_url":"","jetpack_shortlink":"https:\/\/wp.me\/pfweVl-c2","jetpack_sharing_enabled":true,"_links":{"self":[{"href":"https:\/\/nelsonrazo.com\/branding\/wp-json\/wp\/v2\/posts\/746","targetHints":{"allow":["GET"]}}],"collection":[{"href":"https:\/\/nelsonrazo.com\/branding\/wp-json\/wp\/v2\/posts"}],"about":[{"href":"https:\/\/nelsonrazo.com\/branding\/wp-json\/wp\/v2\/types\/post"}],"author":[{"embeddable":true,"href":"https:\/\/nelsonrazo.com\/branding\/wp-json\/wp\/v2\/users\/3"}],"replies":[{"embeddable":true,"href":"https:\/\/nelsonrazo.com\/branding\/wp-json\/wp\/v2\/comments?post=746"}],"version-history":[{"count":0,"href":"https:\/\/nelsonrazo.com\/branding\/wp-json\/wp\/v2\/posts\/746\/revisions"}],"wp:featuredmedia":[{"embeddable":true,"href":"https:\/\/nelsonrazo.com\/branding\/wp-json\/"}],"wp:attachment":[{"href":"https:\/\/nelsonrazo.com\/branding\/wp-json\/wp\/v2\/media?parent=746"}],"wp:term":[{"taxonomy":"category","embeddable":true,"href":"https:\/\/nelsonrazo.com\/branding\/wp-json\/wp\/v2\/categories?post=746"},{"taxonomy":"post_tag","embeddable":true,"href":"https:\/\/nelsonrazo.com\/branding\/wp-json\/wp\/v2\/tags?post=746"}],"curies":[{"name":"wp","href":"https:\/\/api.w.org\/{rel}","templated":true}]}}