{"id":708,"date":"2016-07-18T11:01:00","date_gmt":"2016-07-18T19:01:00","guid":{"rendered":"http:\/\/nelsonrazo.com\/?p=708"},"modified":"2016-07-18T11:01:00","modified_gmt":"2016-07-18T19:01:00","slug":"branding-institucional-opcional","status":"publish","type":"post","link":"https:\/\/nelsonrazo.com\/branding\/2016\/07\/18\/branding-institucional-opcional\/","title":{"rendered":"El Branding institucional no es opcional"},"content":{"rendered":"<p>Como ya <a href=\"http:\/\/nelsonrazo.com\/blog\/2016\/06\/28\/que-es-y-que-no-es-branding\/\">analizamos en un post anterior<\/a>, una marca es mucho m\u00e1s que solamente su logotipo o identidad gr\u00e1fica f\u00edsica.<\/p>\n<p>Sin embargo, la idea tradicional es que el concepto de marca se aplica a productos y empresas comerciales, es decir que venden algo a un mercado. Y nuevos tiempos nos obligan a redefinir conceptos.<\/p>\n<h4>La era del <em>branding<\/em><\/h4>\n<p>La era de la industrializaci\u00f3n (a principios de 1900) dio paso a la era de consumismo. Y hoy, debido a la sobre cantidad de productos, servicios y empresas, nuestra civilizaci\u00f3n se encuentra en una nueva etapa que valora m\u00e1s que los intercambios, las relaciones.<\/p>\n<p>Y, si <a href=\"http:\/\/nelsonrazo.com\/blog\/2015\/02\/16\/el-marketing-hoy\/\">el marketing<\/a> se trata de algo aparte de intercambio, es de relaciones. Las relaciones que se generan antes, durante y despu\u00e9s del intercambio, precisamente.<\/p>\n<p>Este concepto del marketing como relaciones ha estado creciendo en el reciente milenio con el auge de las comunicaciones instant\u00e1neas y el avance de la tecnolog\u00eda.<\/p>\n<p>Pero lo m\u00e1s importante para el punto de este art\u00edculo, es que el concepto de marketing (y espec\u00edficamente el de <em>branding<\/em>) como relaciones no se puede seguir aplicando solamente al mercado\u00a0comercial. Hoy ese concepto ya es necesario abordarlo (y aprovecharlo) en el plano de las instituciones que no venden nada.<\/p>\n<p>Al menos que no venden nada que se intercambie por dinero.\u00a0Como las instituciones p\u00fablicas.<\/p>\n<h4>El <em>branding<\/em> institucional<\/h4>\n<p>As\u00ed como hay sobre cantidad de productos y servicios, con la cobre cantidad de informaci\u00f3n actual, lo que son y hacen las organizaciones p\u00fablicas o instituciones se pierde f\u00e1cilmente y no llega a la comunidad o audiencia meta. O llega pero de manera distorsionada. En esto, una marca planeada es de gran beneficio.<\/p>\n<p>Y\u00a0hay que tomar muy en cuenta\u00a0que una arquitectura de marca bien dise\u00f1ada y mantenida no solamente le beneficia a la instituci\u00f3n misma.<\/p>\n<p>Es importante reconocer que, cada vez m\u00e1s, organizaciones e instituciones p\u00fablicas pueden ser catalizadores clave para el crecimiento econ\u00f3mico y la prosperidad de las comunidades de las cuales son parte o administradoras.<\/p>\n<p>Es por esto tambi\u00e9n que los l\u00edderes de dichas instituciones y organizaciones deben preocuparse y ocuparse de construir marcas poderosas e influyentes en el sector p\u00fablico.<\/p>\n<p>Pero \u00bfqu\u00e9 implica una implementaci\u00f3n de <em>branding<\/em> institucional en instituciones del sector p\u00fablico?<\/p>\n<p>Ya sea un ayuntamiento, un gobierno nacional, una organizaci\u00f3n no lucrativa, o simplemente una dependencia que administra alg\u00fan servicio p\u00fablico, desenvolverse con un enfoque de <em>branding<\/em> implica planear la arquitectura y visi\u00f3n de la marca, llevar a cabo investigaci\u00f3n de mercado y de percepci\u00f3n de marca, as\u00ed como medir y administrar la interacci\u00f3n con la audiencia, la comunicaci\u00f3n institucional, y tener en cuenta el futuro con una\u00a0administraci\u00f3n de la evoluci\u00f3n de la marca.<\/p>\n<p>Ahora bien, el <em>branding<\/em> institucional no es un concepto que se trabaja y aplica de la noche a la ma\u00f1ana, pero si es una manera de trabajar que ya no puede esperar m\u00e1s, porque entre m\u00e1s evoluciona la sociedad, quienes no adopten las nuevas pr\u00e1cticas simplemente quedar\u00e1n relegad@s.<\/p>\n<h4>C\u00f3mo comenzar con el <em>branding<\/em> institucional<\/h4>\n<p><strong>1. Conoce tu marca y su posici\u00f3n actual.<br \/>\n<\/strong>Obviamente no se puede saber a d\u00f3nde ir si no sabes con lo que cuentas. Analiza tu instituci\u00f3n. Racionalmente encuentra sus ventajas y desventajas. Es crucial para establecer un plan de acci\u00f3n. \u00bfC\u00f3mo es percibida en este momento?<\/p>\n<p><strong>2. Decide un destino y como llegar ah\u00ed.<br \/>\n<\/strong>Despu\u00e9s de ubicar a la instituci\u00f3n en el mundo real, es necesario decidir el mejor tumbo basado en los hallazgos y el objetivo deseado, as\u00ed como las mejores estrategias al alcance para llegar hasta ah\u00ed.<\/p>\n<p><strong>3. Crea y una identidad y todos los elementos relacionados.<br \/>\n<\/strong>La marca implica todo lo que la audiencia conoce de la instituci\u00f3n: desde su identidad gr\u00e1fica hasta su modo de comunicaci\u00f3n, pasando por su servicio al cliente y su reputaci\u00f3n como miembro activo de la comunidad. Trabaja todo eso en conjunto y con el mismo objetivo.<\/p>\n<p><strong>4. Si tienes tiempo, pru\u00e9balo primero.<br \/>\n<\/strong>La retroalimentaci\u00f3n es b\u00e1sica. En la medida de lo posible, los esfuerzos de dise\u00f1o de <em>branding<\/em> institucional deben ser probados primero tanto interna como externamente. Despu\u00e9s de todo lo que har\u00e1 esa marca con su audiencia es interactuar en ambas v\u00edas.<\/p>\n<p><strong>5. Implementa la marca en todos los puntos de contacto.<br \/>\n<\/strong>De nuevo: la marca debe estar en todas partes donde la instituci\u00f3n se encuentre con los usuarios y la comunidad en general.<\/p>\n<p><strong>6. Monitor\u00e9ala, mantenla y ref\u00ednala.<br \/>\n<\/strong>Todo es susceptible de mejorarse. Mantener un constante an\u00e1lisis del desempe\u00f1o del branding institucional establecido\u00a0es crucial para su funcionamiento \u00f3ptimo presente y futuro.<\/p>\n<p><strong style=\"line-height: 1.5\">7. Ad\u00e1ptala al cambio.<br \/>\n<\/strong>En la vida, a pesar de que muchos se esfuerzan por evitarlo o negarlo, lo \u00fanico constante es el cambio. Y una marca, como cualquier otra cosa, debe estar lista para evolucionar dependiendo del ambiente de su audiencia.<\/p>\n<p>\u00bfList@ para pensar en las instituciones como marcas? Estos puntos son s\u00f3lo el principio. Ases\u00f3rate y mejora continuamente <a href=\"http:\/\/nelsonrazo.com\/blog\/2016\/05\/01\/mercadotecnia-branding-identidad\/\">en este \u00e1mbito<\/a>. Despu\u00e9s de todo, el futuro de las instituciones y organizaciones p\u00fablicas depende del concepto en el que las tenga la comunidad.<\/p>\n","protected":false},"excerpt":{"rendered":"<p>El futuro de las instituciones y organizaciones p\u00fablicas depende del concepto en el que las tenga la comunidad. Por eso importa su branding institucional.<\/p>\n","protected":false},"author":3,"featured_media":709,"comment_status":"open","ping_status":"open","sticky":false,"template":"","format":"standard","meta":{"_themeisle_gutenberg_block_has_review":false,"_jetpack_memberships_contains_paid_content":false,"footnotes":""},"categories":[3],"tags":[51,53,65,149,173,210,216,247,249,309],"class_list":["post-708","post","type-post","status-publish","format-standard","has-post-thumbnail","hentry","category-branding","tag-branding","tag-branding-institucional","tag-ciudades","tag-gobierno","tag-institucion","tag-marca","tag-marketing","tag-ong","tag-organizacion","tag-sector-publico"],"yoast_head":"<!-- This site is optimized with the Yoast SEO plugin v27.5 - https:\/\/yoast.com\/product\/yoast-seo-wordpress\/ -->\n<title>El Branding institucional no es opcional - Nelson Razo | Branding Expert<\/title>\n<meta name=\"description\" content=\"El futuro de las instituciones y organizaciones p\u00fablicas depende del concepto en el que las tenga la comunidad. Por eso importa su branding institucional.\" \/>\n<meta name=\"robots\" content=\"index, follow, max-snippet:-1, max-image-preview:large, max-video-preview:-1\" \/>\n<link rel=\"canonical\" href=\"https:\/\/nelsonrazo.com\/branding\/2016\/07\/18\/branding-institucional-opcional\/\" \/>\n<meta property=\"og:locale\" content=\"es_ES\" \/>\n<meta property=\"og:type\" content=\"article\" \/>\n<meta property=\"og:title\" content=\"El Branding institucional no es opcional - Nelson Razo | Branding Expert\" \/>\n<meta property=\"og:description\" content=\"El futuro de las instituciones y organizaciones p\u00fablicas depende del concepto en el que las tenga la comunidad. Por eso importa su branding institucional.\" \/>\n<meta property=\"og:url\" content=\"https:\/\/nelsonrazo.com\/branding\/2016\/07\/18\/branding-institucional-opcional\/\" \/>\n<meta property=\"og:site_name\" content=\"Nelson Razo | Branding Expert\" \/>\n<meta property=\"article:published_time\" content=\"2016-07-18T19:01:00+00:00\" \/>\n<meta name=\"author\" content=\"branding\" \/>\n<meta name=\"twitter:card\" content=\"summary_large_image\" \/>\n<meta name=\"twitter:label1\" content=\"Escrito por\" \/>\n\t<meta name=\"twitter:data1\" content=\"branding\" \/>\n\t<meta name=\"twitter:label2\" content=\"Tiempo de lectura\" \/>\n\t<meta name=\"twitter:data2\" content=\"4 minutos\" \/>\n<script type=\"application\/ld+json\" class=\"yoast-schema-graph\">{\"@context\":\"https:\\\/\\\/schema.org\",\"@graph\":[{\"@type\":\"Article\",\"@id\":\"https:\\\/\\\/nelsonrazo.com\\\/branding\\\/2016\\\/07\\\/18\\\/branding-institucional-opcional\\\/#article\",\"isPartOf\":{\"@id\":\"https:\\\/\\\/nelsonrazo.com\\\/branding\\\/2016\\\/07\\\/18\\\/branding-institucional-opcional\\\/\"},\"author\":{\"name\":\"branding\",\"@id\":\"https:\\\/\\\/nelsonrazo.com\\\/branding\\\/#\\\/schema\\\/person\\\/ceb6f312abbbc713f92923cc55955221\"},\"headline\":\"El Branding institucional no es opcional\",\"datePublished\":\"2016-07-18T19:01:00+00:00\",\"mainEntityOfPage\":{\"@id\":\"https:\\\/\\\/nelsonrazo.com\\\/branding\\\/2016\\\/07\\\/18\\\/branding-institucional-opcional\\\/\"},\"wordCount\":904,\"commentCount\":1,\"publisher\":{\"@id\":\"https:\\\/\\\/nelsonrazo.com\\\/branding\\\/#\\\/schema\\\/person\\\/ceb6f312abbbc713f92923cc55955221\"},\"image\":{\"@id\":\"https:\\\/\\\/nelsonrazo.com\\\/branding\\\/2016\\\/07\\\/18\\\/branding-institucional-opcional\\\/#primaryimage\"},\"thumbnailUrl\":\"\",\"keywords\":[\"branding\",\"branding institucional\",\"ciudades\",\"gobierno\",\"institucion\",\"marca\",\"marketing\",\"ong\",\"organizacion\",\"sector publico\"],\"articleSection\":[\"Branding\"],\"inLanguage\":\"es\",\"potentialAction\":[{\"@type\":\"CommentAction\",\"name\":\"Comment\",\"target\":[\"https:\\\/\\\/nelsonrazo.com\\\/branding\\\/2016\\\/07\\\/18\\\/branding-institucional-opcional\\\/#respond\"]}]},{\"@type\":\"WebPage\",\"@id\":\"https:\\\/\\\/nelsonrazo.com\\\/branding\\\/2016\\\/07\\\/18\\\/branding-institucional-opcional\\\/\",\"url\":\"https:\\\/\\\/nelsonrazo.com\\\/branding\\\/2016\\\/07\\\/18\\\/branding-institucional-opcional\\\/\",\"name\":\"El Branding institucional no es opcional - Nelson Razo | Branding Expert\",\"isPartOf\":{\"@id\":\"https:\\\/\\\/nelsonrazo.com\\\/branding\\\/#website\"},\"primaryImageOfPage\":{\"@id\":\"https:\\\/\\\/nelsonrazo.com\\\/branding\\\/2016\\\/07\\\/18\\\/branding-institucional-opcional\\\/#primaryimage\"},\"image\":{\"@id\":\"https:\\\/\\\/nelsonrazo.com\\\/branding\\\/2016\\\/07\\\/18\\\/branding-institucional-opcional\\\/#primaryimage\"},\"thumbnailUrl\":\"\",\"datePublished\":\"2016-07-18T19:01:00+00:00\",\"description\":\"El futuro de las instituciones y organizaciones p\u00fablicas depende del concepto en el que las tenga la comunidad. Por eso importa su branding institucional.\",\"breadcrumb\":{\"@id\":\"https:\\\/\\\/nelsonrazo.com\\\/branding\\\/2016\\\/07\\\/18\\\/branding-institucional-opcional\\\/#breadcrumb\"},\"inLanguage\":\"es\",\"potentialAction\":[{\"@type\":\"ReadAction\",\"target\":[\"https:\\\/\\\/nelsonrazo.com\\\/branding\\\/2016\\\/07\\\/18\\\/branding-institucional-opcional\\\/\"]}]},{\"@type\":\"ImageObject\",\"inLanguage\":\"es\",\"@id\":\"https:\\\/\\\/nelsonrazo.com\\\/branding\\\/2016\\\/07\\\/18\\\/branding-institucional-opcional\\\/#primaryimage\",\"url\":\"\",\"contentUrl\":\"\"},{\"@type\":\"BreadcrumbList\",\"@id\":\"https:\\\/\\\/nelsonrazo.com\\\/branding\\\/2016\\\/07\\\/18\\\/branding-institucional-opcional\\\/#breadcrumb\",\"itemListElement\":[{\"@type\":\"ListItem\",\"position\":1,\"name\":\"Portada\",\"item\":\"https:\\\/\\\/nelsonrazo.com\\\/branding\\\/\"},{\"@type\":\"ListItem\",\"position\":2,\"name\":\"El Branding institucional no es opcional\"}]},{\"@type\":\"WebSite\",\"@id\":\"https:\\\/\\\/nelsonrazo.com\\\/branding\\\/#website\",\"url\":\"https:\\\/\\\/nelsonrazo.com\\\/branding\\\/\",\"name\":\"Nelson Razo | Branding Expert\",\"description\":\"Experto en Branding y Marketing Digital\",\"publisher\":{\"@id\":\"https:\\\/\\\/nelsonrazo.com\\\/branding\\\/#\\\/schema\\\/person\\\/ceb6f312abbbc713f92923cc55955221\"},\"alternateName\":\"Nelson Razo | Experto en Branding\",\"potentialAction\":[{\"@type\":\"SearchAction\",\"target\":{\"@type\":\"EntryPoint\",\"urlTemplate\":\"https:\\\/\\\/nelsonrazo.com\\\/branding\\\/?s={search_term_string}\"},\"query-input\":{\"@type\":\"PropertyValueSpecification\",\"valueRequired\":true,\"valueName\":\"search_term_string\"}}],\"inLanguage\":\"es\"},{\"@type\":[\"Person\",\"Organization\"],\"@id\":\"https:\\\/\\\/nelsonrazo.com\\\/branding\\\/#\\\/schema\\\/person\\\/ceb6f312abbbc713f92923cc55955221\",\"name\":\"branding\",\"image\":{\"@type\":\"ImageObject\",\"inLanguage\":\"es\",\"@id\":\"https:\\\/\\\/nelsonrazo.com\\\/branding\\\/wp-content\\\/uploads\\\/sites\\\/3\\\/2024\\\/01\\\/nelsonrazo_branding.png\",\"url\":\"https:\\\/\\\/nelsonrazo.com\\\/branding\\\/wp-content\\\/uploads\\\/sites\\\/3\\\/2024\\\/01\\\/nelsonrazo_branding.png\",\"contentUrl\":\"https:\\\/\\\/nelsonrazo.com\\\/branding\\\/wp-content\\\/uploads\\\/sites\\\/3\\\/2024\\\/01\\\/nelsonrazo_branding.png\",\"width\":400,\"height\":97,\"caption\":\"branding\"},\"logo\":{\"@id\":\"https:\\\/\\\/nelsonrazo.com\\\/branding\\\/wp-content\\\/uploads\\\/sites\\\/3\\\/2024\\\/01\\\/nelsonrazo_branding.png\"},\"url\":\"https:\\\/\\\/nelsonrazo.com\\\/branding\\\/author\\\/branding\\\/\"}]}<\/script>\n<!-- \/ Yoast SEO plugin. -->","yoast_head_json":{"title":"El Branding institucional no es opcional - Nelson Razo | Branding Expert","description":"El futuro de las instituciones y organizaciones p\u00fablicas depende del concepto en el que las tenga la comunidad. Por eso importa su branding institucional.","robots":{"index":"index","follow":"follow","max-snippet":"max-snippet:-1","max-image-preview":"max-image-preview:large","max-video-preview":"max-video-preview:-1"},"canonical":"https:\/\/nelsonrazo.com\/branding\/2016\/07\/18\/branding-institucional-opcional\/","og_locale":"es_ES","og_type":"article","og_title":"El Branding institucional no es opcional - Nelson Razo | Branding Expert","og_description":"El futuro de las instituciones y organizaciones p\u00fablicas depende del concepto en el que las tenga la comunidad. Por eso importa su branding institucional.","og_url":"https:\/\/nelsonrazo.com\/branding\/2016\/07\/18\/branding-institucional-opcional\/","og_site_name":"Nelson Razo | Branding Expert","article_published_time":"2016-07-18T19:01:00+00:00","author":"branding","twitter_card":"summary_large_image","twitter_misc":{"Escrito por":"branding","Tiempo de lectura":"4 minutos"},"schema":{"@context":"https:\/\/schema.org","@graph":[{"@type":"Article","@id":"https:\/\/nelsonrazo.com\/branding\/2016\/07\/18\/branding-institucional-opcional\/#article","isPartOf":{"@id":"https:\/\/nelsonrazo.com\/branding\/2016\/07\/18\/branding-institucional-opcional\/"},"author":{"name":"branding","@id":"https:\/\/nelsonrazo.com\/branding\/#\/schema\/person\/ceb6f312abbbc713f92923cc55955221"},"headline":"El Branding institucional no es opcional","datePublished":"2016-07-18T19:01:00+00:00","mainEntityOfPage":{"@id":"https:\/\/nelsonrazo.com\/branding\/2016\/07\/18\/branding-institucional-opcional\/"},"wordCount":904,"commentCount":1,"publisher":{"@id":"https:\/\/nelsonrazo.com\/branding\/#\/schema\/person\/ceb6f312abbbc713f92923cc55955221"},"image":{"@id":"https:\/\/nelsonrazo.com\/branding\/2016\/07\/18\/branding-institucional-opcional\/#primaryimage"},"thumbnailUrl":"","keywords":["branding","branding institucional","ciudades","gobierno","institucion","marca","marketing","ong","organizacion","sector publico"],"articleSection":["Branding"],"inLanguage":"es","potentialAction":[{"@type":"CommentAction","name":"Comment","target":["https:\/\/nelsonrazo.com\/branding\/2016\/07\/18\/branding-institucional-opcional\/#respond"]}]},{"@type":"WebPage","@id":"https:\/\/nelsonrazo.com\/branding\/2016\/07\/18\/branding-institucional-opcional\/","url":"https:\/\/nelsonrazo.com\/branding\/2016\/07\/18\/branding-institucional-opcional\/","name":"El Branding institucional no es opcional - Nelson Razo | Branding Expert","isPartOf":{"@id":"https:\/\/nelsonrazo.com\/branding\/#website"},"primaryImageOfPage":{"@id":"https:\/\/nelsonrazo.com\/branding\/2016\/07\/18\/branding-institucional-opcional\/#primaryimage"},"image":{"@id":"https:\/\/nelsonrazo.com\/branding\/2016\/07\/18\/branding-institucional-opcional\/#primaryimage"},"thumbnailUrl":"","datePublished":"2016-07-18T19:01:00+00:00","description":"El futuro de las instituciones y organizaciones p\u00fablicas depende del concepto en el que las tenga la comunidad. Por eso importa su branding institucional.","breadcrumb":{"@id":"https:\/\/nelsonrazo.com\/branding\/2016\/07\/18\/branding-institucional-opcional\/#breadcrumb"},"inLanguage":"es","potentialAction":[{"@type":"ReadAction","target":["https:\/\/nelsonrazo.com\/branding\/2016\/07\/18\/branding-institucional-opcional\/"]}]},{"@type":"ImageObject","inLanguage":"es","@id":"https:\/\/nelsonrazo.com\/branding\/2016\/07\/18\/branding-institucional-opcional\/#primaryimage","url":"","contentUrl":""},{"@type":"BreadcrumbList","@id":"https:\/\/nelsonrazo.com\/branding\/2016\/07\/18\/branding-institucional-opcional\/#breadcrumb","itemListElement":[{"@type":"ListItem","position":1,"name":"Portada","item":"https:\/\/nelsonrazo.com\/branding\/"},{"@type":"ListItem","position":2,"name":"El Branding institucional no es opcional"}]},{"@type":"WebSite","@id":"https:\/\/nelsonrazo.com\/branding\/#website","url":"https:\/\/nelsonrazo.com\/branding\/","name":"Nelson Razo | Branding Expert","description":"Experto en Branding y Marketing Digital","publisher":{"@id":"https:\/\/nelsonrazo.com\/branding\/#\/schema\/person\/ceb6f312abbbc713f92923cc55955221"},"alternateName":"Nelson Razo | Experto en Branding","potentialAction":[{"@type":"SearchAction","target":{"@type":"EntryPoint","urlTemplate":"https:\/\/nelsonrazo.com\/branding\/?s={search_term_string}"},"query-input":{"@type":"PropertyValueSpecification","valueRequired":true,"valueName":"search_term_string"}}],"inLanguage":"es"},{"@type":["Person","Organization"],"@id":"https:\/\/nelsonrazo.com\/branding\/#\/schema\/person\/ceb6f312abbbc713f92923cc55955221","name":"branding","image":{"@type":"ImageObject","inLanguage":"es","@id":"https:\/\/nelsonrazo.com\/branding\/wp-content\/uploads\/sites\/3\/2024\/01\/nelsonrazo_branding.png","url":"https:\/\/nelsonrazo.com\/branding\/wp-content\/uploads\/sites\/3\/2024\/01\/nelsonrazo_branding.png","contentUrl":"https:\/\/nelsonrazo.com\/branding\/wp-content\/uploads\/sites\/3\/2024\/01\/nelsonrazo_branding.png","width":400,"height":97,"caption":"branding"},"logo":{"@id":"https:\/\/nelsonrazo.com\/branding\/wp-content\/uploads\/sites\/3\/2024\/01\/nelsonrazo_branding.png"},"url":"https:\/\/nelsonrazo.com\/branding\/author\/branding\/"}]}},"jetpack_featured_media_url":"","jetpack_shortlink":"https:\/\/wp.me\/pfweVl-bq","jetpack_sharing_enabled":true,"_links":{"self":[{"href":"https:\/\/nelsonrazo.com\/branding\/wp-json\/wp\/v2\/posts\/708","targetHints":{"allow":["GET"]}}],"collection":[{"href":"https:\/\/nelsonrazo.com\/branding\/wp-json\/wp\/v2\/posts"}],"about":[{"href":"https:\/\/nelsonrazo.com\/branding\/wp-json\/wp\/v2\/types\/post"}],"author":[{"embeddable":true,"href":"https:\/\/nelsonrazo.com\/branding\/wp-json\/wp\/v2\/users\/3"}],"replies":[{"embeddable":true,"href":"https:\/\/nelsonrazo.com\/branding\/wp-json\/wp\/v2\/comments?post=708"}],"version-history":[{"count":0,"href":"https:\/\/nelsonrazo.com\/branding\/wp-json\/wp\/v2\/posts\/708\/revisions"}],"wp:featuredmedia":[{"embeddable":true,"href":"https:\/\/nelsonrazo.com\/branding\/wp-json\/"}],"wp:attachment":[{"href":"https:\/\/nelsonrazo.com\/branding\/wp-json\/wp\/v2\/media?parent=708"}],"wp:term":[{"taxonomy":"category","embeddable":true,"href":"https:\/\/nelsonrazo.com\/branding\/wp-json\/wp\/v2\/categories?post=708"},{"taxonomy":"post_tag","embeddable":true,"href":"https:\/\/nelsonrazo.com\/branding\/wp-json\/wp\/v2\/tags?post=708"}],"curies":[{"name":"wp","href":"https:\/\/api.w.org\/{rel}","templated":true}]}}