{"id":1234,"date":"2018-11-15T10:36:17","date_gmt":"2018-11-15T18:36:17","guid":{"rendered":"http:\/\/nelsonrazo.com\/?p=1234"},"modified":"2024-02-01T08:33:25","modified_gmt":"2024-02-01T07:33:25","slug":"el-efecto-de-la-empresa-responsable","status":"publish","type":"post","link":"https:\/\/nelsonrazo.com\/branding\/2018\/11\/15\/el-efecto-de-la-empresa-responsable\/","title":{"rendered":"El efecto de la empresa responsable"},"content":{"rendered":"<p>Desde ya hace varios a\u00f1os, inclusive algunas d\u00e9cadas, vemos que varias empresas agregan en <a href=\"http:\/\/nelsonrazo.com\/blog\/2015\/02\/16\/la-importancia-de-la-identidad\/\">la imagen<\/a> de su producto alguna frase o marca que indica a los consumidores que dicha empresa\/producto es responsable con la sociedad, el medio ambiente o la salud.<\/p>\n<p>Dicha responsabilidad, especialmente cuando se relaciona con el medio ambiente o una producci\u00f3n sustentable, se enfoca en dar a conocer al mercado que la empresa toma en cuenta su impacto, aportando su parte para mejorar o evitar problemas derivados de su manera de generar ganancias.<\/p>\n<p>La idea con la cual estas empresas comunican a su mercado que son responsables, es tener una ventaja competitiva por encima de los productos o empresas que no lo hacen. Despu\u00e9s de todo, si sabemos que una empresa es responsable, por ejemplo, con el ambiente, preferiremos comprarlo en lugar de uno que no dice serlo. \u00bfVerdad?<\/p>\n<p>En teor\u00eda. Y m\u00e1s o menos en la pr\u00e1ctica.<\/p>\n<h3>El efecto Halo<\/h3>\n<p>Conocido en psicolog\u00eda como <a href=\"https:\/\/www.verywellmind.com\/what-is-the-halo-effect-2795906\">el Efecto Halo<\/a>, el <a href=\"http:\/\/elraptorblog.com\/2017\/05\/tu-raciocinio-no-es-tan-bueno-como-crees\/\">sesgo cognitivo<\/a> que hace funcional al sello de \u00abempresa responsable\u00bb es el que nos hace tendientes a evaluar en general a una persona con respecto a solamente una o unas cuantas de todas sus caracter\u00edsticas. Por ejemplo, en general tendemos a determinar que una persona m\u00e1s bonita es m\u00e1s inteligente.<\/p>\n<p>Este sesgo tambi\u00e9n es conocido como \u00abel estereotipo de la atracci\u00f3n f\u00edsica\u00bb, y fue acu\u00f1ado por el psic\u00f3logo <a href=\"https:\/\/www.britannica.com\/science\/halo-effect\">Edward Thorndike<\/a> despu\u00e9s de experimentar este sesgo cognitivo sesgo en un grupo de oficiales del ej\u00e9rcito.<\/p>\n<p>De este modo, as\u00ed como esa tendencia natural nos hace, a falta de m\u00e1s informaci\u00f3n, evaluar a una persona por un solo atributo (por ejemplo su f\u00edsico), de la misma forma nos hace evaluar a una empresa o un producto por alguno de sus atributos. Y uno de ellos puede ser el sello de que es \u00abresponsable con el ambiente\u00bb o que \u00abayuda con un porcentaje a causas caritativas\u00bb.<\/p>\n<h3>El vino y la responsabilidad<\/h3>\n<p>Para corroborar o descartar esta tendencia que inclusive ejecutivos de empresas no terminan de creer, se han llevado a cabo varios estudios. En <a href=\"https:\/\/academic.oup.com\/jcr\/article\/41\/6\/1412\/2379575\">uno de los m\u00e1s conocidos<\/a>, se le ofrecieron a un grupo de personas en un evento muestras dos vinos similares pero con marcas diferentes.<\/p>\n<p>Sin embargo, adem\u00e1s de la marca, otra diferencia era la descripci\u00f3n de cada vino. La de uno establec\u00eda solamente el tipo de vino, y la del otro adem\u00e1s explicaba brevemente que la empresa donaba el 10% de sus ganancias para apoyar la lucha contra las enfermedades del coraz\u00f3n.<\/p>\n<p>Y los resultados pueden sonarnos l\u00f3gicos: el vino que dec\u00eda donar parte de sus ganancias para una causa noble fue calificado como mejor que el otro. Sin embargo, lo m\u00e1s importante desde el punto de vista mercadol\u00f3gico es la diferencia entre quienes se identificaban como conocedores de vino y quienes no. A los primeros les afect\u00f3 muy poco la etiqueta a la hora de calificar el vino. En cambio aquellos con menos experiencia enol\u00f3gica calificaron mucho mejor el vino \u00abresponsable\u00bb.<\/p>\n<p><img loading=\"lazy\" decoding=\"async\" class=\"alignnone size-full wp-image-1402\" src=\"https:\/\/nelsonrazo.com\/branding\/wp-content\/uploads\/sites\/3\/2018\/11\/esr_1.jpg\" alt=\"Responsabilidad corporativa\" width=\"850\" height=\"279\" srcset=\"https:\/\/nelsonrazo.com\/branding\/wp-content\/uploads\/sites\/3\/2018\/11\/esr_1.jpg 850w, https:\/\/nelsonrazo.com\/branding\/wp-content\/uploads\/sites\/3\/2018\/11\/esr_1-300x98.jpg 300w, https:\/\/nelsonrazo.com\/branding\/wp-content\/uploads\/sites\/3\/2018\/11\/esr_1-768x252.jpg 768w\" sizes=\"auto, (max-width: 850px) 100vw, 850px\" \/><\/p>\n<h3>La percepci\u00f3n es lo que cuenta<\/h3>\n<p>En <a href=\"https:\/\/journals.sagepub.com\/doi\/10.1177\/0170840603024003910\">otros estudios<\/a> se encontraron resultados similares confirmando esta tendencia cognitiva, los cuales podemos resumir en dos puntos simples pero importantes:<\/p>\n<ol>\n<li>El juicio del consumidor sobre el desempe\u00f1o o calidad de un producto es afectado directamente por el comportamiento socialmente responsable de la empresa.<\/li>\n<li>Este efecto es m\u00e1s fuerte en los consumidores menos experiencia o conocimiento sobre la categor\u00eda de producto.<\/li>\n<\/ol>\n<p>As\u00ed que, el efecto es real y parece ser l\u00f3gico para el cerebro humano inconscientemente creer mejor a un producto solamente porque sabemos (o nos dicen) que ese ayuda a alguna causa, cuando lo comparamos con otro que no lo hace.<\/p>\n<h3>Pero hay un <em>catch<\/em>. Bueno, tres<\/h3>\n<p>Como lo mencionan algunas personas cuando son encuestadas sobre el tema, para emplear este sesgo cognitivo en beneficio de un producto es necesario tambi\u00e9n tomar en cuenta otro punto: el gran porcentaje el efecto funciona solamente si los consumidores creen que la responsabilidad es sincera.<\/p>\n<p>Y esto no es de extra\u00f1ar por lo que mencionamos al principio sobre que cada vez m\u00e1s empresas emplean esta herramienta para intentar mejorar la percepci\u00f3n y en consecuencia las ventas de sus productos. Una vez que muchos emplean el mismo truco, este deja de tener la misma efectividad para todos. Nos hacemos insensibles al efecto.<\/p>\n<p>Tambi\u00e9n debemos tomar en cuenta que no es lo mismo escuchar que una empresa es responsable de su propia comunicaci\u00f3n, que saberlo de una fuente independiente (o percibida como independiente). El por esto que solamente el sello de \u00abEmpresa Responsable\u00bb ya no es suficiente y los consumidores creer\u00e1n m\u00e1s en la responsabilidad de la empresa cuando alguien m\u00e1s lo afirma, de preferencia un medio o persona respetado.<\/p>\n<p>Adem\u00e1s, nunca hay que dejar de tomar en cuenta que este Efecto Halo de las empresas percibidas como responsables es mucho m\u00e1s efectivo en el caso de dos segmentos espec\u00edficos <a href=\"http:\/\/nelsonrazo.com\/blog\/2017\/09\/25\/como-posicionarte-en-el-mercado\/\">del mercado<\/a>: los consumidores con grandes aspiraciones morales (quienes valoran mucho m\u00e1s la responsabilidad de las empresas), y los consumidores que saben muy poco sobre la categor\u00eda de producto.<\/p>\n<p><img loading=\"lazy\" decoding=\"async\" class=\"alignnone size-full wp-image-1403\" src=\"https:\/\/nelsonrazo.com\/branding\/wp-content\/uploads\/sites\/3\/2018\/11\/esr_2.jpg\" alt=\"Efecto halo de la empresa responsable\" width=\"850\" height=\"279\" srcset=\"https:\/\/nelsonrazo.com\/branding\/wp-content\/uploads\/sites\/3\/2018\/11\/esr_2.jpg 850w, https:\/\/nelsonrazo.com\/branding\/wp-content\/uploads\/sites\/3\/2018\/11\/esr_2-300x98.jpg 300w, https:\/\/nelsonrazo.com\/branding\/wp-content\/uploads\/sites\/3\/2018\/11\/esr_2-768x252.jpg 768w\" sizes=\"auto, (max-width: 850px) 100vw, 850px\" \/><\/p>\n<h3>El concepto de empresa responsable en M\u00e9xico<\/h3>\n<p>En M\u00e9xico, aprovechando el Efecto Halo, el Centro Mexicano para la Filantrop\u00eda (<a href=\"https:\/\/www.cemefi.org\/\">Cemefi<\/a>) es una asociaci\u00f3n civil que promueve la responsabilidad de las empresas y los beneficios que ello puede traer a sus ventas por medio del distintivo Empresa Socialmente Responsable (ESR), para el cual las aspirantes deben cumplir con una serie de requisitos:<\/p>\n<ul>\n<li>Demostrar liderazgo y valores.<\/li>\n<li>Crear productos y servicios sustentables.<\/li>\n<li>Fomentar el crecimiento de los colaboradores Invertir en las comunidades.<\/li>\n<li>Cadena de suministro responsable.<\/li>\n<li>Combatir el calentamiento global.<\/li>\n<li>Formar alianzas.<\/li>\n<\/ul>\n<p>A la fecha, m\u00e1s de 1500 empresas ostentan el distintivo ESR, el cual adem\u00e1s debe ser refrendado anualmente, y as\u00ed mantener vigente \u00abla cultura de la responsabilidad social\u00bb.<\/p>\n","protected":false},"excerpt":{"rendered":"<p>Se dice que una empresa responsable social o ambientamente tiene ventaja competitiva sobre las que no lo son. Pero \u00bfqu\u00e9 tan real es este efecto?<\/p>\n","protected":false},"author":3,"featured_media":1400,"comment_status":"open","ping_status":"open","sticky":false,"template":"","format":"standard","meta":{"_themeisle_gutenberg_block_has_review":false,"_jetpack_memberships_contains_paid_content":false,"footnotes":""},"categories":[8],"tags":[103,115,216,281,303,304,316],"class_list":["post-1234","post","type-post","status-publish","format-standard","has-post-thumbnail","hentry","category-marketing","tag-efecto-halo","tag-empresa-responsable","tag-marketing","tag-producto","tag-responsabilidad-social","tag-responsable","tag-sesgo-cognitivo"],"yoast_head":"<!-- This site is optimized with the Yoast SEO plugin v27.4 - https:\/\/yoast.com\/product\/yoast-seo-wordpress\/ -->\n<title>El efecto de la empresa responsable - Nelson Razo | Branding Expert<\/title>\n<meta name=\"description\" content=\"Se dice que una empresa responsable social o ambientamente tiene ventaja competitiva sobre las que no lo son. \u00bfQu\u00e9 tan real es este efecto?\" \/>\n<meta name=\"robots\" content=\"index, follow, max-snippet:-1, max-image-preview:large, max-video-preview:-1\" \/>\n<link rel=\"canonical\" href=\"https:\/\/nelsonrazo.com\/branding\/2018\/11\/15\/el-efecto-de-la-empresa-responsable\/\" \/>\n<meta property=\"og:locale\" content=\"es_ES\" \/>\n<meta property=\"og:type\" content=\"article\" \/>\n<meta property=\"og:title\" content=\"El efecto de la empresa responsable - Nelson Razo | Branding Expert\" \/>\n<meta property=\"og:description\" content=\"Se dice que una empresa responsable social o ambientamente tiene ventaja competitiva sobre las que no lo son. \u00bfQu\u00e9 tan real es este efecto?\" \/>\n<meta property=\"og:url\" content=\"https:\/\/nelsonrazo.com\/branding\/2018\/11\/15\/el-efecto-de-la-empresa-responsable\/\" \/>\n<meta property=\"og:site_name\" content=\"Nelson Razo | Branding Expert\" \/>\n<meta property=\"article:published_time\" content=\"2018-11-15T18:36:17+00:00\" \/>\n<meta property=\"article:modified_time\" content=\"2024-02-01T07:33:25+00:00\" \/>\n<meta property=\"og:image\" content=\"https:\/\/nelsonrazo.com\/branding\/wp-content\/uploads\/sites\/3\/2018\/11\/post_pic_esr.jpg\" \/>\n\t<meta property=\"og:image:width\" content=\"1024\" \/>\n\t<meta property=\"og:image:height\" content=\"590\" \/>\n\t<meta property=\"og:image:type\" content=\"image\/jpeg\" \/>\n<meta name=\"author\" content=\"branding\" \/>\n<meta name=\"twitter:card\" content=\"summary_large_image\" \/>\n<meta name=\"twitter:label1\" content=\"Escrito por\" \/>\n\t<meta name=\"twitter:data1\" content=\"branding\" \/>\n\t<meta name=\"twitter:label2\" content=\"Tiempo de lectura\" \/>\n\t<meta name=\"twitter:data2\" content=\"5 minutos\" \/>\n<script type=\"application\/ld+json\" class=\"yoast-schema-graph\">{\"@context\":\"https:\\\/\\\/schema.org\",\"@graph\":[{\"@type\":\"Article\",\"@id\":\"https:\\\/\\\/nelsonrazo.com\\\/branding\\\/2018\\\/11\\\/15\\\/el-efecto-de-la-empresa-responsable\\\/#article\",\"isPartOf\":{\"@id\":\"https:\\\/\\\/nelsonrazo.com\\\/branding\\\/2018\\\/11\\\/15\\\/el-efecto-de-la-empresa-responsable\\\/\"},\"author\":{\"name\":\"branding\",\"@id\":\"https:\\\/\\\/nelsonrazo.com\\\/branding\\\/#\\\/schema\\\/person\\\/ceb6f312abbbc713f92923cc55955221\"},\"headline\":\"El efecto de la empresa responsable\",\"datePublished\":\"2018-11-15T18:36:17+00:00\",\"dateModified\":\"2024-02-01T07:33:25+00:00\",\"mainEntityOfPage\":{\"@id\":\"https:\\\/\\\/nelsonrazo.com\\\/branding\\\/2018\\\/11\\\/15\\\/el-efecto-de-la-empresa-responsable\\\/\"},\"wordCount\":1017,\"commentCount\":0,\"publisher\":{\"@id\":\"https:\\\/\\\/nelsonrazo.com\\\/branding\\\/#\\\/schema\\\/person\\\/ceb6f312abbbc713f92923cc55955221\"},\"image\":{\"@id\":\"https:\\\/\\\/nelsonrazo.com\\\/branding\\\/2018\\\/11\\\/15\\\/el-efecto-de-la-empresa-responsable\\\/#primaryimage\"},\"thumbnailUrl\":\"https:\\\/\\\/nelsonrazo.com\\\/branding\\\/wp-content\\\/uploads\\\/sites\\\/3\\\/2018\\\/11\\\/post_pic_esr.jpg\",\"keywords\":[\"efecto halo\",\"empresa responsable\",\"marketing\",\"producto\",\"responsabilidad social\",\"responsable\",\"sesgo cognitivo\"],\"articleSection\":[\"Marketing\"],\"inLanguage\":\"es\",\"potentialAction\":[{\"@type\":\"CommentAction\",\"name\":\"Comment\",\"target\":[\"https:\\\/\\\/nelsonrazo.com\\\/branding\\\/2018\\\/11\\\/15\\\/el-efecto-de-la-empresa-responsable\\\/#respond\"]}]},{\"@type\":\"WebPage\",\"@id\":\"https:\\\/\\\/nelsonrazo.com\\\/branding\\\/2018\\\/11\\\/15\\\/el-efecto-de-la-empresa-responsable\\\/\",\"url\":\"https:\\\/\\\/nelsonrazo.com\\\/branding\\\/2018\\\/11\\\/15\\\/el-efecto-de-la-empresa-responsable\\\/\",\"name\":\"El efecto de la empresa responsable - Nelson Razo | Branding Expert\",\"isPartOf\":{\"@id\":\"https:\\\/\\\/nelsonrazo.com\\\/branding\\\/#website\"},\"primaryImageOfPage\":{\"@id\":\"https:\\\/\\\/nelsonrazo.com\\\/branding\\\/2018\\\/11\\\/15\\\/el-efecto-de-la-empresa-responsable\\\/#primaryimage\"},\"image\":{\"@id\":\"https:\\\/\\\/nelsonrazo.com\\\/branding\\\/2018\\\/11\\\/15\\\/el-efecto-de-la-empresa-responsable\\\/#primaryimage\"},\"thumbnailUrl\":\"https:\\\/\\\/nelsonrazo.com\\\/branding\\\/wp-content\\\/uploads\\\/sites\\\/3\\\/2018\\\/11\\\/post_pic_esr.jpg\",\"datePublished\":\"2018-11-15T18:36:17+00:00\",\"dateModified\":\"2024-02-01T07:33:25+00:00\",\"description\":\"Se dice que una empresa responsable social o ambientamente tiene ventaja competitiva sobre las que no lo son. \u00bfQu\u00e9 tan real es este efecto?\",\"breadcrumb\":{\"@id\":\"https:\\\/\\\/nelsonrazo.com\\\/branding\\\/2018\\\/11\\\/15\\\/el-efecto-de-la-empresa-responsable\\\/#breadcrumb\"},\"inLanguage\":\"es\",\"potentialAction\":[{\"@type\":\"ReadAction\",\"target\":[\"https:\\\/\\\/nelsonrazo.com\\\/branding\\\/2018\\\/11\\\/15\\\/el-efecto-de-la-empresa-responsable\\\/\"]}]},{\"@type\":\"ImageObject\",\"inLanguage\":\"es\",\"@id\":\"https:\\\/\\\/nelsonrazo.com\\\/branding\\\/2018\\\/11\\\/15\\\/el-efecto-de-la-empresa-responsable\\\/#primaryimage\",\"url\":\"https:\\\/\\\/nelsonrazo.com\\\/branding\\\/wp-content\\\/uploads\\\/sites\\\/3\\\/2018\\\/11\\\/post_pic_esr.jpg\",\"contentUrl\":\"https:\\\/\\\/nelsonrazo.com\\\/branding\\\/wp-content\\\/uploads\\\/sites\\\/3\\\/2018\\\/11\\\/post_pic_esr.jpg\",\"width\":1024,\"height\":590,\"caption\":\"La empresa responsable\"},{\"@type\":\"BreadcrumbList\",\"@id\":\"https:\\\/\\\/nelsonrazo.com\\\/branding\\\/2018\\\/11\\\/15\\\/el-efecto-de-la-empresa-responsable\\\/#breadcrumb\",\"itemListElement\":[{\"@type\":\"ListItem\",\"position\":1,\"name\":\"Portada\",\"item\":\"https:\\\/\\\/nelsonrazo.com\\\/branding\\\/\"},{\"@type\":\"ListItem\",\"position\":2,\"name\":\"El efecto de la empresa responsable\"}]},{\"@type\":\"WebSite\",\"@id\":\"https:\\\/\\\/nelsonrazo.com\\\/branding\\\/#website\",\"url\":\"https:\\\/\\\/nelsonrazo.com\\\/branding\\\/\",\"name\":\"Nelson Razo | Branding Expert\",\"description\":\"Experto en Branding y Marketing Digital\",\"publisher\":{\"@id\":\"https:\\\/\\\/nelsonrazo.com\\\/branding\\\/#\\\/schema\\\/person\\\/ceb6f312abbbc713f92923cc55955221\"},\"alternateName\":\"Nelson Razo | Experto en Branding\",\"potentialAction\":[{\"@type\":\"SearchAction\",\"target\":{\"@type\":\"EntryPoint\",\"urlTemplate\":\"https:\\\/\\\/nelsonrazo.com\\\/branding\\\/?s={search_term_string}\"},\"query-input\":{\"@type\":\"PropertyValueSpecification\",\"valueRequired\":true,\"valueName\":\"search_term_string\"}}],\"inLanguage\":\"es\"},{\"@type\":[\"Person\",\"Organization\"],\"@id\":\"https:\\\/\\\/nelsonrazo.com\\\/branding\\\/#\\\/schema\\\/person\\\/ceb6f312abbbc713f92923cc55955221\",\"name\":\"branding\",\"image\":{\"@type\":\"ImageObject\",\"inLanguage\":\"es\",\"@id\":\"https:\\\/\\\/nelsonrazo.com\\\/branding\\\/wp-content\\\/uploads\\\/sites\\\/3\\\/2024\\\/01\\\/nelsonrazo_branding.png\",\"url\":\"https:\\\/\\\/nelsonrazo.com\\\/branding\\\/wp-content\\\/uploads\\\/sites\\\/3\\\/2024\\\/01\\\/nelsonrazo_branding.png\",\"contentUrl\":\"https:\\\/\\\/nelsonrazo.com\\\/branding\\\/wp-content\\\/uploads\\\/sites\\\/3\\\/2024\\\/01\\\/nelsonrazo_branding.png\",\"width\":400,\"height\":97,\"caption\":\"branding\"},\"logo\":{\"@id\":\"https:\\\/\\\/nelsonrazo.com\\\/branding\\\/wp-content\\\/uploads\\\/sites\\\/3\\\/2024\\\/01\\\/nelsonrazo_branding.png\"},\"url\":\"https:\\\/\\\/nelsonrazo.com\\\/branding\\\/author\\\/branding\\\/\"}]}<\/script>\n<!-- \/ Yoast SEO plugin. -->","yoast_head_json":{"title":"El efecto de la empresa responsable - Nelson Razo | Branding Expert","description":"Se dice que una empresa responsable social o ambientamente tiene ventaja competitiva sobre las que no lo son. \u00bfQu\u00e9 tan real es este efecto?","robots":{"index":"index","follow":"follow","max-snippet":"max-snippet:-1","max-image-preview":"max-image-preview:large","max-video-preview":"max-video-preview:-1"},"canonical":"https:\/\/nelsonrazo.com\/branding\/2018\/11\/15\/el-efecto-de-la-empresa-responsable\/","og_locale":"es_ES","og_type":"article","og_title":"El efecto de la empresa responsable - Nelson Razo | Branding Expert","og_description":"Se dice que una empresa responsable social o ambientamente tiene ventaja competitiva sobre las que no lo son. \u00bfQu\u00e9 tan real es este efecto?","og_url":"https:\/\/nelsonrazo.com\/branding\/2018\/11\/15\/el-efecto-de-la-empresa-responsable\/","og_site_name":"Nelson Razo | Branding Expert","article_published_time":"2018-11-15T18:36:17+00:00","article_modified_time":"2024-02-01T07:33:25+00:00","og_image":[{"width":1024,"height":590,"url":"https:\/\/nelsonrazo.com\/branding\/wp-content\/uploads\/sites\/3\/2018\/11\/post_pic_esr.jpg","type":"image\/jpeg"}],"author":"branding","twitter_card":"summary_large_image","twitter_misc":{"Escrito por":"branding","Tiempo de lectura":"5 minutos"},"schema":{"@context":"https:\/\/schema.org","@graph":[{"@type":"Article","@id":"https:\/\/nelsonrazo.com\/branding\/2018\/11\/15\/el-efecto-de-la-empresa-responsable\/#article","isPartOf":{"@id":"https:\/\/nelsonrazo.com\/branding\/2018\/11\/15\/el-efecto-de-la-empresa-responsable\/"},"author":{"name":"branding","@id":"https:\/\/nelsonrazo.com\/branding\/#\/schema\/person\/ceb6f312abbbc713f92923cc55955221"},"headline":"El efecto de la empresa responsable","datePublished":"2018-11-15T18:36:17+00:00","dateModified":"2024-02-01T07:33:25+00:00","mainEntityOfPage":{"@id":"https:\/\/nelsonrazo.com\/branding\/2018\/11\/15\/el-efecto-de-la-empresa-responsable\/"},"wordCount":1017,"commentCount":0,"publisher":{"@id":"https:\/\/nelsonrazo.com\/branding\/#\/schema\/person\/ceb6f312abbbc713f92923cc55955221"},"image":{"@id":"https:\/\/nelsonrazo.com\/branding\/2018\/11\/15\/el-efecto-de-la-empresa-responsable\/#primaryimage"},"thumbnailUrl":"https:\/\/nelsonrazo.com\/branding\/wp-content\/uploads\/sites\/3\/2018\/11\/post_pic_esr.jpg","keywords":["efecto halo","empresa responsable","marketing","producto","responsabilidad social","responsable","sesgo cognitivo"],"articleSection":["Marketing"],"inLanguage":"es","potentialAction":[{"@type":"CommentAction","name":"Comment","target":["https:\/\/nelsonrazo.com\/branding\/2018\/11\/15\/el-efecto-de-la-empresa-responsable\/#respond"]}]},{"@type":"WebPage","@id":"https:\/\/nelsonrazo.com\/branding\/2018\/11\/15\/el-efecto-de-la-empresa-responsable\/","url":"https:\/\/nelsonrazo.com\/branding\/2018\/11\/15\/el-efecto-de-la-empresa-responsable\/","name":"El efecto de la empresa responsable - Nelson Razo | Branding Expert","isPartOf":{"@id":"https:\/\/nelsonrazo.com\/branding\/#website"},"primaryImageOfPage":{"@id":"https:\/\/nelsonrazo.com\/branding\/2018\/11\/15\/el-efecto-de-la-empresa-responsable\/#primaryimage"},"image":{"@id":"https:\/\/nelsonrazo.com\/branding\/2018\/11\/15\/el-efecto-de-la-empresa-responsable\/#primaryimage"},"thumbnailUrl":"https:\/\/nelsonrazo.com\/branding\/wp-content\/uploads\/sites\/3\/2018\/11\/post_pic_esr.jpg","datePublished":"2018-11-15T18:36:17+00:00","dateModified":"2024-02-01T07:33:25+00:00","description":"Se dice que una empresa responsable social o ambientamente tiene ventaja competitiva sobre las que no lo son. \u00bfQu\u00e9 tan real es este efecto?","breadcrumb":{"@id":"https:\/\/nelsonrazo.com\/branding\/2018\/11\/15\/el-efecto-de-la-empresa-responsable\/#breadcrumb"},"inLanguage":"es","potentialAction":[{"@type":"ReadAction","target":["https:\/\/nelsonrazo.com\/branding\/2018\/11\/15\/el-efecto-de-la-empresa-responsable\/"]}]},{"@type":"ImageObject","inLanguage":"es","@id":"https:\/\/nelsonrazo.com\/branding\/2018\/11\/15\/el-efecto-de-la-empresa-responsable\/#primaryimage","url":"https:\/\/nelsonrazo.com\/branding\/wp-content\/uploads\/sites\/3\/2018\/11\/post_pic_esr.jpg","contentUrl":"https:\/\/nelsonrazo.com\/branding\/wp-content\/uploads\/sites\/3\/2018\/11\/post_pic_esr.jpg","width":1024,"height":590,"caption":"La empresa responsable"},{"@type":"BreadcrumbList","@id":"https:\/\/nelsonrazo.com\/branding\/2018\/11\/15\/el-efecto-de-la-empresa-responsable\/#breadcrumb","itemListElement":[{"@type":"ListItem","position":1,"name":"Portada","item":"https:\/\/nelsonrazo.com\/branding\/"},{"@type":"ListItem","position":2,"name":"El efecto de la empresa responsable"}]},{"@type":"WebSite","@id":"https:\/\/nelsonrazo.com\/branding\/#website","url":"https:\/\/nelsonrazo.com\/branding\/","name":"Nelson Razo | Branding Expert","description":"Experto en Branding y Marketing Digital","publisher":{"@id":"https:\/\/nelsonrazo.com\/branding\/#\/schema\/person\/ceb6f312abbbc713f92923cc55955221"},"alternateName":"Nelson Razo | Experto en Branding","potentialAction":[{"@type":"SearchAction","target":{"@type":"EntryPoint","urlTemplate":"https:\/\/nelsonrazo.com\/branding\/?s={search_term_string}"},"query-input":{"@type":"PropertyValueSpecification","valueRequired":true,"valueName":"search_term_string"}}],"inLanguage":"es"},{"@type":["Person","Organization"],"@id":"https:\/\/nelsonrazo.com\/branding\/#\/schema\/person\/ceb6f312abbbc713f92923cc55955221","name":"branding","image":{"@type":"ImageObject","inLanguage":"es","@id":"https:\/\/nelsonrazo.com\/branding\/wp-content\/uploads\/sites\/3\/2024\/01\/nelsonrazo_branding.png","url":"https:\/\/nelsonrazo.com\/branding\/wp-content\/uploads\/sites\/3\/2024\/01\/nelsonrazo_branding.png","contentUrl":"https:\/\/nelsonrazo.com\/branding\/wp-content\/uploads\/sites\/3\/2024\/01\/nelsonrazo_branding.png","width":400,"height":97,"caption":"branding"},"logo":{"@id":"https:\/\/nelsonrazo.com\/branding\/wp-content\/uploads\/sites\/3\/2024\/01\/nelsonrazo_branding.png"},"url":"https:\/\/nelsonrazo.com\/branding\/author\/branding\/"}]}},"jetpack_featured_media_url":"https:\/\/nelsonrazo.com\/branding\/wp-content\/uploads\/sites\/3\/2018\/11\/post_pic_esr.jpg","jetpack_shortlink":"https:\/\/wp.me\/pfweVl-jU","jetpack_sharing_enabled":true,"_links":{"self":[{"href":"https:\/\/nelsonrazo.com\/branding\/wp-json\/wp\/v2\/posts\/1234","targetHints":{"allow":["GET"]}}],"collection":[{"href":"https:\/\/nelsonrazo.com\/branding\/wp-json\/wp\/v2\/posts"}],"about":[{"href":"https:\/\/nelsonrazo.com\/branding\/wp-json\/wp\/v2\/types\/post"}],"author":[{"embeddable":true,"href":"https:\/\/nelsonrazo.com\/branding\/wp-json\/wp\/v2\/users\/3"}],"replies":[{"embeddable":true,"href":"https:\/\/nelsonrazo.com\/branding\/wp-json\/wp\/v2\/comments?post=1234"}],"version-history":[{"count":2,"href":"https:\/\/nelsonrazo.com\/branding\/wp-json\/wp\/v2\/posts\/1234\/revisions"}],"predecessor-version":[{"id":1405,"href":"https:\/\/nelsonrazo.com\/branding\/wp-json\/wp\/v2\/posts\/1234\/revisions\/1405"}],"wp:featuredmedia":[{"embeddable":true,"href":"https:\/\/nelsonrazo.com\/branding\/wp-json\/wp\/v2\/media\/1400"}],"wp:attachment":[{"href":"https:\/\/nelsonrazo.com\/branding\/wp-json\/wp\/v2\/media?parent=1234"}],"wp:term":[{"taxonomy":"category","embeddable":true,"href":"https:\/\/nelsonrazo.com\/branding\/wp-json\/wp\/v2\/categories?post=1234"},{"taxonomy":"post_tag","embeddable":true,"href":"https:\/\/nelsonrazo.com\/branding\/wp-json\/wp\/v2\/tags?post=1234"}],"curies":[{"name":"wp","href":"https:\/\/api.w.org\/{rel}","templated":true}]}}