{"id":1028,"date":"2017-11-24T07:44:35","date_gmt":"2017-11-24T15:44:35","guid":{"rendered":"http:\/\/nelsonrazo.com\/?p=1028"},"modified":"2024-02-14T07:08:17","modified_gmt":"2024-02-14T06:08:17","slug":"la-falacia-los-valores","status":"publish","type":"post","link":"https:\/\/nelsonrazo.com\/branding\/2017\/11\/24\/la-falacia-los-valores\/","title":{"rendered":"La falacia de los valores"},"content":{"rendered":"<p>Mark Manson es un escritor quien nunca imagin\u00f3 ni so\u00f1\u00f3 con ser escritor. El quer\u00eda ser artista de rock. Pero hoy\u00a0 es un escritor de quien su primer libro es ya un New York Times best seller y estuvo por semanas en la lista del audio libro m\u00e1s vendido.<\/p>\n<p>\u00bfC\u00f3mo lo logr\u00f3? Simple: cambi\u00f3 sus valores cuando se dio cuenta que lo que antes valoraba, aunque le hab\u00eda dejado sus beneficios, no le servir\u00eda para madurar y para descubrir, explotar y aprovechar su verdadero potencial. Y el trabajo que le permite la vida en la que disfruta balanceadamente de todo lo que ahora considera importante.<\/p>\n<p>Y es que, en sus propias palabras: \u00abcuando tenemos valores pobres, es decir est\u00e1ndares pobres que establecemos para nosotros mismos y para los dem\u00e1s, esencialmente nos estamos preocupado por cosas que no importan, cosas que en realidad hacen y har\u00e1n nuestra vida peor.\u00bb<\/p>\n<h3>No es lo que pensabas<\/h3>\n<p>Para<a href=\"https:\/\/markmanson.net\/\"> Manson<\/a>, esos est\u00e1ndares eran disfrutar de todo al mismo tiempo, no dejar pasar ning\u00fan pa\u00eds, ninguna cultura, ninguna mujer. Y por un tiempo, porque pudo, lo hizo. Y lo disfrut\u00f3 en su momento. Pero un d\u00eda se dio cuenta de que algo m\u00e1s le faltaba, que a pesar de que hab\u00eda cumplido su sue\u00f1o (su valor) de disfrutar del mundo, de muchas amistades y de sus placeres, al final eso no le dej\u00f3 satisfecho.<\/p>\n<p>As\u00ed que, se dej\u00f3 de eso, decidi\u00f3 que una relaci\u00f3n y una profesi\u00f3n estables eran mejor que todo lo que antes hab\u00eda valorado y se convirti\u00f3 en un escritor profesional con un best seller.<\/p>\n<p>No lo apunta en su libro de esta manera precisa, pero una de las claves de su \u00e9xito (y no me refiero solo a su carrera sino a llegar a una estabilidad disfrutable en su vida), adem\u00e1s de haber cambiado el est\u00e1ndar con el que med\u00eda su felicidad, es que lo hizo a tiempo. Y es que sin darse cuenta, sus circunstancias familiares (\u00e9l acepta que en su familia el dinero no era problema) le permitieron llegar a este cambio relativamente temprano en su vida, a diferencia de la mayor\u00eda.<\/p>\n<p>A los 30 ya hab\u00eda viajado por muchos pa\u00edses, conocido muchos lugares, lidiado con muchas relaciones y se hab\u00eda dado cuenta de que eso no era suficiente, de que eso no era lo importante. Pero eso mismo fue lo que le sirvi\u00f3 para convertirse en un autor exitoso. T\u00e9cnicamente, los problemas con los que se encontr\u00f3 al disfrutar de sus anteriores valores, fueron lo que le sirvieron para convertirse en autor.<\/p>\n<h3>La vida es un problema<\/h3>\n<p>Precisamente el tema central de <a href=\"https:\/\/www.goodreads.com\/book\/show\/28257707-the-subtle-art-of-not-giving-a-f-ck\"><em>The Subtle Art of Not Giving a F*ck<\/em><\/a> es este: la vida es una serie constante de problemas. <a href=\"http:\/\/nelsonrazo.com\/blog\/2017\/08\/25\/disfruta-las-experiencias-negativas\/\">No puedes ni debes querer evitarlos<\/a>. (S\u00ed, el deber s\u00ed existe cuando quieres avanzar a un siguiente nivel de desarrollo personal, a diferencia de lo que ciertos enfoques psicol\u00f3gicos pregonan).<\/p>\n<p>Nunca dejar\u00e1s de tener problemas en tu vida, ni debes esperar dejar de tenerlos; la clave est\u00e1 en buscar tener cada vez <strong>mejores problemas<\/strong>; problemas que son el producto de tu cada vez mayor madurez y crecimiento personal. As\u00ed, tus problemas no crear\u00e1n solamente un estr\u00e9s innecesario, sino un estr\u00e9s que te servir\u00e1n para mejorar, para pasar a un mejor tipo de problema.<\/p>\n<p>De esto se trata en realidad la felicidad: de <a href=\"https:\/\/www.youtube.com\/watch?v=FCp5mu9P13Q\">resolver los problemas de la vida<\/a>, no de disfrutar de los placeres y las comodidades. Y de resolver los problemas importantes, los buenos para tu vida, no los inconsecuentes. Porque los seres humanos gustamos de ponerle importancia a inconsecuencias, a problemas que de poco servir\u00e1 resolver. Y los buenos problemas solo vienen de adoptar buenos valores.<\/p>\n<h3>Cambiar tus valores<\/h3>\n<p>Existe la idea en nuestra sociedad de que hay valores por los cuales todos como personas debemos guiar nuestra vida. Responsabilidad, paz, verdad, congruencia, libertad, respeto, justicia. Y es cierto. Pero estos son solamente valores humanos universales.<\/p>\n<p>Personalmente a trav\u00e9s de nuestra vida (y mucho m\u00e1s antes de ser adultos responsables) adoptamos valores que no necesariamente son universales. Y no necesariamente son \u00fatiles en todas las circunstancias o etapas de nuestra vida.<\/p>\n<p>As\u00ed como le pas\u00f3 a Mark Manson, un d\u00eda (por all\u00e1 en tu pubertad) decidiste valorar el disfrutar de muchas (y leves) amistades por encima de cultivar amistades m\u00e1s profundas. Y por varios a\u00f1os te funciona. Hasta que un d\u00eda te das cuenta que eso ya no te sirve para hacer una vida responsable en pareja, para formar una familia y para fomentar tu carrera profesional.<\/p>\n<p>Ahora debes cambiar ese valor que antes atesorabas y, aunque te duela y la transici\u00f3n sea dif\u00edcil ya que te acostumbraste demasiado al valor anterior, debes cambiarlo ahora por ocupar tu tiempo en pocas pero m\u00e1s profundas amistades con personas que ahora son m\u00e1s valiosas para tu siguiente etapa de la vida. Y este es solamente un ejemplo.<\/p>\n<p>Lo mismo pasa con muchos otros valores que adoptaste durante tu vida y que cuando tus circunstancias cambian, ya no son m\u00e1s importantes que otros. Inclusive que los contrarios.<\/p>\n<p>Un d\u00eda, buscar primero <a href=\"http:\/\/nelsonrazo.com\/blog\/2016\/11\/15\/poder-la-incomodidad\/\">la comodidad<\/a> te causar\u00e1 problemas. Un d\u00eda, valorar lo que piensen los dem\u00e1s de ti por sobre hacerte responsable de tus decisiones, tambi\u00e9n te causar\u00e1 problemas. Y no te dejar\u00e1 crecer. Y en el inter arruinar\u00e1 tus planes de pasar a la siguiente etapa de tu vida.<\/p>\n<p><img loading=\"lazy\" decoding=\"async\" class=\"alignnone size-full wp-image-1031\" src=\"http:\/\/nelsonrazo.com\/wp-content\/uploads\/2017\/11\/valores1.jpg\" alt=\"Cambiar los que valoras\" width=\"850\" height=\"279\" \/><\/p>\n<h3>El dolor que vale<\/h3>\n<p>Las transiciones duelen precisamente por esto: porque nuestros valores los adoptamos como el marco a trav\u00e9s del cual vemos y vivimos nuestra vida. Y el proceso de cambiar el marco de referencia de tu vida conlleva muchos problemas e incomodidades que muchas personas no est\u00e1n dispuestas a aceptar, por la simple tendencia humana a mantenernos en nuestra <a href=\"http:\/\/elraptorblog.com\/2016\/11\/banarte-con-agua-fria\/\">zona de confort<\/a>, aunque despu\u00e9s se nos regrese en la cara.<\/p>\n<p>Pero como dice la sabia frase:<em> las mejores cosas de tu vida no llegan <\/em><a href=\"http:\/\/nelsonrazo.com\/blog\/2016\/11\/15\/poder-la-incomodidad\/\"><em>de las zonas de confort<\/em>.<\/a>\u00a0Y tampoco lo hace tu crecimiento personal. Mucho menos tu madurez.<\/p>\n<p>Porque como dice Manson, \u00abmadurar es eso que te pasa cuando decides ponerle importancia a las cosas que verdaderamente importan\u00bb. No a lo que cre\u00edas que era importante cuando ten\u00edas menos de 20 a\u00f1os.<\/p>\n<p>Y el placer y la comodidad no son lo importante en la vida. Estas dos tan atesoradas cosas son solamente el subproducto de resolver los problemas de la vida adoptando los valores necesarios para cada etapa de la misma. Solamente como la consecuencia de resolver los problemas de la vida es como el placer y comodidad valen de verdad.<\/p>\n<p>Simple de explicar, pero <a href=\"http:\/\/elraptorblog.com\/2017\/04\/poder-los-habitos\/\">complicado de lograr<\/a>.<\/p>\n<h3>No te tardes<\/h3>\n<p>Y \u00bfsabes qu\u00e9 es lo m\u00e1s dif\u00edcil? Que entre m\u00e1s te tardas en comenzar a cambiar tus valores, m\u00e1s dif\u00edcil ser\u00e1 que lo logres. De la misma forma que entre m\u00e1s dejas crecer una enredadera, m\u00e1s dif\u00edcil es deshacerte de ella, entre m\u00e1s tiempo te aferras a un valor, m\u00e1s dif\u00edcil ser\u00e1 deshacerte de \u00e9l y cambiarlo por uno m\u00e1s importante.<\/p>\n<p>Por esto los valores no son ni deben ser fijos. La idea de que solamente porque te fomentaron un valor este no debe cambiar, es una falacia.<\/p>\n<p>Los valores cambian porque la vida cambia. Tan sencillo como eso.<\/p>\n<p>As\u00ed que, si tu vida est\u00e1 cambiando, comienza ya a reestructurar tus valores y dejar de lado los que no te sirven ya.<\/p>\n<p>Ni siquiera te preguntes c\u00f3mo. Como dice Nike, solo hazlo.<\/p>\n<p>Entre m\u00e1s pronto, mejor.<\/p>\n","protected":false},"excerpt":{"rendered":"<p>Tus valores pueden (y deben) cambiar durante tu vida. De esto depende tu madurez, tu crecimiento y tu marca personal.<\/p>\n","protected":false},"author":3,"featured_media":1520,"comment_status":"open","ping_status":"open","sticky":false,"template":"","format":"standard","meta":{"_themeisle_gutenberg_block_has_review":false,"_jetpack_memberships_contains_paid_content":false,"footnotes":""},"categories":[4],"tags":[55,85,201,278,325,347,351],"class_list":["post-1028","post","type-post","status-publish","format-standard","has-post-thumbnail","hentry","category-branding-personal","tag-branding-personal","tag-crecimiento-personal","tag-madurez","tag-problemas","tag-superacion","tag-valores","tag-vida"],"yoast_head":"<!-- This site is optimized with the Yoast SEO plugin v27.4 - https:\/\/yoast.com\/product\/yoast-seo-wordpress\/ -->\n<title>La falacia de los valores - Nelson Razo | Branding Expert<\/title>\n<meta name=\"description\" content=\"Tus valores pueden (y deben) cambiar durante tu vida. De esto depende no solamente tu madurez, sino tambi\u00e9n tu crecimiento y tu marca personal.\" \/>\n<meta name=\"robots\" content=\"index, follow, max-snippet:-1, max-image-preview:large, max-video-preview:-1\" \/>\n<link rel=\"canonical\" href=\"https:\/\/nelsonrazo.com\/branding\/2017\/11\/24\/la-falacia-los-valores\/\" \/>\n<meta property=\"og:locale\" content=\"es_ES\" \/>\n<meta property=\"og:type\" content=\"article\" \/>\n<meta property=\"og:title\" content=\"La falacia de los valores - Nelson Razo | Branding Expert\" \/>\n<meta property=\"og:description\" content=\"Tus valores pueden (y deben) cambiar durante tu vida. De esto depende no solamente tu madurez, sino tambi\u00e9n tu crecimiento y tu marca personal.\" \/>\n<meta property=\"og:url\" content=\"https:\/\/nelsonrazo.com\/branding\/2017\/11\/24\/la-falacia-los-valores\/\" \/>\n<meta property=\"og:site_name\" content=\"Nelson Razo | Branding Expert\" \/>\n<meta property=\"article:published_time\" content=\"2017-11-24T15:44:35+00:00\" \/>\n<meta property=\"article:modified_time\" content=\"2024-02-14T06:08:17+00:00\" \/>\n<meta property=\"og:image\" content=\"https:\/\/nelsonrazo.com\/branding\/wp-content\/uploads\/sites\/3\/2017\/11\/post_image_valores.jpg\" \/>\n\t<meta property=\"og:image:width\" content=\"1024\" \/>\n\t<meta property=\"og:image:height\" content=\"590\" \/>\n\t<meta property=\"og:image:type\" content=\"image\/jpeg\" \/>\n<meta name=\"author\" content=\"branding\" \/>\n<meta name=\"twitter:card\" content=\"summary_large_image\" \/>\n<meta name=\"twitter:label1\" content=\"Escrito por\" \/>\n\t<meta name=\"twitter:data1\" content=\"branding\" \/>\n\t<meta name=\"twitter:label2\" content=\"Tiempo de lectura\" \/>\n\t<meta name=\"twitter:data2\" content=\"7 minutos\" \/>\n<script type=\"application\/ld+json\" class=\"yoast-schema-graph\">{\"@context\":\"https:\\\/\\\/schema.org\",\"@graph\":[{\"@type\":\"Article\",\"@id\":\"https:\\\/\\\/nelsonrazo.com\\\/branding\\\/2017\\\/11\\\/24\\\/la-falacia-los-valores\\\/#article\",\"isPartOf\":{\"@id\":\"https:\\\/\\\/nelsonrazo.com\\\/branding\\\/2017\\\/11\\\/24\\\/la-falacia-los-valores\\\/\"},\"author\":{\"name\":\"branding\",\"@id\":\"https:\\\/\\\/nelsonrazo.com\\\/branding\\\/#\\\/schema\\\/person\\\/ceb6f312abbbc713f92923cc55955221\"},\"headline\":\"La falacia de los valores\",\"datePublished\":\"2017-11-24T15:44:35+00:00\",\"dateModified\":\"2024-02-14T06:08:17+00:00\",\"mainEntityOfPage\":{\"@id\":\"https:\\\/\\\/nelsonrazo.com\\\/branding\\\/2017\\\/11\\\/24\\\/la-falacia-los-valores\\\/\"},\"wordCount\":1300,\"commentCount\":3,\"publisher\":{\"@id\":\"https:\\\/\\\/nelsonrazo.com\\\/branding\\\/#\\\/schema\\\/person\\\/ceb6f312abbbc713f92923cc55955221\"},\"image\":{\"@id\":\"https:\\\/\\\/nelsonrazo.com\\\/branding\\\/2017\\\/11\\\/24\\\/la-falacia-los-valores\\\/#primaryimage\"},\"thumbnailUrl\":\"https:\\\/\\\/nelsonrazo.com\\\/branding\\\/wp-content\\\/uploads\\\/sites\\\/3\\\/2017\\\/11\\\/post_image_valores.jpg\",\"keywords\":[\"branding personal\",\"crecimiento personal\",\"madurez\",\"problemas\",\"superacion\",\"valores\",\"vida\"],\"articleSection\":[\"Branding Personal\"],\"inLanguage\":\"es\",\"potentialAction\":[{\"@type\":\"CommentAction\",\"name\":\"Comment\",\"target\":[\"https:\\\/\\\/nelsonrazo.com\\\/branding\\\/2017\\\/11\\\/24\\\/la-falacia-los-valores\\\/#respond\"]}]},{\"@type\":\"WebPage\",\"@id\":\"https:\\\/\\\/nelsonrazo.com\\\/branding\\\/2017\\\/11\\\/24\\\/la-falacia-los-valores\\\/\",\"url\":\"https:\\\/\\\/nelsonrazo.com\\\/branding\\\/2017\\\/11\\\/24\\\/la-falacia-los-valores\\\/\",\"name\":\"La falacia de los valores - Nelson Razo | Branding Expert\",\"isPartOf\":{\"@id\":\"https:\\\/\\\/nelsonrazo.com\\\/branding\\\/#website\"},\"primaryImageOfPage\":{\"@id\":\"https:\\\/\\\/nelsonrazo.com\\\/branding\\\/2017\\\/11\\\/24\\\/la-falacia-los-valores\\\/#primaryimage\"},\"image\":{\"@id\":\"https:\\\/\\\/nelsonrazo.com\\\/branding\\\/2017\\\/11\\\/24\\\/la-falacia-los-valores\\\/#primaryimage\"},\"thumbnailUrl\":\"https:\\\/\\\/nelsonrazo.com\\\/branding\\\/wp-content\\\/uploads\\\/sites\\\/3\\\/2017\\\/11\\\/post_image_valores.jpg\",\"datePublished\":\"2017-11-24T15:44:35+00:00\",\"dateModified\":\"2024-02-14T06:08:17+00:00\",\"description\":\"Tus valores pueden (y deben) cambiar durante tu vida. De esto depende no solamente tu madurez, sino tambi\u00e9n tu crecimiento y tu marca personal.\",\"breadcrumb\":{\"@id\":\"https:\\\/\\\/nelsonrazo.com\\\/branding\\\/2017\\\/11\\\/24\\\/la-falacia-los-valores\\\/#breadcrumb\"},\"inLanguage\":\"es\",\"potentialAction\":[{\"@type\":\"ReadAction\",\"target\":[\"https:\\\/\\\/nelsonrazo.com\\\/branding\\\/2017\\\/11\\\/24\\\/la-falacia-los-valores\\\/\"]}]},{\"@type\":\"ImageObject\",\"inLanguage\":\"es\",\"@id\":\"https:\\\/\\\/nelsonrazo.com\\\/branding\\\/2017\\\/11\\\/24\\\/la-falacia-los-valores\\\/#primaryimage\",\"url\":\"https:\\\/\\\/nelsonrazo.com\\\/branding\\\/wp-content\\\/uploads\\\/sites\\\/3\\\/2017\\\/11\\\/post_image_valores.jpg\",\"contentUrl\":\"https:\\\/\\\/nelsonrazo.com\\\/branding\\\/wp-content\\\/uploads\\\/sites\\\/3\\\/2017\\\/11\\\/post_image_valores.jpg\",\"width\":1024,\"height\":590,\"caption\":\"La falacia de los valores\"},{\"@type\":\"BreadcrumbList\",\"@id\":\"https:\\\/\\\/nelsonrazo.com\\\/branding\\\/2017\\\/11\\\/24\\\/la-falacia-los-valores\\\/#breadcrumb\",\"itemListElement\":[{\"@type\":\"ListItem\",\"position\":1,\"name\":\"Portada\",\"item\":\"https:\\\/\\\/nelsonrazo.com\\\/branding\\\/\"},{\"@type\":\"ListItem\",\"position\":2,\"name\":\"La falacia de los valores\"}]},{\"@type\":\"WebSite\",\"@id\":\"https:\\\/\\\/nelsonrazo.com\\\/branding\\\/#website\",\"url\":\"https:\\\/\\\/nelsonrazo.com\\\/branding\\\/\",\"name\":\"Nelson Razo | Branding Expert\",\"description\":\"Experto en Branding y Marketing Digital\",\"publisher\":{\"@id\":\"https:\\\/\\\/nelsonrazo.com\\\/branding\\\/#\\\/schema\\\/person\\\/ceb6f312abbbc713f92923cc55955221\"},\"alternateName\":\"Nelson Razo | Experto en Branding\",\"potentialAction\":[{\"@type\":\"SearchAction\",\"target\":{\"@type\":\"EntryPoint\",\"urlTemplate\":\"https:\\\/\\\/nelsonrazo.com\\\/branding\\\/?s={search_term_string}\"},\"query-input\":{\"@type\":\"PropertyValueSpecification\",\"valueRequired\":true,\"valueName\":\"search_term_string\"}}],\"inLanguage\":\"es\"},{\"@type\":[\"Person\",\"Organization\"],\"@id\":\"https:\\\/\\\/nelsonrazo.com\\\/branding\\\/#\\\/schema\\\/person\\\/ceb6f312abbbc713f92923cc55955221\",\"name\":\"branding\",\"image\":{\"@type\":\"ImageObject\",\"inLanguage\":\"es\",\"@id\":\"https:\\\/\\\/nelsonrazo.com\\\/branding\\\/wp-content\\\/uploads\\\/sites\\\/3\\\/2024\\\/01\\\/nelsonrazo_branding.png\",\"url\":\"https:\\\/\\\/nelsonrazo.com\\\/branding\\\/wp-content\\\/uploads\\\/sites\\\/3\\\/2024\\\/01\\\/nelsonrazo_branding.png\",\"contentUrl\":\"https:\\\/\\\/nelsonrazo.com\\\/branding\\\/wp-content\\\/uploads\\\/sites\\\/3\\\/2024\\\/01\\\/nelsonrazo_branding.png\",\"width\":400,\"height\":97,\"caption\":\"branding\"},\"logo\":{\"@id\":\"https:\\\/\\\/nelsonrazo.com\\\/branding\\\/wp-content\\\/uploads\\\/sites\\\/3\\\/2024\\\/01\\\/nelsonrazo_branding.png\"},\"url\":\"https:\\\/\\\/nelsonrazo.com\\\/branding\\\/author\\\/branding\\\/\"}]}<\/script>\n<!-- \/ Yoast SEO plugin. -->","yoast_head_json":{"title":"La falacia de los valores - Nelson Razo | Branding Expert","description":"Tus valores pueden (y deben) cambiar durante tu vida. De esto depende no solamente tu madurez, sino tambi\u00e9n tu crecimiento y tu marca personal.","robots":{"index":"index","follow":"follow","max-snippet":"max-snippet:-1","max-image-preview":"max-image-preview:large","max-video-preview":"max-video-preview:-1"},"canonical":"https:\/\/nelsonrazo.com\/branding\/2017\/11\/24\/la-falacia-los-valores\/","og_locale":"es_ES","og_type":"article","og_title":"La falacia de los valores - Nelson Razo | Branding Expert","og_description":"Tus valores pueden (y deben) cambiar durante tu vida. De esto depende no solamente tu madurez, sino tambi\u00e9n tu crecimiento y tu marca personal.","og_url":"https:\/\/nelsonrazo.com\/branding\/2017\/11\/24\/la-falacia-los-valores\/","og_site_name":"Nelson Razo | Branding Expert","article_published_time":"2017-11-24T15:44:35+00:00","article_modified_time":"2024-02-14T06:08:17+00:00","og_image":[{"width":1024,"height":590,"url":"https:\/\/nelsonrazo.com\/branding\/wp-content\/uploads\/sites\/3\/2017\/11\/post_image_valores.jpg","type":"image\/jpeg"}],"author":"branding","twitter_card":"summary_large_image","twitter_misc":{"Escrito por":"branding","Tiempo de lectura":"7 minutos"},"schema":{"@context":"https:\/\/schema.org","@graph":[{"@type":"Article","@id":"https:\/\/nelsonrazo.com\/branding\/2017\/11\/24\/la-falacia-los-valores\/#article","isPartOf":{"@id":"https:\/\/nelsonrazo.com\/branding\/2017\/11\/24\/la-falacia-los-valores\/"},"author":{"name":"branding","@id":"https:\/\/nelsonrazo.com\/branding\/#\/schema\/person\/ceb6f312abbbc713f92923cc55955221"},"headline":"La falacia de los valores","datePublished":"2017-11-24T15:44:35+00:00","dateModified":"2024-02-14T06:08:17+00:00","mainEntityOfPage":{"@id":"https:\/\/nelsonrazo.com\/branding\/2017\/11\/24\/la-falacia-los-valores\/"},"wordCount":1300,"commentCount":3,"publisher":{"@id":"https:\/\/nelsonrazo.com\/branding\/#\/schema\/person\/ceb6f312abbbc713f92923cc55955221"},"image":{"@id":"https:\/\/nelsonrazo.com\/branding\/2017\/11\/24\/la-falacia-los-valores\/#primaryimage"},"thumbnailUrl":"https:\/\/nelsonrazo.com\/branding\/wp-content\/uploads\/sites\/3\/2017\/11\/post_image_valores.jpg","keywords":["branding personal","crecimiento personal","madurez","problemas","superacion","valores","vida"],"articleSection":["Branding Personal"],"inLanguage":"es","potentialAction":[{"@type":"CommentAction","name":"Comment","target":["https:\/\/nelsonrazo.com\/branding\/2017\/11\/24\/la-falacia-los-valores\/#respond"]}]},{"@type":"WebPage","@id":"https:\/\/nelsonrazo.com\/branding\/2017\/11\/24\/la-falacia-los-valores\/","url":"https:\/\/nelsonrazo.com\/branding\/2017\/11\/24\/la-falacia-los-valores\/","name":"La falacia de los valores - Nelson Razo | Branding Expert","isPartOf":{"@id":"https:\/\/nelsonrazo.com\/branding\/#website"},"primaryImageOfPage":{"@id":"https:\/\/nelsonrazo.com\/branding\/2017\/11\/24\/la-falacia-los-valores\/#primaryimage"},"image":{"@id":"https:\/\/nelsonrazo.com\/branding\/2017\/11\/24\/la-falacia-los-valores\/#primaryimage"},"thumbnailUrl":"https:\/\/nelsonrazo.com\/branding\/wp-content\/uploads\/sites\/3\/2017\/11\/post_image_valores.jpg","datePublished":"2017-11-24T15:44:35+00:00","dateModified":"2024-02-14T06:08:17+00:00","description":"Tus valores pueden (y deben) cambiar durante tu vida. De esto depende no solamente tu madurez, sino tambi\u00e9n tu crecimiento y tu marca personal.","breadcrumb":{"@id":"https:\/\/nelsonrazo.com\/branding\/2017\/11\/24\/la-falacia-los-valores\/#breadcrumb"},"inLanguage":"es","potentialAction":[{"@type":"ReadAction","target":["https:\/\/nelsonrazo.com\/branding\/2017\/11\/24\/la-falacia-los-valores\/"]}]},{"@type":"ImageObject","inLanguage":"es","@id":"https:\/\/nelsonrazo.com\/branding\/2017\/11\/24\/la-falacia-los-valores\/#primaryimage","url":"https:\/\/nelsonrazo.com\/branding\/wp-content\/uploads\/sites\/3\/2017\/11\/post_image_valores.jpg","contentUrl":"https:\/\/nelsonrazo.com\/branding\/wp-content\/uploads\/sites\/3\/2017\/11\/post_image_valores.jpg","width":1024,"height":590,"caption":"La falacia de los valores"},{"@type":"BreadcrumbList","@id":"https:\/\/nelsonrazo.com\/branding\/2017\/11\/24\/la-falacia-los-valores\/#breadcrumb","itemListElement":[{"@type":"ListItem","position":1,"name":"Portada","item":"https:\/\/nelsonrazo.com\/branding\/"},{"@type":"ListItem","position":2,"name":"La falacia de los valores"}]},{"@type":"WebSite","@id":"https:\/\/nelsonrazo.com\/branding\/#website","url":"https:\/\/nelsonrazo.com\/branding\/","name":"Nelson Razo | Branding Expert","description":"Experto en Branding y Marketing Digital","publisher":{"@id":"https:\/\/nelsonrazo.com\/branding\/#\/schema\/person\/ceb6f312abbbc713f92923cc55955221"},"alternateName":"Nelson Razo | Experto en Branding","potentialAction":[{"@type":"SearchAction","target":{"@type":"EntryPoint","urlTemplate":"https:\/\/nelsonrazo.com\/branding\/?s={search_term_string}"},"query-input":{"@type":"PropertyValueSpecification","valueRequired":true,"valueName":"search_term_string"}}],"inLanguage":"es"},{"@type":["Person","Organization"],"@id":"https:\/\/nelsonrazo.com\/branding\/#\/schema\/person\/ceb6f312abbbc713f92923cc55955221","name":"branding","image":{"@type":"ImageObject","inLanguage":"es","@id":"https:\/\/nelsonrazo.com\/branding\/wp-content\/uploads\/sites\/3\/2024\/01\/nelsonrazo_branding.png","url":"https:\/\/nelsonrazo.com\/branding\/wp-content\/uploads\/sites\/3\/2024\/01\/nelsonrazo_branding.png","contentUrl":"https:\/\/nelsonrazo.com\/branding\/wp-content\/uploads\/sites\/3\/2024\/01\/nelsonrazo_branding.png","width":400,"height":97,"caption":"branding"},"logo":{"@id":"https:\/\/nelsonrazo.com\/branding\/wp-content\/uploads\/sites\/3\/2024\/01\/nelsonrazo_branding.png"},"url":"https:\/\/nelsonrazo.com\/branding\/author\/branding\/"}]}},"jetpack_featured_media_url":"https:\/\/nelsonrazo.com\/branding\/wp-content\/uploads\/sites\/3\/2017\/11\/post_image_valores.jpg","jetpack_shortlink":"https:\/\/wp.me\/pfweVl-gA","jetpack_sharing_enabled":true,"_links":{"self":[{"href":"https:\/\/nelsonrazo.com\/branding\/wp-json\/wp\/v2\/posts\/1028","targetHints":{"allow":["GET"]}}],"collection":[{"href":"https:\/\/nelsonrazo.com\/branding\/wp-json\/wp\/v2\/posts"}],"about":[{"href":"https:\/\/nelsonrazo.com\/branding\/wp-json\/wp\/v2\/types\/post"}],"author":[{"embeddable":true,"href":"https:\/\/nelsonrazo.com\/branding\/wp-json\/wp\/v2\/users\/3"}],"replies":[{"embeddable":true,"href":"https:\/\/nelsonrazo.com\/branding\/wp-json\/wp\/v2\/comments?post=1028"}],"version-history":[{"count":1,"href":"https:\/\/nelsonrazo.com\/branding\/wp-json\/wp\/v2\/posts\/1028\/revisions"}],"predecessor-version":[{"id":1521,"href":"https:\/\/nelsonrazo.com\/branding\/wp-json\/wp\/v2\/posts\/1028\/revisions\/1521"}],"wp:featuredmedia":[{"embeddable":true,"href":"https:\/\/nelsonrazo.com\/branding\/wp-json\/wp\/v2\/media\/1520"}],"wp:attachment":[{"href":"https:\/\/nelsonrazo.com\/branding\/wp-json\/wp\/v2\/media?parent=1028"}],"wp:term":[{"taxonomy":"category","embeddable":true,"href":"https:\/\/nelsonrazo.com\/branding\/wp-json\/wp\/v2\/categories?post=1028"},{"taxonomy":"post_tag","embeddable":true,"href":"https:\/\/nelsonrazo.com\/branding\/wp-json\/wp\/v2\/tags?post=1028"}],"curies":[{"name":"wp","href":"https:\/\/api.w.org\/{rel}","templated":true}]}}