{"id":1022,"date":"2017-11-20T11:27:19","date_gmt":"2017-11-20T19:27:19","guid":{"rendered":"http:\/\/nelsonrazo.com\/?p=1022"},"modified":"2024-02-14T07:25:27","modified_gmt":"2024-02-14T06:25:27","slug":"5-puntos-una-organizacion-social","status":"publish","type":"post","link":"https:\/\/nelsonrazo.com\/branding\/2017\/11\/20\/5-puntos-una-organizacion-social\/","title":{"rendered":"5 puntos para ser una organizaci\u00f3n social"},"content":{"rendered":"<p>Como ya lo analizamos <a href=\"http:\/\/nelsonrazo.com\/blog\/2016\/12\/20\/una-organizacion-social\/\">en el post anterior<\/a> sobre la importancia de ser una organizaci\u00f3n social, la tecnolog\u00eda nos permite ahora construir comunidades que fomentan la interacci\u00f3n entre muchas personas.Y esto sin necesidad de estar todos en el mismo lugar.<\/p>\n<p>Esta capacidad de la comunicaci\u00f3n moderna para formar comunidades alrededor de un tema o prop\u00f3sito, es una herramienta esencial que toda organizaci\u00f3n debe aprovechar tanto externa como internamente. Esto debido a que la colaboraci\u00f3n en masa permite afrontar retos de la organizaci\u00f3n en equipo y con un m\u00ednimo de inversi\u00f3n, e inclusive crear y explotar nuevas oportunidades que ni siquiera se hab\u00edan tomado en cuenta.<\/p>\n<p>Sin embargo, para aprovechar todo su potencial, la colaboraci\u00f3n en masa gracias a <a href=\"http:\/\/nelsonrazo.com\/blog\/2016\/08\/03\/la-importancia-del-marketing-digital\/\">las tecnolog\u00edas digitales<\/a> debe ser encausada bajo una serie de consideraciones que evitan que los esfuerzos se diluyan o, peor a\u00fan, se conviertan en <a href=\"http:\/\/nelsonrazo.com\/blog\/2016\/12\/05\/6-errores-cometes-en-facebook\/\">un arma de doble filo<\/a>.<\/p>\n<h3><strong>C\u00f3mo llegar a ser una organizaci\u00f3n social<\/strong><\/h3>\n<p>Entonces \u00bfquieres aprovechar el potencial de las redes sociales y la tecnolog\u00eda en beneficio de tu organizaci\u00f3n? Debido a que el poder de la colaboraci\u00f3n en masa puede volverse en tu contra, toma en cuenta los siguientes puntos.<\/p>\n<ol>\n<li><strong>Establece un prop\u00f3sito.<\/strong><br \/>\nAntes que cualquier cosa, para que los esfuerzos para aprovechar el poder de la colaboraci\u00f3n masiva en l\u00ednea rindan frutos, necesitas establecer un prop\u00f3sito o una serie de prop\u00f3sitos. Estos deben estar alineados con los objetivos de la organizaci\u00f3n y, m\u00e1s importante a\u00fan, deben estar enfocados espec\u00edficamente en las causas que m\u00e1s van de acuerdo con el perfil de los miembros y las capacidades de la tecnolog\u00eda a utilizar. Dicho de otra forma, el prop\u00f3sito es la causa sobre la cual la comunidad naturalmente interactuar\u00e1. Es lo que los motiva a contribuir, y por consiguiente debe seleccionarse cuidadosamente. Ni una gran inversi\u00f3n en tiempo y recursos servir\u00e1 para que un grupo de personas colaboren sin ning\u00fan prop\u00f3sito definido y de inter\u00e9s para ellos.<\/li>\n<li><strong>Establece un liderazgo.<\/strong><br \/>\nTener a una persona que supervise y determine todos los esfuerzos, asegura que el equipo va por el camino correcto, lo cual es extremadamente importante. Toda la estrategia social en l\u00ednea solamente puede mantener la consistencia y el enfoque cuando alguien est\u00e1 encargado mantenerlos.<\/li>\n<li><strong>Capacita a tu equipo.<\/strong><br \/>\nUtilizar las redes sociales pensando en la reputaci\u00f3n de la organizaci\u00f3n no es lo mismo que hacerlo de la misma forma que cualquiera administra su perfil personal. Capacitar al equipo en el correcto uso de estos medios es necesario para asegurar que todos se encuentren en la misma frecuencia. Las reuniones peri\u00f3dicas de an\u00e1lisis y actualizaci\u00f3n son m\u00e1s que necesarias.<\/li>\n<li><strong>Mant\u00e9n la consistencia.<\/strong><br \/>\nDesarrollar contenido creativo y establecer una agenda de publicaciones es una parte que muchos desear\u00edan no se necesitara. Pero se necesita, y una vez implementada con todos los miembros, se convierte en tu mejor herramienta para lograr la consistencia necesaria.<\/li>\n<li><strong>Analiza los resultados.<\/strong><br \/>\nY no solamente los \u201cMe Gusta\u201d, sino toda la gama de data que te dice no solamente cuanto si no c\u00f3mo est\u00e1 ayudando a tus objetivos el esfuerzo de ser una organizaci\u00f3n social. Ya existen muchas herramientas que lo hacen autom\u00e1ticamente.<\/li>\n<\/ol>\n<h3><strong>Se trata de liderazgo enfocado<\/strong><\/h3>\n<p>Es incre\u00edble cu\u00e1ntas organizaciones comienzan con la idea de explotar la colaboraci\u00f3n social en l\u00ednea y solamente por falta de fomento de la participaci\u00f3n no lo logran sus objetivos. Invita, promueve y apoya a todos los participantes para que se sientan motivados a participar.<\/p>\n<p>Aprovechar la colaboraci\u00f3n digital es un reto que, aunque parezca lo contrario, es m\u00e1s un reto de liderazgo que uno de recursos tecnol\u00f3gicos. Se trata de personas construyendo comunidad alrededor de<a href=\"http:\/\/nelsonrazo.com\/blog\/2017\/05\/18\/7-beneficios-del-marketing-de-contenido\/\"> sus necesidades, sus gustos y objetivos en com\u00fan<\/a>.<\/p>\n<p>Ser una organizaci\u00f3n <a href=\"https:\/\/en.wikipedia.org\/wiki\/Social_organization\">social<\/a> requiere un nuevo set de habilidades administrativas y de liderazgo que son cruciales en la era de la comunicaci\u00f3n social instant\u00e1nea.<\/p>\n<p>As\u00ed que, lo m\u00e1s pronto posible, establece una visi\u00f3n, desarrolla un enfoque estrat\u00e9gico y refina el prop\u00f3sito para redes sociales de tu organizaci\u00f3n. Aprovechar una tecnolog\u00eda que te puede ayudar a <a href=\"http:\/\/nelsonrazo.com\/blog\/2017\/11\/03\/branding-en-pocas-palabras\/\">fomentar la lealtad<\/a> tanto interna como externa, depende de ello.<\/p>\n<p><a href=\"http:\/\/nelsonrazo.com\/wp-content\/uploads\/2017\/11\/orgsoc_01.jpg\"><img loading=\"lazy\" decoding=\"async\" class=\"alignright size-full wp-image-1024\" src=\"http:\/\/nelsonrazo.com\/wp-content\/uploads\/2017\/11\/orgsoc_01.jpg\" alt=\"La Organizaci\u00f3n Social\" width=\"850\" height=\"279\" \/><\/a><\/p>\n","protected":false},"excerpt":{"rendered":"<p>Ser una organizaci\u00f3n social requiere un nuevo set de habilidades administrativas y de liderazgo que son cruciales en la era de la comunicaci\u00f3n instant\u00e1nea y las redes sociales.<\/p>\n","protected":false},"author":3,"featured_media":1531,"comment_status":"open","ping_status":"open","sticky":false,"template":"","format":"standard","meta":{"_themeisle_gutenberg_block_has_review":false,"_jetpack_memberships_contains_paid_content":false,"footnotes":""},"categories":[7],"tags":[38,70,114,122,181,249,250,297],"class_list":["post-1022","post","type-post","status-publish","format-standard","has-post-thumbnail","hentry","category-liderazgo","tag-aplicaciones-sociales","tag-comunicacion","tag-empresa","tag-equipo","tag-lealtad","tag-organizacion","tag-organizacion-social","tag-redes-sociales"],"yoast_head":"<!-- This site is optimized with the Yoast SEO plugin v27.5 - https:\/\/yoast.com\/product\/yoast-seo-wordpress\/ -->\n<title>5 puntos para ser una organizaci\u00f3n social - Nelson Razo | Branding Expert<\/title>\n<meta name=\"description\" content=\"Ser una organizaci\u00f3n social requiere un set de habilidades administrativas y de liderazgo que son cruciales en la era de las redes sociales.\" \/>\n<meta name=\"robots\" content=\"index, follow, max-snippet:-1, max-image-preview:large, max-video-preview:-1\" \/>\n<link rel=\"canonical\" href=\"https:\/\/nelsonrazo.com\/branding\/2017\/11\/20\/5-puntos-una-organizacion-social\/\" \/>\n<meta property=\"og:locale\" content=\"es_ES\" \/>\n<meta property=\"og:type\" content=\"article\" \/>\n<meta property=\"og:title\" content=\"5 puntos para ser una organizaci\u00f3n social - Nelson Razo | Branding Expert\" \/>\n<meta property=\"og:description\" content=\"Ser una organizaci\u00f3n social requiere un set de habilidades administrativas y de liderazgo que son cruciales en la era de las redes sociales.\" \/>\n<meta property=\"og:url\" content=\"https:\/\/nelsonrazo.com\/branding\/2017\/11\/20\/5-puntos-una-organizacion-social\/\" \/>\n<meta property=\"og:site_name\" content=\"Nelson Razo | Branding Expert\" \/>\n<meta property=\"article:published_time\" content=\"2017-11-20T19:27:19+00:00\" \/>\n<meta property=\"article:modified_time\" content=\"2024-02-14T06:25:27+00:00\" \/>\n<meta property=\"og:image\" content=\"https:\/\/nelsonrazo.com\/branding\/wp-content\/uploads\/sites\/3\/2017\/11\/post_pic_orgsoc.jpg\" \/>\n\t<meta property=\"og:image:width\" content=\"1024\" \/>\n\t<meta property=\"og:image:height\" content=\"590\" \/>\n\t<meta property=\"og:image:type\" content=\"image\/jpeg\" \/>\n<meta name=\"author\" content=\"branding\" \/>\n<meta name=\"twitter:card\" content=\"summary_large_image\" \/>\n<meta name=\"twitter:label1\" content=\"Escrito por\" \/>\n\t<meta name=\"twitter:data1\" content=\"branding\" \/>\n\t<meta name=\"twitter:label2\" content=\"Tiempo de lectura\" \/>\n\t<meta name=\"twitter:data2\" content=\"4 minutos\" \/>\n<script type=\"application\/ld+json\" class=\"yoast-schema-graph\">{\"@context\":\"https:\\\/\\\/schema.org\",\"@graph\":[{\"@type\":\"Article\",\"@id\":\"https:\\\/\\\/nelsonrazo.com\\\/branding\\\/2017\\\/11\\\/20\\\/5-puntos-una-organizacion-social\\\/#article\",\"isPartOf\":{\"@id\":\"https:\\\/\\\/nelsonrazo.com\\\/branding\\\/2017\\\/11\\\/20\\\/5-puntos-una-organizacion-social\\\/\"},\"author\":{\"name\":\"branding\",\"@id\":\"https:\\\/\\\/nelsonrazo.com\\\/branding\\\/#\\\/schema\\\/person\\\/ceb6f312abbbc713f92923cc55955221\"},\"headline\":\"5 puntos para ser una organizaci\u00f3n social\",\"datePublished\":\"2017-11-20T19:27:19+00:00\",\"dateModified\":\"2024-02-14T06:25:27+00:00\",\"mainEntityOfPage\":{\"@id\":\"https:\\\/\\\/nelsonrazo.com\\\/branding\\\/2017\\\/11\\\/20\\\/5-puntos-una-organizacion-social\\\/\"},\"wordCount\":743,\"commentCount\":0,\"publisher\":{\"@id\":\"https:\\\/\\\/nelsonrazo.com\\\/branding\\\/#\\\/schema\\\/person\\\/ceb6f312abbbc713f92923cc55955221\"},\"image\":{\"@id\":\"https:\\\/\\\/nelsonrazo.com\\\/branding\\\/2017\\\/11\\\/20\\\/5-puntos-una-organizacion-social\\\/#primaryimage\"},\"thumbnailUrl\":\"https:\\\/\\\/nelsonrazo.com\\\/branding\\\/wp-content\\\/uploads\\\/sites\\\/3\\\/2017\\\/11\\\/post_pic_orgsoc.jpg\",\"keywords\":[\"aplicaciones sociales\",\"comunicacion\",\"empresa\",\"equipo\",\"lealtad\",\"organizacion\",\"organizacion social\",\"redes sociales\"],\"articleSection\":[\"Liderazgo\"],\"inLanguage\":\"es\",\"potentialAction\":[{\"@type\":\"CommentAction\",\"name\":\"Comment\",\"target\":[\"https:\\\/\\\/nelsonrazo.com\\\/branding\\\/2017\\\/11\\\/20\\\/5-puntos-una-organizacion-social\\\/#respond\"]}]},{\"@type\":\"WebPage\",\"@id\":\"https:\\\/\\\/nelsonrazo.com\\\/branding\\\/2017\\\/11\\\/20\\\/5-puntos-una-organizacion-social\\\/\",\"url\":\"https:\\\/\\\/nelsonrazo.com\\\/branding\\\/2017\\\/11\\\/20\\\/5-puntos-una-organizacion-social\\\/\",\"name\":\"5 puntos para ser una organizaci\u00f3n social - Nelson Razo | Branding Expert\",\"isPartOf\":{\"@id\":\"https:\\\/\\\/nelsonrazo.com\\\/branding\\\/#website\"},\"primaryImageOfPage\":{\"@id\":\"https:\\\/\\\/nelsonrazo.com\\\/branding\\\/2017\\\/11\\\/20\\\/5-puntos-una-organizacion-social\\\/#primaryimage\"},\"image\":{\"@id\":\"https:\\\/\\\/nelsonrazo.com\\\/branding\\\/2017\\\/11\\\/20\\\/5-puntos-una-organizacion-social\\\/#primaryimage\"},\"thumbnailUrl\":\"https:\\\/\\\/nelsonrazo.com\\\/branding\\\/wp-content\\\/uploads\\\/sites\\\/3\\\/2017\\\/11\\\/post_pic_orgsoc.jpg\",\"datePublished\":\"2017-11-20T19:27:19+00:00\",\"dateModified\":\"2024-02-14T06:25:27+00:00\",\"description\":\"Ser una organizaci\u00f3n social requiere un set de habilidades administrativas y de liderazgo que son cruciales en la era de las redes sociales.\",\"breadcrumb\":{\"@id\":\"https:\\\/\\\/nelsonrazo.com\\\/branding\\\/2017\\\/11\\\/20\\\/5-puntos-una-organizacion-social\\\/#breadcrumb\"},\"inLanguage\":\"es\",\"potentialAction\":[{\"@type\":\"ReadAction\",\"target\":[\"https:\\\/\\\/nelsonrazo.com\\\/branding\\\/2017\\\/11\\\/20\\\/5-puntos-una-organizacion-social\\\/\"]}]},{\"@type\":\"ImageObject\",\"inLanguage\":\"es\",\"@id\":\"https:\\\/\\\/nelsonrazo.com\\\/branding\\\/2017\\\/11\\\/20\\\/5-puntos-una-organizacion-social\\\/#primaryimage\",\"url\":\"https:\\\/\\\/nelsonrazo.com\\\/branding\\\/wp-content\\\/uploads\\\/sites\\\/3\\\/2017\\\/11\\\/post_pic_orgsoc.jpg\",\"contentUrl\":\"https:\\\/\\\/nelsonrazo.com\\\/branding\\\/wp-content\\\/uploads\\\/sites\\\/3\\\/2017\\\/11\\\/post_pic_orgsoc.jpg\",\"width\":1024,\"height\":590,\"caption\":\"Ser una organizaci\u00f3n social\"},{\"@type\":\"BreadcrumbList\",\"@id\":\"https:\\\/\\\/nelsonrazo.com\\\/branding\\\/2017\\\/11\\\/20\\\/5-puntos-una-organizacion-social\\\/#breadcrumb\",\"itemListElement\":[{\"@type\":\"ListItem\",\"position\":1,\"name\":\"Portada\",\"item\":\"https:\\\/\\\/nelsonrazo.com\\\/branding\\\/\"},{\"@type\":\"ListItem\",\"position\":2,\"name\":\"5 puntos para ser una organizaci\u00f3n social\"}]},{\"@type\":\"WebSite\",\"@id\":\"https:\\\/\\\/nelsonrazo.com\\\/branding\\\/#website\",\"url\":\"https:\\\/\\\/nelsonrazo.com\\\/branding\\\/\",\"name\":\"Nelson Razo | Branding Expert\",\"description\":\"Experto en Branding y Marketing Digital\",\"publisher\":{\"@id\":\"https:\\\/\\\/nelsonrazo.com\\\/branding\\\/#\\\/schema\\\/person\\\/ceb6f312abbbc713f92923cc55955221\"},\"alternateName\":\"Nelson Razo | Experto en Branding\",\"potentialAction\":[{\"@type\":\"SearchAction\",\"target\":{\"@type\":\"EntryPoint\",\"urlTemplate\":\"https:\\\/\\\/nelsonrazo.com\\\/branding\\\/?s={search_term_string}\"},\"query-input\":{\"@type\":\"PropertyValueSpecification\",\"valueRequired\":true,\"valueName\":\"search_term_string\"}}],\"inLanguage\":\"es\"},{\"@type\":[\"Person\",\"Organization\"],\"@id\":\"https:\\\/\\\/nelsonrazo.com\\\/branding\\\/#\\\/schema\\\/person\\\/ceb6f312abbbc713f92923cc55955221\",\"name\":\"branding\",\"image\":{\"@type\":\"ImageObject\",\"inLanguage\":\"es\",\"@id\":\"https:\\\/\\\/nelsonrazo.com\\\/branding\\\/wp-content\\\/uploads\\\/sites\\\/3\\\/2024\\\/01\\\/nelsonrazo_branding.png\",\"url\":\"https:\\\/\\\/nelsonrazo.com\\\/branding\\\/wp-content\\\/uploads\\\/sites\\\/3\\\/2024\\\/01\\\/nelsonrazo_branding.png\",\"contentUrl\":\"https:\\\/\\\/nelsonrazo.com\\\/branding\\\/wp-content\\\/uploads\\\/sites\\\/3\\\/2024\\\/01\\\/nelsonrazo_branding.png\",\"width\":400,\"height\":97,\"caption\":\"branding\"},\"logo\":{\"@id\":\"https:\\\/\\\/nelsonrazo.com\\\/branding\\\/wp-content\\\/uploads\\\/sites\\\/3\\\/2024\\\/01\\\/nelsonrazo_branding.png\"},\"url\":\"https:\\\/\\\/nelsonrazo.com\\\/branding\\\/author\\\/branding\\\/\"}]}<\/script>\n<!-- \/ Yoast SEO plugin. -->","yoast_head_json":{"title":"5 puntos para ser una organizaci\u00f3n social - Nelson Razo | Branding Expert","description":"Ser una organizaci\u00f3n social requiere un set de habilidades administrativas y de liderazgo que son cruciales en la era de las redes sociales.","robots":{"index":"index","follow":"follow","max-snippet":"max-snippet:-1","max-image-preview":"max-image-preview:large","max-video-preview":"max-video-preview:-1"},"canonical":"https:\/\/nelsonrazo.com\/branding\/2017\/11\/20\/5-puntos-una-organizacion-social\/","og_locale":"es_ES","og_type":"article","og_title":"5 puntos para ser una organizaci\u00f3n social - Nelson Razo | Branding Expert","og_description":"Ser una organizaci\u00f3n social requiere un set de habilidades administrativas y de liderazgo que son cruciales en la era de las redes sociales.","og_url":"https:\/\/nelsonrazo.com\/branding\/2017\/11\/20\/5-puntos-una-organizacion-social\/","og_site_name":"Nelson Razo | Branding Expert","article_published_time":"2017-11-20T19:27:19+00:00","article_modified_time":"2024-02-14T06:25:27+00:00","og_image":[{"width":1024,"height":590,"url":"https:\/\/nelsonrazo.com\/branding\/wp-content\/uploads\/sites\/3\/2017\/11\/post_pic_orgsoc.jpg","type":"image\/jpeg"}],"author":"branding","twitter_card":"summary_large_image","twitter_misc":{"Escrito por":"branding","Tiempo de lectura":"4 minutos"},"schema":{"@context":"https:\/\/schema.org","@graph":[{"@type":"Article","@id":"https:\/\/nelsonrazo.com\/branding\/2017\/11\/20\/5-puntos-una-organizacion-social\/#article","isPartOf":{"@id":"https:\/\/nelsonrazo.com\/branding\/2017\/11\/20\/5-puntos-una-organizacion-social\/"},"author":{"name":"branding","@id":"https:\/\/nelsonrazo.com\/branding\/#\/schema\/person\/ceb6f312abbbc713f92923cc55955221"},"headline":"5 puntos para ser una organizaci\u00f3n social","datePublished":"2017-11-20T19:27:19+00:00","dateModified":"2024-02-14T06:25:27+00:00","mainEntityOfPage":{"@id":"https:\/\/nelsonrazo.com\/branding\/2017\/11\/20\/5-puntos-una-organizacion-social\/"},"wordCount":743,"commentCount":0,"publisher":{"@id":"https:\/\/nelsonrazo.com\/branding\/#\/schema\/person\/ceb6f312abbbc713f92923cc55955221"},"image":{"@id":"https:\/\/nelsonrazo.com\/branding\/2017\/11\/20\/5-puntos-una-organizacion-social\/#primaryimage"},"thumbnailUrl":"https:\/\/nelsonrazo.com\/branding\/wp-content\/uploads\/sites\/3\/2017\/11\/post_pic_orgsoc.jpg","keywords":["aplicaciones sociales","comunicacion","empresa","equipo","lealtad","organizacion","organizacion social","redes sociales"],"articleSection":["Liderazgo"],"inLanguage":"es","potentialAction":[{"@type":"CommentAction","name":"Comment","target":["https:\/\/nelsonrazo.com\/branding\/2017\/11\/20\/5-puntos-una-organizacion-social\/#respond"]}]},{"@type":"WebPage","@id":"https:\/\/nelsonrazo.com\/branding\/2017\/11\/20\/5-puntos-una-organizacion-social\/","url":"https:\/\/nelsonrazo.com\/branding\/2017\/11\/20\/5-puntos-una-organizacion-social\/","name":"5 puntos para ser una organizaci\u00f3n social - Nelson Razo | Branding Expert","isPartOf":{"@id":"https:\/\/nelsonrazo.com\/branding\/#website"},"primaryImageOfPage":{"@id":"https:\/\/nelsonrazo.com\/branding\/2017\/11\/20\/5-puntos-una-organizacion-social\/#primaryimage"},"image":{"@id":"https:\/\/nelsonrazo.com\/branding\/2017\/11\/20\/5-puntos-una-organizacion-social\/#primaryimage"},"thumbnailUrl":"https:\/\/nelsonrazo.com\/branding\/wp-content\/uploads\/sites\/3\/2017\/11\/post_pic_orgsoc.jpg","datePublished":"2017-11-20T19:27:19+00:00","dateModified":"2024-02-14T06:25:27+00:00","description":"Ser una organizaci\u00f3n social requiere un set de habilidades administrativas y de liderazgo que son cruciales en la era de las redes sociales.","breadcrumb":{"@id":"https:\/\/nelsonrazo.com\/branding\/2017\/11\/20\/5-puntos-una-organizacion-social\/#breadcrumb"},"inLanguage":"es","potentialAction":[{"@type":"ReadAction","target":["https:\/\/nelsonrazo.com\/branding\/2017\/11\/20\/5-puntos-una-organizacion-social\/"]}]},{"@type":"ImageObject","inLanguage":"es","@id":"https:\/\/nelsonrazo.com\/branding\/2017\/11\/20\/5-puntos-una-organizacion-social\/#primaryimage","url":"https:\/\/nelsonrazo.com\/branding\/wp-content\/uploads\/sites\/3\/2017\/11\/post_pic_orgsoc.jpg","contentUrl":"https:\/\/nelsonrazo.com\/branding\/wp-content\/uploads\/sites\/3\/2017\/11\/post_pic_orgsoc.jpg","width":1024,"height":590,"caption":"Ser una organizaci\u00f3n social"},{"@type":"BreadcrumbList","@id":"https:\/\/nelsonrazo.com\/branding\/2017\/11\/20\/5-puntos-una-organizacion-social\/#breadcrumb","itemListElement":[{"@type":"ListItem","position":1,"name":"Portada","item":"https:\/\/nelsonrazo.com\/branding\/"},{"@type":"ListItem","position":2,"name":"5 puntos para ser una organizaci\u00f3n social"}]},{"@type":"WebSite","@id":"https:\/\/nelsonrazo.com\/branding\/#website","url":"https:\/\/nelsonrazo.com\/branding\/","name":"Nelson Razo | Branding Expert","description":"Experto en Branding y Marketing Digital","publisher":{"@id":"https:\/\/nelsonrazo.com\/branding\/#\/schema\/person\/ceb6f312abbbc713f92923cc55955221"},"alternateName":"Nelson Razo | Experto en Branding","potentialAction":[{"@type":"SearchAction","target":{"@type":"EntryPoint","urlTemplate":"https:\/\/nelsonrazo.com\/branding\/?s={search_term_string}"},"query-input":{"@type":"PropertyValueSpecification","valueRequired":true,"valueName":"search_term_string"}}],"inLanguage":"es"},{"@type":["Person","Organization"],"@id":"https:\/\/nelsonrazo.com\/branding\/#\/schema\/person\/ceb6f312abbbc713f92923cc55955221","name":"branding","image":{"@type":"ImageObject","inLanguage":"es","@id":"https:\/\/nelsonrazo.com\/branding\/wp-content\/uploads\/sites\/3\/2024\/01\/nelsonrazo_branding.png","url":"https:\/\/nelsonrazo.com\/branding\/wp-content\/uploads\/sites\/3\/2024\/01\/nelsonrazo_branding.png","contentUrl":"https:\/\/nelsonrazo.com\/branding\/wp-content\/uploads\/sites\/3\/2024\/01\/nelsonrazo_branding.png","width":400,"height":97,"caption":"branding"},"logo":{"@id":"https:\/\/nelsonrazo.com\/branding\/wp-content\/uploads\/sites\/3\/2024\/01\/nelsonrazo_branding.png"},"url":"https:\/\/nelsonrazo.com\/branding\/author\/branding\/"}]}},"jetpack_featured_media_url":"https:\/\/nelsonrazo.com\/branding\/wp-content\/uploads\/sites\/3\/2017\/11\/post_pic_orgsoc.jpg","jetpack_shortlink":"https:\/\/wp.me\/pfweVl-gu","jetpack_sharing_enabled":true,"_links":{"self":[{"href":"https:\/\/nelsonrazo.com\/branding\/wp-json\/wp\/v2\/posts\/1022","targetHints":{"allow":["GET"]}}],"collection":[{"href":"https:\/\/nelsonrazo.com\/branding\/wp-json\/wp\/v2\/posts"}],"about":[{"href":"https:\/\/nelsonrazo.com\/branding\/wp-json\/wp\/v2\/types\/post"}],"author":[{"embeddable":true,"href":"https:\/\/nelsonrazo.com\/branding\/wp-json\/wp\/v2\/users\/3"}],"replies":[{"embeddable":true,"href":"https:\/\/nelsonrazo.com\/branding\/wp-json\/wp\/v2\/comments?post=1022"}],"version-history":[{"count":1,"href":"https:\/\/nelsonrazo.com\/branding\/wp-json\/wp\/v2\/posts\/1022\/revisions"}],"predecessor-version":[{"id":1532,"href":"https:\/\/nelsonrazo.com\/branding\/wp-json\/wp\/v2\/posts\/1022\/revisions\/1532"}],"wp:featuredmedia":[{"embeddable":true,"href":"https:\/\/nelsonrazo.com\/branding\/wp-json\/wp\/v2\/media\/1531"}],"wp:attachment":[{"href":"https:\/\/nelsonrazo.com\/branding\/wp-json\/wp\/v2\/media?parent=1022"}],"wp:term":[{"taxonomy":"category","embeddable":true,"href":"https:\/\/nelsonrazo.com\/branding\/wp-json\/wp\/v2\/categories?post=1022"},{"taxonomy":"post_tag","embeddable":true,"href":"https:\/\/nelsonrazo.com\/branding\/wp-json\/wp\/v2\/tags?post=1022"}],"curies":[{"name":"wp","href":"https:\/\/api.w.org\/{rel}","templated":true}]}}